{"id":95224,"date":"2026-09-04T10:32:15","date_gmt":"2026-09-04T07:32:15","guid":{"rendered":"https:\/\/giurgiu-net.ro\/?p=95224"},"modified":"2026-09-04T10:32:15","modified_gmt":"2026-09-04T07:32:15","slug":"psd-usr-dezinformeaza-oficialii-europeni-impotriva-romaniei-pentru-a-l-salva-pe-condamnatul-fritz","status":"publish","type":"post","link":"https:\/\/giurgiu-net.ro\/index.php\/2026\/09\/04\/psd-usr-dezinformeaza-oficialii-europeni-impotriva-romaniei-pentru-a-l-salva-pe-condamnatul-fritz\/","title":{"rendered":"PSD: &#8222;USR dezinformeaz\u0103 oficialii europeni, \u00eempotriva Rom\u00e2niei, pentru a-l salva pe condamnatul Fritz&#8221;"},"content":{"rendered":"\n<p class=\"wp-block-paragraph\">USR dezinformeaz\u0103 oficialii europeni, \u00eempotriva Rom\u00e2niei, pentru a-l salva pe condamnatul Fritz!<\/p>\n\n\n\n<p class=\"wp-block-paragraph\"><a href=\"https:\/\/www.facebook.com\/hashtag\/psd?__cft__[0]=AZjoZfBMehqpHfxhS6r7J3DxoFQq6jGcP2S3cOFLBbEH6y_Ld8MoekT819d7UuD8LeVATS_FxRsVuzvT-hAHa5Mfp6eYmdum40-IiOj1Lhpg51e1jDwMqwO1li_gpLw130fr6IdnOT4paFO70BZfCGIbmnK5sJqVYvZrm0F4_BLU97Ee-BisEGxTGr4&amp;__tn__=*NK-R\">#PSD<\/a> condamn\u0103 ferm ac\u021biunile incalificabile \u00eentreprinse de USR la nivelul Uniunii Europene \u00eempotriva Rom\u00e2niei, \u00een \u00eencercarea de a-l salva pe condamnatul Dominic Fritz de sanc\u021biunile legale aplicabile \u00een cazul conflictului de interese.<\/p>\n\n\n\n<p class=\"wp-block-paragraph\">\u00cencercarea USR de a dezinforma Parlamentul European \u0219i Comisia European\u0103 pentru a interveni cu rezolu\u021bii \u0219i sanc\u021biuni \u00eempotriva Rom\u00e2niei reprezint\u0103 un act iresponsabil de tr\u0103dare na\u021bional\u0103!<\/p>\n\n\n\n<p class=\"wp-block-paragraph\">Cei de la USR solicit\u0103 oficialilor europeni s\u0103 pedepseasc\u0103 Rom\u00e2nia, \u00een favoarea pre\u0219edintelui lor de partid, omi\u021b\u00e2nd s\u0103 precizeze c\u0103 acesta este un condamnat definitiv pentru conflict de interese!<\/p>\n\n\n\n<p class=\"wp-block-paragraph\">Este o campanie antina\u021bional\u0103, dar \u0219i antieuropean\u0103, pentru c\u0103 ac\u021bioneaz\u0103 \u00een total\u0103 contradic\u021bie cu standardele de integritate recomandate Rom\u00e2niei chiar de c\u0103tre Comisia European\u0103! Cazul condamnatului Fritz \u00eentrune\u0219te toate vulnerabilit\u0103\u021bile de integritate pe care Comisia European\u0103 le semnala Rom\u00e2niei \u00een analizele anticorup\u021bie \u0219i \u00een rapoartele anuale din cadrul Mecanismului de Cooperare \u0219i Verificare:<\/p>\n\n\n\n<p class=\"wp-block-paragraph\"><img loading=\"lazy\" decoding=\"async\" height=\"16\" width=\"16\" alt=\"\u25aa\ufe0f\" src=\"https:\/\/static.xx.fbcdn.net\/images\/emoji.php\/v9\/t4c\/1\/16\/25aa.png\">\u00cen Raportul anticorup\u021bie al UE privind Rom\u00e2nia din 2014, Comisia European\u0103 sublinia c\u0103 \u201eodat\u0103 definitive, deciziile de conflict de interese trebuie s\u0103 duc\u0103 la \u00eencetarea mandatului func\u021bionarului ales\u201d. Condamnatul Fritz \u0219i prefectul USR de Timi\u0219 au ignorat f\u0103r\u0103 ru\u0219ine acest principiu statuat de Comisia European\u0103, dar \u0219i \u00een jurispruden\u021ba \u00cenaltei Cur\u021bi de Casa\u021bie \u0219i Justi\u021bie din Rom\u00e2nia!<\/p>\n\n\n\n<p class=\"wp-block-paragraph\"><img loading=\"lazy\" decoding=\"async\" height=\"16\" width=\"16\" alt=\"\u25aa\ufe0f\" src=\"https:\/\/static.xx.fbcdn.net\/images\/emoji.php\/v9\/t4c\/1\/16\/25aa.png\"> \u00cen Raportul MCV din 2015, Comisia European\u0103 recomanda Rom\u00e2niei \u201es\u0103 adopte legi stricte \u00een materie de integritate\u201d \u00een cazul ale\u0219ilor locali, \u201eav\u00e2nd \u00een vedere rolul-cheie jucat de ace\u0219tia \u00een cadrul procedurilor de achizi\u021bii publice\u201d. \u00cen mod evident, amenda simbolic\u0103 aplicat\u0103 de prefectul USR condamnatului Fritz este pe contrasens cu recomandarea Comisiei Europene, dar \u0219i cu deciziile \u00ceCCJ.<\/p>\n\n\n\n<p class=\"wp-block-paragraph\"><img loading=\"lazy\" decoding=\"async\" height=\"16\" width=\"16\" alt=\"\u25aa\ufe0f\" src=\"https:\/\/static.xx.fbcdn.net\/images\/emoji.php\/v9\/t4c\/1\/16\/25aa.png\"> \u00cen ultimul Raport MCV din 2019, Comisia European\u0103 critica propunerile de modificare a sanc\u021biunilor aplicate pentru conflict de interese \u00een cazul ale\u0219ilor locali, cu un regim mai pu\u021bin exigent dec\u00e2t cel aflat \u00een vigoare. Este exact ceea ce au \u00eencercat s\u0103 fac\u0103 acum cei de la USR \u00een noua Lege a Integrit\u0103\u021bii, c\u00e2nd au propus amendamente care ar fi \u0219ters sanc\u021biunile aplicabile \u00een cazul condamn\u0103rii definitive a primarului Fritz \u0219i a altor ale\u0219i locali. Comisia European\u0103 ar\u0103ta atunci c\u0103 \u201eaplicarea unor sanc\u021biuni suficient de disuasive \u00een caz de incompatibilitate \u0219i conflict de interese reprezint\u0103 un element important \u00een prevenirea corup\u021biei\u201d!<\/p>\n\n\n\n<p class=\"wp-block-paragraph\">Din fericire, aceast\u0103 tentativ\u0103 a USR a fost respins\u0103 \u00een Parlament, iar amendamentul PSD privind norma tranzitorie a noii legisla\u021bii a vizat exact principiul Comisiei Europene enun\u021bat \u00eenc\u0103 din 2019, anume c\u0103 \u201eevolu\u021biile cu privire la legisla\u021bia \u00een materie de integritate s\u0103 fie clarificate pentru a se evita riscul ca sanc\u021biunile disuasive s\u0103 nu mai poat\u0103 fi aplicate \u00een urma unei hot\u0103r\u00e2ri judec\u0103tore\u0219ti definitive, ceea ce ar constitui un regres \u00een ceea ce prive\u0219te integritatea\u201d.<\/p>\n\n\n\n<p class=\"wp-block-paragraph\">Biroul de pres\u0103 al PSD<\/p>\n","protected":false},"excerpt":{"rendered":"<p>USR dezinformeaz\u0103 oficialii europeni, \u00eempotriva Rom\u00e2niei, pentru a-l salva pe condamnatul Fritz! #PSD condamn\u0103 ferm ac\u021biunile incalificabile \u00eentreprinse de USR la nivelul Uniunii Europene \u00eempotriva Rom\u00e2niei, \u00een \u00eencercarea de a-l salva pe condamnatul Dominic Fritz de sanc\u021biunile legale aplicabile \u00een cazul conflictului de interese. \u00cencercarea USR de a dezinforma Parlamentul European \u0219i Comisia European\u0103 pentru [&hellip;]<\/p>\n","protected":false},"author":1,"featured_media":95002,"comment_status":"open","ping_status":"open","sticky":false,"template":"","format":"standard","meta":{"slim_seo":{"title":"PSD: \"USR dezinformeaz\u0103 oficialii europeni, \u00eempotriva Rom\u00e2niei, pentru a-l salva pe condamnatul Fritz\" - GIURGIU NET","description":"USR dezinformeaz\u0103 oficialii europeni, \u00eempotriva Rom\u00e2niei, pentru a-l salva pe condamnatul Fritz! #PSD condamn\u0103 ferm ac\u021biunile incalificabile \u00eentreprinse de USR"},"footnotes":""},"categories":[18,19,25],"tags":[],"class_list":["post-95224","post","type-post","status-publish","format-standard","has-post-thumbnail","category-actual","category-adm","category-pol"],"_links":{"self":[{"href":"https:\/\/giurgiu-net.ro\/index.php\/wp-json\/wp\/v2\/posts\/95224","targetHints":{"allow":["GET"]}}],"collection":[{"href":"https:\/\/giurgiu-net.ro\/index.php\/wp-json\/wp\/v2\/posts"}],"about":[{"href":"https:\/\/giurgiu-net.ro\/index.php\/wp-json\/wp\/v2\/types\/post"}],"author":[{"embeddable":true,"href":"https:\/\/giurgiu-net.ro\/index.php\/wp-json\/wp\/v2\/users\/1"}],"replies":[{"embeddable":true,"href":"https:\/\/giurgiu-net.ro\/index.php\/wp-json\/wp\/v2\/comments?post=95224"}],"version-history":[{"count":1,"href":"https:\/\/giurgiu-net.ro\/index.php\/wp-json\/wp\/v2\/posts\/95224\/revisions"}],"predecessor-version":[{"id":95225,"href":"https:\/\/giurgiu-net.ro\/index.php\/wp-json\/wp\/v2\/posts\/95224\/revisions\/95225"}],"wp:featuredmedia":[{"embeddable":true,"href":"https:\/\/giurgiu-net.ro\/index.php\/wp-json\/wp\/v2\/media\/95002"}],"wp:attachment":[{"href":"https:\/\/giurgiu-net.ro\/index.php\/wp-json\/wp\/v2\/media?parent=95224"}],"wp:term":[{"taxonomy":"category","embeddable":true,"href":"https:\/\/giurgiu-net.ro\/index.php\/wp-json\/wp\/v2\/categories?post=95224"},{"taxonomy":"post_tag","embeddable":true,"href":"https:\/\/giurgiu-net.ro\/index.php\/wp-json\/wp\/v2\/tags?post=95224"}],"curies":[{"name":"wp","href":"https:\/\/api.w.org\/{rel}","templated":true}]}}