{"id":95211,"date":"2026-09-01T15:45:14","date_gmt":"2026-09-01T12:45:14","guid":{"rendered":"https:\/\/giurgiu-net.ro\/?p=95211"},"modified":"2026-09-01T15:45:15","modified_gmt":"2026-09-01T12:45:15","slug":"deputat-marian-mina-cand-e-de-taiat-panglici-bolojan-e-primul-cand-e-de-platit-nota-de-plata-brusc-nu-mai-e-responsabil-de-nimic","status":"publish","type":"post","link":"https:\/\/giurgiu-net.ro\/index.php\/2026\/09\/01\/deputat-marian-mina-cand-e-de-taiat-panglici-bolojan-e-primul-cand-e-de-platit-nota-de-plata-brusc-nu-mai-e-responsabil-de-nimic\/","title":{"rendered":"Deputat Marian Mina: &#8222;C\u00e2nd e de t\u0103iat panglici, Bolojan e primul. C\u00e2nd e de pl\u0103tit nota de plat\u0103, brusc nu mai e responsabil de nimic&#8221;"},"content":{"rendered":"\n<p class=\"wp-block-paragraph\">C\u00e2nd e de t\u0103iat panglici, Bolojan e primul. C\u00e2nd e de pl\u0103tit nota de plat\u0103, brusc nu mai e responsabil de nimic. Convenabil, dar ridicol.<\/p>\n\n\n\n<p class=\"wp-block-paragraph\">La autostr\u0103zile construite \u0219i la proiectele realizate de Sorin Grindeanu, Guvernul MINUS apare repede la poz\u0103 \u0219i la bilan\u021b. La banii pierdu\u021bi din PNRR? \u201eNoi n-avem nicio responsabilitate.\u201d<\/p>\n\n\n\n<p class=\"wp-block-paragraph\">La Legea salariz\u0103rii? Bolojan \u0219i P\u00eeslaru au gestionat-o direct \u0219i au prezentat-o triumfal drept varianta \u201ede nerefuzat\u201d. Numai c\u0103 a fost refuzat\u0103.<\/p>\n\n\n\n<p class=\"wp-block-paragraph\">La Energie? PNL a avut aproape un deceniu Ministerul Energiei, dar c\u00e2nd trebuie explicate problemele sistemului energetic rom\u00e2nesc, vinova\u021bii trebuie c\u0103uta\u021bi, bine\u00een\u021beles, \u00een alt\u0103 parte.<\/p>\n\n\n\n<p class=\"wp-block-paragraph\">Ce guvernare comod\u0103! S\u0103 iei meritele cu lopata \u0219i responsabilitatea cu penseta.<\/p>\n\n\n\n<p class=\"wp-block-paragraph\">Bolojan s-a ag\u0103\u021bat de func\u021bie \u0219i a blocat formarea unui guvern cu puteri depline, capabil s\u0103 gestioneze ultimele jaloane din PNRR. Acum, c\u00e2nd Rom\u00e2nia pierde bani europeni, ne explic\u0103 faptul c\u0103 el \u0219i Guvernul s\u0103u n-au nicio vin\u0103.<\/p>\n\n\n\n<p class=\"wp-block-paragraph\">Nu, domnule Bolojan! Nu e\u0219ti premier doar c\u00e2nd se taie panglici. E\u0219ti premier \u0219i c\u00e2nd se rateaz\u0103 jaloane!<\/p>\n\n\n\n<p class=\"wp-block-paragraph\">Nu po\u021bi conduce Rom\u00e2nia cu principiul: \u201ece merge e al meu, ce se stric\u0103 e al vostru\u201d. Rom\u00e2nii s-au s\u0103turat de \u201egreaua mo\u0219tenire\u201d, de vinova\u021bi inventa\u021bi \u0219i de eterna fug\u0103 de r\u0103spundere.<\/p>\n\n\n\n<p class=\"wp-block-paragraph\">Un premier care revendic\u0103 realiz\u0103rile, dar refuz\u0103 responsabilitatea pentru e\u0219ecuri, nu conduce. Doar ocup\u0103 func\u021bia. Iar dac\u0103 Guvernul Bolojan chiar \u201enu are nicio responsabilitate\u201d, atunci \u00eentrebarea devine inevitabil\u0103:<\/p>\n\n\n\n<p class=\"wp-block-paragraph\">CE MAI CAUT\u0102 BOLOJAN LA PALATUL VICTORIA? &#8211; pre\u015fedinte PSD Giurgiu, deputat Marian Mina.<\/p>\n","protected":false},"excerpt":{"rendered":"<p>C\u00e2nd e de t\u0103iat panglici, Bolojan e primul. C\u00e2nd e de pl\u0103tit nota de plat\u0103, brusc nu mai e responsabil de nimic. Convenabil, dar ridicol. La autostr\u0103zile construite \u0219i la proiectele realizate de Sorin Grindeanu, Guvernul MINUS apare repede la poz\u0103 \u0219i la bilan\u021b. La banii pierdu\u021bi din PNRR? \u201eNoi n-avem nicio responsabilitate.\u201d La Legea [&hellip;]<\/p>\n","protected":false},"author":1,"featured_media":95212,"comment_status":"open","ping_status":"open","sticky":false,"template":"","format":"standard","meta":{"slim_seo":{"title":"Deputat Marian Mina: \"C\u00e2nd e de t\u0103iat panglici, Bolojan e primul. C\u00e2nd e de pl\u0103tit nota de plat\u0103, brusc nu mai e responsabil de nimic\" - GIURGIU NET","description":"C\u00e2nd e de t\u0103iat panglici, Bolojan e primul. C\u00e2nd e de pl\u0103tit nota de plat\u0103, brusc nu mai e responsabil de nimic. Convenabil, dar ridicol. La autostr\u0103zile constr"},"footnotes":""},"categories":[18,19,25],"tags":[1626],"class_list":["post-95211","post","type-post","status-publish","format-standard","has-post-thumbnail","category-actual","category-adm","category-pol","tag-marian-mina"],"_links":{"self":[{"href":"https:\/\/giurgiu-net.ro\/index.php\/wp-json\/wp\/v2\/posts\/95211","targetHints":{"allow":["GET"]}}],"collection":[{"href":"https:\/\/giurgiu-net.ro\/index.php\/wp-json\/wp\/v2\/posts"}],"about":[{"href":"https:\/\/giurgiu-net.ro\/index.php\/wp-json\/wp\/v2\/types\/post"}],"author":[{"embeddable":true,"href":"https:\/\/giurgiu-net.ro\/index.php\/wp-json\/wp\/v2\/users\/1"}],"replies":[{"embeddable":true,"href":"https:\/\/giurgiu-net.ro\/index.php\/wp-json\/wp\/v2\/comments?post=95211"}],"version-history":[{"count":1,"href":"https:\/\/giurgiu-net.ro\/index.php\/wp-json\/wp\/v2\/posts\/95211\/revisions"}],"predecessor-version":[{"id":95213,"href":"https:\/\/giurgiu-net.ro\/index.php\/wp-json\/wp\/v2\/posts\/95211\/revisions\/95213"}],"wp:featuredmedia":[{"embeddable":true,"href":"https:\/\/giurgiu-net.ro\/index.php\/wp-json\/wp\/v2\/media\/95212"}],"wp:attachment":[{"href":"https:\/\/giurgiu-net.ro\/index.php\/wp-json\/wp\/v2\/media?parent=95211"}],"wp:term":[{"taxonomy":"category","embeddable":true,"href":"https:\/\/giurgiu-net.ro\/index.php\/wp-json\/wp\/v2\/categories?post=95211"},{"taxonomy":"post_tag","embeddable":true,"href":"https:\/\/giurgiu-net.ro\/index.php\/wp-json\/wp\/v2\/tags?post=95211"}],"curies":[{"name":"wp","href":"https:\/\/api.w.org\/{rel}","templated":true}]}}