{"id":95202,"date":"2026-09-01T09:59:45","date_gmt":"2026-09-01T06:59:45","guid":{"rendered":"https:\/\/giurgiu-net.ro\/?p=95202"},"modified":"2026-09-01T09:59:46","modified_gmt":"2026-09-01T06:59:46","slug":"psd-usr-s-a-transformat-fara-rusine-in-partidul-penalilor-si-al-condamnatilor-in-functii-publice","status":"publish","type":"post","link":"https:\/\/giurgiu-net.ro\/index.php\/2026\/09\/01\/psd-usr-s-a-transformat-fara-rusine-in-partidul-penalilor-si-al-condamnatilor-in-functii-publice\/","title":{"rendered":"PSD: &#8222;USR s-a transformat, f\u0103r\u0103 ru\u015fine, \u00een partidul penalilor \u015fi al condamna\u0163ilor \u00een func\u0163ii publice&#8221;"},"content":{"rendered":"\n<p class=\"wp-block-paragraph\">USR S-A TRANSFORMAT, F\u0102R\u0102 RU\u0218INE, \u00ceN PARTIDUL PENALILOR \u0218I CONDAMNA\u021aILOR \u00ceN FUNC\u021aII PUBLICE<\/p>\n\n\n\n<p class=\"wp-block-paragraph\">USR a c\u0103zut \u00een propria minciun\u0103! Dup\u0103 ce Clotilde Armand a fost condamnat\u0103 \u00een prim\u0103 instan\u021b\u0103 \u0219i dup\u0103 ce pre\u0219edintele USR, condamnatul Fritz, \u0219i-a pierdut mandatul de primar din cauza conflictului de interese, USR \u00ee\u0219i demonstreaz\u0103 din plin duplicitatea \u0219i criza moral\u0103 profund\u0103 \u00een care se afl\u0103.<\/p>\n\n\n\n<p class=\"wp-block-paragraph\">PSD aminte\u0219te opiniei publice c\u0103, \u00een timpul campaniei electorale preziden\u021biale din 2024, \u00eentr-un exces de populism, membrii Biroului Na\u021bional al USR au votat \u00een unanimitate o rezolu\u021bie care stabilea c\u0103 \u201eorice membru USR care este condamnat penal pentru o infrac\u021biune s\u0103v\u00e2r\u0219it\u0103 cu inten\u021bie, \u00een prim\u0103 instan\u021b\u0103, va fi exclus din partid dac\u0103 nu \u00ee\u0219i va da demisia din USR\u201d.<\/p>\n\n\n\n<p class=\"wp-block-paragraph\">Acum \u00eens\u0103, \u00een pofida condamn\u0103rii primite de Clotilde Armand, nimeni din conducerea USR nu a dispus aplicarea rezolu\u021biei din 2024 \u0219i excluderea INFRACTOAREI din partid. Dimpotriv\u0103, PENALA CONDAMNAT\u0102 Clotilde Armand, sus\u021bine cu un tupeu f\u0103r\u0103 margini c\u0103 va face \u00een continuare politic\u0103 \u00een USR, pe motiv c\u0103 pedeapsa cu \u00eenchisoarea pe care a primit-o nu este cu executare!<\/p>\n\n\n\n<p class=\"wp-block-paragraph\">PSD aminte\u0219te c\u0103, ani la r\u00e2nd, USR a c\u0103lcat \u00een picioare prezum\u021bia constitu\u021bional\u0103 de nevinov\u0103\u021bie, cer\u00e2nd cu agresivitate politicienilor din alte partide \u201es\u0103 fac\u0103 pasul \u00een spate\u201d, cu mult \u00eenainte de a fi judeca\u021bi sau condamna\u021bi definitiv.<\/p>\n\n\n\n<p class=\"wp-block-paragraph\">Acum \u00eens\u0103, fal\u0219ii deontologi din USR fac scut \u00een jurul penalilor \u0219i condamna\u021bilor din partidul lor \u0219i atac\u0103 orbe\u0219te Justi\u021bia, instan\u021bele de judecat\u0103 \u0219i statul de drept din Rom\u00e2nia!<\/p>\n\n\n\n<p class=\"wp-block-paragraph\">Ru\u0219ine penalilor \u0219i condamna\u021bilor din USR!<\/p>\n\n\n\n<p class=\"wp-block-paragraph\">USR este acum PARTIDUL PENALILOR \u0218I CONDAMNA\u021aILOR \u00ceN FUNC\u021aII PUBLICE!<\/p>\n\n\n\n<p class=\"wp-block-paragraph\">Biroul de pres\u0103 al PSD<\/p>\n\n\n\n<p class=\"wp-block-paragraph\">Foto: Facebook- Marian Mina<\/p>\n","protected":false},"excerpt":{"rendered":"<p>USR S-A TRANSFORMAT, F\u0102R\u0102 RU\u0218INE, \u00ceN PARTIDUL PENALILOR \u0218I CONDAMNA\u021aILOR \u00ceN FUNC\u021aII PUBLICE USR a c\u0103zut \u00een propria minciun\u0103! Dup\u0103 ce Clotilde Armand a fost condamnat\u0103 \u00een prim\u0103 instan\u021b\u0103 \u0219i dup\u0103 ce pre\u0219edintele USR, condamnatul Fritz, \u0219i-a pierdut mandatul de primar din cauza conflictului de interese, USR \u00ee\u0219i demonstreaz\u0103 din plin duplicitatea \u0219i criza moral\u0103 [&hellip;]<\/p>\n","protected":false},"author":1,"featured_media":95203,"comment_status":"open","ping_status":"open","sticky":false,"template":"","format":"standard","meta":{"slim_seo":{"title":"PSD: \"USR s-a transformat, f\u0103r\u0103 ru\u015fine, \u00een partidul penalilor \u015fi al condamna\u0163ilor \u00een func\u0163ii publice\" - GIURGIU NET","description":"USR S-A TRANSFORMAT, F\u0102R\u0102 RU\u0218INE, \u00ceN PARTIDUL PENALILOR \u0218I CONDAMNA\u021aILOR \u00ceN FUNC\u021aII PUBLICE USR a c\u0103zut \u00een propria minciun\u0103! Dup\u0103 ce Clotilde Armand a fost cond"},"footnotes":""},"categories":[18,25],"tags":[2256],"class_list":["post-95202","post","type-post","status-publish","format-standard","has-post-thumbnail","category-actual","category-pol","tag-psd-giurgiu"],"_links":{"self":[{"href":"https:\/\/giurgiu-net.ro\/index.php\/wp-json\/wp\/v2\/posts\/95202","targetHints":{"allow":["GET"]}}],"collection":[{"href":"https:\/\/giurgiu-net.ro\/index.php\/wp-json\/wp\/v2\/posts"}],"about":[{"href":"https:\/\/giurgiu-net.ro\/index.php\/wp-json\/wp\/v2\/types\/post"}],"author":[{"embeddable":true,"href":"https:\/\/giurgiu-net.ro\/index.php\/wp-json\/wp\/v2\/users\/1"}],"replies":[{"embeddable":true,"href":"https:\/\/giurgiu-net.ro\/index.php\/wp-json\/wp\/v2\/comments?post=95202"}],"version-history":[{"count":1,"href":"https:\/\/giurgiu-net.ro\/index.php\/wp-json\/wp\/v2\/posts\/95202\/revisions"}],"predecessor-version":[{"id":95204,"href":"https:\/\/giurgiu-net.ro\/index.php\/wp-json\/wp\/v2\/posts\/95202\/revisions\/95204"}],"wp:featuredmedia":[{"embeddable":true,"href":"https:\/\/giurgiu-net.ro\/index.php\/wp-json\/wp\/v2\/media\/95203"}],"wp:attachment":[{"href":"https:\/\/giurgiu-net.ro\/index.php\/wp-json\/wp\/v2\/media?parent=95202"}],"wp:term":[{"taxonomy":"category","embeddable":true,"href":"https:\/\/giurgiu-net.ro\/index.php\/wp-json\/wp\/v2\/categories?post=95202"},{"taxonomy":"post_tag","embeddable":true,"href":"https:\/\/giurgiu-net.ro\/index.php\/wp-json\/wp\/v2\/tags?post=95202"}],"curies":[{"name":"wp","href":"https:\/\/api.w.org\/{rel}","templated":true}]}}