{"id":95198,"date":"2026-08-31T10:22:45","date_gmt":"2026-08-31T07:22:45","guid":{"rendered":"https:\/\/giurgiu-net.ro\/?p=95198"},"modified":"2026-08-31T10:22:58","modified_gmt":"2026-08-31T07:22:58","slug":"deputat-marian-mina-ilie-bolojan-a-mai-gasit-ceva-de-inaugurat-din-fericire-pentru-el-au-construit-altii-inainte-altfel-n-ar-fi-avut-ce-panglica-sa-taie","status":"publish","type":"post","link":"https:\/\/giurgiu-net.ro\/index.php\/2026\/08\/31\/deputat-marian-mina-ilie-bolojan-a-mai-gasit-ceva-de-inaugurat-din-fericire-pentru-el-au-construit-altii-inainte-altfel-n-ar-fi-avut-ce-panglica-sa-taie\/","title":{"rendered":"Deputat Marian Mina: &#8222;Ilie Bolojan a mai g\u0103sit ceva de inaugurat. Din fericire pentru el, au construit al\u021bii \u00eenainte, altfel n-ar fi avut ce panglic\u0103 s\u0103 taie!&#8221;"},"content":{"rendered":"\n<p class=\"wp-block-paragraph\">Guvernul MINUS se laud\u0103 cu PLUSUL altora!<\/p>\n\n\n\n<p class=\"wp-block-paragraph\">Ilie Bolojan a mai g\u0103sit ceva de inaugurat. Din fericire pentru el, au construit al\u021bii \u00eenainte, altfel n-ar fi avut ce panglic\u0103 s\u0103 taie!<\/p>\n\n\n\n<p class=\"wp-block-paragraph\">Premierul demis Bolojan se \u00eemp\u0103uneaz\u0103 ast\u0103zi cu \u00eenc\u0103 un tronson din Autostrada Moldovei, de parc\u0103 ar avea vreun merit pentru el.<\/p>\n\n\n\n<p class=\"wp-block-paragraph\">Nu are!<\/p>\n\n\n\n<p class=\"wp-block-paragraph\">Autostr\u0103zile pe care Bolojan se fotografiaz\u0103 acum sunt rezultatul muncii f\u0103cute \u00een mandatul lui Sorin Grindeanu la Ministerul Transporturilor. Atunci s-au schimbat proceduri, s-au accelerat \u0219antiere, s-au deblocat proiecte \u0219i s-a impus constructorilor un ritm pe care Rom\u00e2nia nu \u00eel mai v\u0103zuse.<\/p>\n\n\n\n<p class=\"wp-block-paragraph\">Rezultatul? 400 de kilometri de autostrad\u0103 \u0219i drum expres da\u021bi \u00een circula\u021bie, proiecte terminate \u00eenainte de termen \u0219i investi\u021bii \u00eempinse \u00eenainte \u00eentr-un ritm record.<\/p>\n\n\n\n<p class=\"wp-block-paragraph\">Bolojan a venit dup\u0103 aceea. \u0218i acum pozeaz\u0103 l\u00e2ng\u0103 rezultat. Pentru c\u0103, atunci c\u00e2nd vine vorba despre propriul bilan\u021b, premierul Guvernului Minus are o problem\u0103: nu prea g\u0103se\u0219te PLUSURI.<\/p>\n\n\n\n<p class=\"wp-block-paragraph\">\u00cen schimb, la MINUSURI, are de unde alege:<\/p>\n\n\n\n<p class=\"wp-block-paragraph\">&#8211; PIB: -0,8% \u00een primul semestru<\/p>\n\n\n\n<p class=\"wp-block-paragraph\">&#8211; Consum: 11 luni consecutive de sc\u0103dere<\/p>\n\n\n\n<p class=\"wp-block-paragraph\">&#8211; PNRR: minus 10 miliarde de euro<\/p>\n\n\n\n<p class=\"wp-block-paragraph\">&#8211; Investi\u021bii str\u0103ine: -82% \u00een primul semestru<\/p>\n\n\n\n<p class=\"wp-block-paragraph\">&#8211; Puterea de cump\u0103rare a pensionarilor: cea mai mare sc\u0103dere din ultimii 25 de ani<\/p>\n\n\n\n<p class=\"wp-block-paragraph\">&#8211; Puterea de cump\u0103rare a salaria\u021bilor: cea mai mare sc\u0103dere din ultimii 15 ani<\/p>\n\n\n\n<p class=\"wp-block-paragraph\">&#8211; Mame \u0219i veterani: -10%<\/p>\n\n\n\n<p class=\"wp-block-paragraph\">&#8211; Locuri de munc\u0103: minus 60.000<\/p>\n\n\n\n<p class=\"wp-block-paragraph\">&#8211; Firme: minus 10.000<\/p>\n\n\n\n<p class=\"wp-block-paragraph\">&#8211; Produc\u021bie industrial\u0103: -3,3% \u00een primele \u0219ase luni<\/p>\n\n\n\n<p class=\"wp-block-paragraph\">&#8211; HORECA: -21% la hoteluri \u0219i -11,5% la restaurante<\/p>\n\n\n\n<p class=\"wp-block-paragraph\">&#8211; Iar 80% dintre rom\u00e2ni consider\u0103 c\u0103 \u021bara merge \u00eentr-o direc\u021bie gre\u0219it\u0103.<\/p>\n\n\n\n<p class=\"wp-block-paragraph\">\u0102sta este bilan\u021bul cu semn\u0103tura lui Ilie Bolojan!<\/p>\n\n\n\n<p class=\"wp-block-paragraph\">E simplu s\u0103 inaugurezi ce au construit al\u021bii. E \u0219i mai simplu s\u0103 te fotografiezi l\u00e2ng\u0103 munca lor \u0219i s\u0103 \u00eencerci s\u0103 \u00eemprumu\u021bi pu\u021bin din succes. Mai greu este s\u0103 ar\u0103\u021bi ce ai construit TU. Iar aici, Ilie Bolojan r\u0103m\u00e2ne cu m\u00e2na goal\u0103.<\/p>\n\n\n\n<p class=\"wp-block-paragraph\"><img loading=\"lazy\" decoding=\"async\" height=\"16\" width=\"16\" src=\"https:\/\/static.xx.fbcdn.net\/images\/emoji.php\/v9\/tac\/1\/16\/1f4cc.png\" alt=\"\ud83d\udccc\">Grindeanu a l\u0103sat kilometri de autostrad\u0103, Bolojan las\u0103 kilometri de minusuri! &#8211; pre\u015fedinte PSD Giurgiu, deputat Marian Mina.<\/p>\n","protected":false},"excerpt":{"rendered":"<p>Guvernul MINUS se laud\u0103 cu PLUSUL altora! Ilie Bolojan a mai g\u0103sit ceva de inaugurat. Din fericire pentru el, au construit al\u021bii \u00eenainte, altfel n-ar fi avut ce panglic\u0103 s\u0103 taie! Premierul demis Bolojan se \u00eemp\u0103uneaz\u0103 ast\u0103zi cu \u00eenc\u0103 un tronson din Autostrada Moldovei, de parc\u0103 ar avea vreun merit pentru el. Nu are! Autostr\u0103zile [&hellip;]<\/p>\n","protected":false},"author":1,"featured_media":95199,"comment_status":"open","ping_status":"open","sticky":false,"template":"","format":"standard","meta":{"slim_seo":{"title":"Deputat Marian Mina: \"Ilie Bolojan a mai g\u0103sit ceva de inaugurat. Din fericire pentru el, au construit al\u021bii \u00eenainte, altfel n-ar fi avut ce panglic\u0103 s\u0103 taie!\" - GIURGIU NET","description":"Guvernul MINUS se laud\u0103 cu PLUSUL altora! Ilie Bolojan a mai g\u0103sit ceva de inaugurat. Din fericire pentru el, au construit al\u021bii \u00eenainte, altfel n-ar fi avut ce"},"footnotes":""},"categories":[18,19,25],"tags":[1626],"class_list":["post-95198","post","type-post","status-publish","format-standard","has-post-thumbnail","category-actual","category-adm","category-pol","tag-marian-mina"],"_links":{"self":[{"href":"https:\/\/giurgiu-net.ro\/index.php\/wp-json\/wp\/v2\/posts\/95198","targetHints":{"allow":["GET"]}}],"collection":[{"href":"https:\/\/giurgiu-net.ro\/index.php\/wp-json\/wp\/v2\/posts"}],"about":[{"href":"https:\/\/giurgiu-net.ro\/index.php\/wp-json\/wp\/v2\/types\/post"}],"author":[{"embeddable":true,"href":"https:\/\/giurgiu-net.ro\/index.php\/wp-json\/wp\/v2\/users\/1"}],"replies":[{"embeddable":true,"href":"https:\/\/giurgiu-net.ro\/index.php\/wp-json\/wp\/v2\/comments?post=95198"}],"version-history":[{"count":2,"href":"https:\/\/giurgiu-net.ro\/index.php\/wp-json\/wp\/v2\/posts\/95198\/revisions"}],"predecessor-version":[{"id":95201,"href":"https:\/\/giurgiu-net.ro\/index.php\/wp-json\/wp\/v2\/posts\/95198\/revisions\/95201"}],"wp:featuredmedia":[{"embeddable":true,"href":"https:\/\/giurgiu-net.ro\/index.php\/wp-json\/wp\/v2\/media\/95199"}],"wp:attachment":[{"href":"https:\/\/giurgiu-net.ro\/index.php\/wp-json\/wp\/v2\/media?parent=95198"}],"wp:term":[{"taxonomy":"category","embeddable":true,"href":"https:\/\/giurgiu-net.ro\/index.php\/wp-json\/wp\/v2\/categories?post=95198"},{"taxonomy":"post_tag","embeddable":true,"href":"https:\/\/giurgiu-net.ro\/index.php\/wp-json\/wp\/v2\/tags?post=95198"}],"curies":[{"name":"wp","href":"https:\/\/api.w.org\/{rel}","templated":true}]}}