{"id":94338,"date":"2026-04-29T15:00:39","date_gmt":"2026-04-29T12:00:39","guid":{"rendered":"https:\/\/giurgiu-net.ro\/?p=94338"},"modified":"2026-04-29T15:00:39","modified_gmt":"2026-04-29T12:00:39","slug":"deputat-marian-mina-romania-nu-mai-poate-fi-condusa-prin-decizii-luate-pe-ascuns-impotriva-propriilor-cetateni-ilie-bolojan-trebuie-sa-plece","status":"publish","type":"post","link":"https:\/\/giurgiu-net.ro\/index.php\/2026\/04\/29\/deputat-marian-mina-romania-nu-mai-poate-fi-condusa-prin-decizii-luate-pe-ascuns-impotriva-propriilor-cetateni-ilie-bolojan-trebuie-sa-plece\/","title":{"rendered":"Deputat Marian Mina: &#8222;Rom\u00e2nia NU mai poate fi condus\u0103 prin decizii luate pe ascuns, \u00eempotriva propriilor cet\u0103\u021beni. Ilie Bolojan trebuie S\u0102 PLECE!&#8221;"},"content":{"rendered":"\n<p>Rom\u00e2nia NU mai poate fi condus\u0103 prin decizii luate pe ascuns, \u00eempotriva propriilor cet\u0103\u021beni. \ud835\udc08\ud835\udc25\ud835\udc22\ud835\udc1e \ud835\udc01\ud835\udc28\ud835\udc25\ud835\udc28\ud835\udc23\ud835\udc1a\ud835\udc27 \ud835\udc2d\ud835\udc2b\ud835\udc1e\ud835\udc1b\ud835\udc2e\ud835\udc22\ud835\udc1e \ud835\udc12\ud835\udc00\u0306 \ud835\udc0f\ud835\udc0b\ud835\udc04\ud835\udc02\ud835\udc04!<\/p>\n\n\n\n<p>Nu pentru c\u0103 ar fi \u201cgre\u0219it\u201d, ci pentru c\u0103 a ales CON\u015eTIENT s\u0103 loveasc\u0103 exact \u00een cei care \u021bin \u021bara \u00een picioare.<\/p>\n\n\n\n<p>A vrut s\u0103 v\u00e2nd\u0103 pe nimic companiile profitabile ale statului, pe repede \u00eenainte, f\u0103r\u0103 transparen\u021b\u0103. A t\u0103iat veniturile rom\u00e2nilor, dar a l\u0103sat risipa bugetar\u0103 neatins\u0103. A pus presiune pe firmele rom\u00e2ne\u0219ti, \u00een timp ce multina\u021bionalele au fost menajate.<\/p>\n\n\n\n<p>Rezultatul? Infla\u021bie explodat\u0103 &#8211; printre cele mai mari din Europa, industrie \u00een picaj, produc\u021bie sufocat\u0103, zeci de mii de oameni r\u0103ma\u0219i f\u0103r\u0103 loc de munc\u0103.<\/p>\n\n\n\n<p>A taxat mamele \u0219i veteranii, dar a g\u0103sit miliarde pentru cheltuieli discutabile, a lovit <a href=\"https:\/\/www.facebook.com\/hashtag\/agricultura?__cft__[0]=AZYyaEmlvBWdMbDFhHiCjGYE3mEKpSvVTWA-XIpoTyuPu_VXXuPVHkEX2I7TPSNwTojF-h1YQkEM9K6H39yYOFsrNFTVrphQpMifFod__mNitQHPaforeRR2kd38SpabBqSkx64Ato0e0Z_hkXEDq7xS&amp;__tn__=*NK-R\">#agricultura<\/a> prin decizii luate pe ascuns \u0219i a blocat m\u0103suri care i-ar fi ajutat pe fermieri.<\/p>\n\n\n\n<p>Consumul s-a pr\u0103bu\u0219it, economia se clatin\u0103 iar Rom\u00e2nia intr\u0103 \u00een recesiune. Asta NU mai este guvernare. Este S\u0102R\u0102CIREA popula\u0163iei \u015fi E\u015eEC pe linie. Rom\u00e2nii NU trebuie s\u0103 pl\u0103teasc\u0103 pentru deciziile gre\u0219ite ale unui om care a pierdut contactul cu realitatea. Gata, Ilie Bolojan trebuie S\u0102 PLECE! &#8211; pre\u015fedinte PSD Giurgiu, deputat Marian Mina.<\/p>\n","protected":false},"excerpt":{"rendered":"<p>Rom\u00e2nia NU mai poate fi condus\u0103 prin decizii luate pe ascuns, \u00eempotriva propriilor cet\u0103\u021beni. \ud835\udc08\ud835\udc25\ud835\udc22\ud835\udc1e \ud835\udc01\ud835\udc28\ud835\udc25\ud835\udc28\ud835\udc23\ud835\udc1a\ud835\udc27 \ud835\udc2d\ud835\udc2b\ud835\udc1e\ud835\udc1b\ud835\udc2e\ud835\udc22\ud835\udc1e \ud835\udc12\ud835\udc00\u0306 \ud835\udc0f\ud835\udc0b\ud835\udc04\ud835\udc02\ud835\udc04! Nu pentru c\u0103 ar fi \u201cgre\u0219it\u201d, ci pentru c\u0103 a ales CON\u015eTIENT s\u0103 loveasc\u0103 exact \u00een cei care \u021bin \u021bara \u00een picioare. A vrut s\u0103 v\u00e2nd\u0103 pe nimic companiile profitabile ale statului, pe repede \u00eenainte, f\u0103r\u0103 [&hellip;]<\/p>\n","protected":false},"author":1,"featured_media":94339,"comment_status":"open","ping_status":"open","sticky":false,"template":"","format":"standard","meta":{"slim_seo":{"title":"Deputat Marian Mina: \"Rom\u00e2nia NU mai poate fi condus\u0103 prin decizii luate pe ascuns, \u00eempotriva propriilor cet\u0103\u021beni. Ilie Bolojan trebuie S\u0102 PLECE!\" - GIURGIU NET","description":"Rom\u00e2nia NU mai poate fi condus\u0103 prin decizii luate pe ascuns, \u00eempotriva propriilor cet\u0103\u021beni. \ud835\udc08\ud835\udc25\ud835\udc22\ud835\udc1e \ud835\udc01\ud835\udc28\ud835\udc25\ud835\udc28\ud835\udc23\ud835\udc1a\ud835\udc27 \ud835\udc2d\ud835\udc2b\ud835\udc1e\ud835\udc1b\ud835\udc2e\ud835\udc22\ud835\udc1e \ud835\udc12\ud835\udc00\u0306 \ud835\udc0f\ud835\udc0b\ud835\udc04\ud835\udc02\ud835\udc04! Nu pentru c\u0103 ar fi \u201cgre\u0219it\u201d, ci pen"},"footnotes":""},"categories":[18,19,25],"tags":[1626],"class_list":{"0":"post-94338","1":"post","2":"type-post","3":"status-publish","4":"format-standard","5":"has-post-thumbnail","7":"category-actual","8":"category-adm","9":"category-pol","10":"tag-marian-mina"},"_links":{"self":[{"href":"https:\/\/giurgiu-net.ro\/index.php\/wp-json\/wp\/v2\/posts\/94338","targetHints":{"allow":["GET"]}}],"collection":[{"href":"https:\/\/giurgiu-net.ro\/index.php\/wp-json\/wp\/v2\/posts"}],"about":[{"href":"https:\/\/giurgiu-net.ro\/index.php\/wp-json\/wp\/v2\/types\/post"}],"author":[{"embeddable":true,"href":"https:\/\/giurgiu-net.ro\/index.php\/wp-json\/wp\/v2\/users\/1"}],"replies":[{"embeddable":true,"href":"https:\/\/giurgiu-net.ro\/index.php\/wp-json\/wp\/v2\/comments?post=94338"}],"version-history":[{"count":1,"href":"https:\/\/giurgiu-net.ro\/index.php\/wp-json\/wp\/v2\/posts\/94338\/revisions"}],"predecessor-version":[{"id":94340,"href":"https:\/\/giurgiu-net.ro\/index.php\/wp-json\/wp\/v2\/posts\/94338\/revisions\/94340"}],"wp:featuredmedia":[{"embeddable":true,"href":"https:\/\/giurgiu-net.ro\/index.php\/wp-json\/wp\/v2\/media\/94339"}],"wp:attachment":[{"href":"https:\/\/giurgiu-net.ro\/index.php\/wp-json\/wp\/v2\/media?parent=94338"}],"wp:term":[{"taxonomy":"category","embeddable":true,"href":"https:\/\/giurgiu-net.ro\/index.php\/wp-json\/wp\/v2\/categories?post=94338"},{"taxonomy":"post_tag","embeddable":true,"href":"https:\/\/giurgiu-net.ro\/index.php\/wp-json\/wp\/v2\/tags?post=94338"}],"curies":[{"name":"wp","href":"https:\/\/api.w.org\/{rel}","templated":true}]}}