{"id":94328,"date":"2026-04-29T10:25:54","date_gmt":"2026-04-29T07:25:54","guid":{"rendered":"https:\/\/giurgiu-net.ro\/?p=94328"},"modified":"2026-04-29T10:25:55","modified_gmt":"2026-04-29T07:25:55","slug":"psd-si-a-retras-toti-reprezentantii-din-functiile-politice-guvernamentale","status":"publish","type":"post","link":"https:\/\/giurgiu-net.ro\/index.php\/2026\/04\/29\/psd-si-a-retras-toti-reprezentantii-din-functiile-politice-guvernamentale\/","title":{"rendered":"PSD \u0219i-a retras to\u021bi reprezentan\u021bii din func\u021biile politice guvernamentale"},"content":{"rendered":"\n<p>PSD anun\u021b\u0103 c\u0103 to\u021bi reprezentan\u021bii s\u0103i care ocupau \u00een Guvern func\u021biile de secretar de stat, subsecretar de stat, prefect sau subprefect au demisionat \u00een urma deciziei partidului de a depune o mo\u021biune de cenzur\u0103 pentru demiterea prim-ministrului Ilie Bolojan.<\/p>\n\n\n\n<p>Demisiile tuturor reprezentan\u021bilor social-democra\u021bi din structurile guvernamentale constituie un act de demnitate, \u00een deplin\u0103 consecven\u021b\u0103 cu demersurile PSD \u00een plan parlamentar.<\/p>\n\n\n\n<p>PSD consider\u0103 c\u0103 schimbarea modului de guvernare \u0219i oprirea declinului economiei na\u021bionale reprezint\u0103 \u00een acest moment o miz\u0103 mult mai important\u0103 dec\u00e2t men\u021binerea unor func\u021bii sau portofolii \u00eentr-un guvern nefunc\u021bional.<\/p>\n\n\n\n<p>Biroul de pres\u0103 al PSD<\/p>\n","protected":false},"excerpt":{"rendered":"<p>PSD anun\u021b\u0103 c\u0103 to\u021bi reprezentan\u021bii s\u0103i care ocupau \u00een Guvern func\u021biile de secretar de stat, subsecretar de stat, prefect sau subprefect au demisionat \u00een urma deciziei partidului de a depune o mo\u021biune de cenzur\u0103 pentru demiterea prim-ministrului Ilie Bolojan. Demisiile tuturor reprezentan\u021bilor social-democra\u021bi din structurile guvernamentale constituie un act de demnitate, \u00een deplin\u0103 consecven\u021b\u0103 cu [&hellip;]<\/p>\n","protected":false},"author":1,"featured_media":36985,"comment_status":"open","ping_status":"open","sticky":false,"template":"","format":"standard","meta":{"slim_seo":{"title":"PSD \u0219i-a retras to\u021bi reprezentan\u021bii din func\u021biile politice guvernamentale - GIURGIU NET","description":"PSD anun\u021b\u0103 c\u0103 to\u021bi reprezentan\u021bii s\u0103i care ocupau \u00een Guvern func\u021biile de secretar de stat, subsecretar de stat, prefect sau subprefect au demisionat \u00een urma dec"},"footnotes":""},"categories":[18,19,25],"tags":[2250],"class_list":{"0":"post-94328","1":"post","2":"type-post","3":"status-publish","4":"format-standard","5":"has-post-thumbnail","7":"category-actual","8":"category-adm","9":"category-pol","10":"tag-psd"},"_links":{"self":[{"href":"https:\/\/giurgiu-net.ro\/index.php\/wp-json\/wp\/v2\/posts\/94328","targetHints":{"allow":["GET"]}}],"collection":[{"href":"https:\/\/giurgiu-net.ro\/index.php\/wp-json\/wp\/v2\/posts"}],"about":[{"href":"https:\/\/giurgiu-net.ro\/index.php\/wp-json\/wp\/v2\/types\/post"}],"author":[{"embeddable":true,"href":"https:\/\/giurgiu-net.ro\/index.php\/wp-json\/wp\/v2\/users\/1"}],"replies":[{"embeddable":true,"href":"https:\/\/giurgiu-net.ro\/index.php\/wp-json\/wp\/v2\/comments?post=94328"}],"version-history":[{"count":1,"href":"https:\/\/giurgiu-net.ro\/index.php\/wp-json\/wp\/v2\/posts\/94328\/revisions"}],"predecessor-version":[{"id":94329,"href":"https:\/\/giurgiu-net.ro\/index.php\/wp-json\/wp\/v2\/posts\/94328\/revisions\/94329"}],"wp:featuredmedia":[{"embeddable":true,"href":"https:\/\/giurgiu-net.ro\/index.php\/wp-json\/wp\/v2\/media\/36985"}],"wp:attachment":[{"href":"https:\/\/giurgiu-net.ro\/index.php\/wp-json\/wp\/v2\/media?parent=94328"}],"wp:term":[{"taxonomy":"category","embeddable":true,"href":"https:\/\/giurgiu-net.ro\/index.php\/wp-json\/wp\/v2\/categories?post=94328"},{"taxonomy":"post_tag","embeddable":true,"href":"https:\/\/giurgiu-net.ro\/index.php\/wp-json\/wp\/v2\/tags?post=94328"}],"curies":[{"name":"wp","href":"https:\/\/api.w.org\/{rel}","templated":true}]}}