{"id":94325,"date":"2026-04-29T09:51:48","date_gmt":"2026-04-29T06:51:48","guid":{"rendered":"https:\/\/giurgiu-net.ro\/?p=94325"},"modified":"2026-04-29T09:51:49","modified_gmt":"2026-04-29T06:51:49","slug":"dragos-udvuleanu-mi-am-depus-demisia-din-functia-de-subprefect-al-judetului-giurgiu-directia-actuala-a-guvernarii-nu-mai-are-nimic-in-comun-cu-ceea-ce-am-sustinut","status":"publish","type":"post","link":"https:\/\/giurgiu-net.ro\/index.php\/2026\/04\/29\/dragos-udvuleanu-mi-am-depus-demisia-din-functia-de-subprefect-al-judetului-giurgiu-directia-actuala-a-guvernarii-nu-mai-are-nimic-in-comun-cu-ceea-ce-am-sustinut\/","title":{"rendered":"Drago\u015f Udvuleanu: \u201eMi-am depus demisia din func\u021bia de subprefect al jude\u021bului Giurgiu. Direc\u021bia actual\u0103 a guvern\u0103rii nu mai are nimic \u00een comun cu ceea ce am sus\u021binut\u201d"},"content":{"rendered":"\n<p>Drago\u015f Udvuleanu, subprefectul jude\u0163ului Giurgiu, numit \u00een func\u0163ie din partea PSD, \u015fi-a depus ieri demisia. El a transmis, prin intermediul paginii sale de Facebook, un mesaj pe care \u00eel red\u0103m integral:<\/p>\n\n\n\n<p>\u201ePrieteni,<\/p>\n\n\n\n<p>A fost o onoare.<\/p>\n\n\n\n<p>Mi-am depus ast\u0103zi demisia din func\u021bia de subprefect al jude\u021bului Giurgiu.<\/p>\n\n\n\n<p>Este o decizie profund politic\u0103 \u0219i, \u00een acela\u0219i timp, una de con\u0219tiin\u021b\u0103. Odat\u0103 cu retragerea sprijinului politic \u0219i demisiile mini\u0219trilor PSD, este clar c\u0103 direc\u021bia actual\u0103 a guvern\u0103rii nu mai are nimic \u00een comun cu ceea ce am sus\u021binut \u0219i \u00een care cred.<\/p>\n\n\n\n<p>Sunt social-democrat \u0219i cred cu t\u0103rie c\u0103 politica trebuie s\u0103 fie despre oameni, nu despre func\u021bii, nu despre calcule reci \u0219i nu despre orgolii personale. \u00cen momentul \u00een care oamenii sunt ignora\u021bi, iar deciziile se iau f\u0103r\u0103 a \u021bine cont de realitatea din teren, nu mai vorbim despre o guvernare responsabil\u0103.<\/p>\n\n\n\n<p>Nu m\u0103 ag\u0103\u021b de func\u021bii. Nu cred \u00een t\u0103cere atunci c\u00e2nd lucrurile merg \u00eentr-o direc\u021bie gre\u0219it\u0103. Nu cred c\u0103 trebuie s\u0103 r\u0103m\u00e2i \u00eentr-o pozi\u021bie doar pentru c\u0103 se poate. Cred c\u0103 trebuie s\u0103 pleci atunci c\u00e2nd nu mai po\u021bi privi oamenii \u00een ochi \u0219i s\u0103 le spui c\u0103 ceea ce se \u00eent\u00e2mpl\u0103 este \u00een interesul lor.<\/p>\n\n\n\n<p>Ast\u0103zi, adev\u0103rul este simplu. Drumul este gre\u0219it. Oamenii simt acest lucru, iar comunit\u0103\u021bile locale resimt direct consecin\u021bele. \u00cen loc de stabilitate \u0219i sprijin, li se ofer\u0103 incertitudine, presiune \u0219i decizii luate departe de nevoile lor reale.<\/p>\n\n\n\n<p>Nu pot gira aceast\u0103 direc\u021bie. Nu pot fi parte dintr-un mecanism care se \u00eendep\u0103rteaz\u0103 de oameni.<\/p>\n\n\n\n<p>Am \u00eencercat, \u00een mandatul meu, s\u0103 r\u0103m\u00e2n aproape de oameni, s\u0103 ascult, s\u0103 ajut \u0219i s\u0103 tratez fiecare responsabilitate cu seriozitate \u0219i respect. Plec cu con\u0219tiin\u021ba \u00eemp\u0103cat\u0103 \u0219i cu convingerea c\u0103 demnitatea nu se negociaz\u0103.<\/p>\n\n\n\n<p>Mul\u021bumesc tuturor celor cu care am avut onoarea s\u0103 lucrez \u00een aceast\u0103 perioad\u0103, colegi din institu\u021bii, parteneri din administra\u021bia public\u0103 \u0219i tuturor celor care, prin munca lor, contribuie zi de zi la buna func\u021bionare a acestui jude\u021b. A fost o colaborare din care am avut de \u00eenv\u0103\u021bat \u0219i pe care o pre\u021buiesc. Le sunt recunosc\u0103tor pentru profesionalism, pentru sprijin \u0219i pentru efortul depus, de multe ori \u00een condi\u021bii deloc u\u0219oare.<\/p>\n\n\n\n<p>Mul\u021bumesc domnului <a href=\"https:\/\/www.facebook.com\/MarianMinaa?__cft__%5b0%5d=AZa4FP9OjRLlODjYMhTL9GmTHwHMf9P1u7sgZskOJ9CahDzBVyHTuC0LzT9WOC8FNHpSR9cu31iV4rPbFjFVaXhmCkuCrOdiA5AF7d8Nl7ALd2KrQXk_-KIvjgMgt2FMhYmodlYf_WRN8ASH3qURYxlVulFk5R_3gav_gmJ66eFFBwImDHX1jVsJy83X5NaVGxE&amp;__tn__=-%5dK-R\"><strong>Marian Mina<\/strong><\/a>, pre\u0219edinte al <a href=\"https:\/\/www.facebook.com\/partidulsocialdemocratgiurgiu?__cft__%5b0%5d=AZa4FP9OjRLlODjYMhTL9GmTHwHMf9P1u7sgZskOJ9CahDzBVyHTuC0LzT9WOC8FNHpSR9cu31iV4rPbFjFVaXhmCkuCrOdiA5AF7d8Nl7ALd2KrQXk_-KIvjgMgt2FMhYmodlYf_WRN8ASH3qURYxlVulFk5R_3gav_gmJ66eFFBwImDHX1jVsJy83X5NaVGxE&amp;__tn__=-%5dK-R\"><strong>PSD Giurgiu<\/strong><\/a>, echipei PSD Giurgiu \u0219i <a href=\"https:\/\/www.facebook.com\/PartidulSocialDemocrat?__cft__%5b0%5d=AZa4FP9OjRLlODjYMhTL9GmTHwHMf9P1u7sgZskOJ9CahDzBVyHTuC0LzT9WOC8FNHpSR9cu31iV4rPbFjFVaXhmCkuCrOdiA5AF7d8Nl7ALd2KrQXk_-KIvjgMgt2FMhYmodlYf_WRN8ASH3qURYxlVulFk5R_3gav_gmJ66eFFBwImDHX1jVsJy83X5NaVGxE&amp;__tn__=-%5dK-R\"><strong>Partidul Social Democrat<\/strong><\/a> pentru \u00eencrederea acordat\u0103 \u0219i pentru oportunitatea de a servi comunitatea.<\/p>\n\n\n\n<p>Sunt m\u00e2ndru de ceea ce am realizat \u0219i recunosc\u0103tor tuturor celor care mi-au fost al\u0103turi.<\/p>\n\n\n\n<p>A venit momentul s\u0103 spunem lucrurilor pe nume \u0219i s\u0103 ascult\u0103m, cu adev\u0103rat, glasul rom\u00e2nilor.<\/p>\n\n\n\n<p>Voi r\u0103m\u00e2ne acela\u0219i, implicat, deschis \u0219i fidel valorilor \u00een care cred, <a href=\"https:\/\/www.facebook.com\/hashtag\/echitate?__cft__%5b0%5d=AZa4FP9OjRLlODjYMhTL9GmTHwHMf9P1u7sgZskOJ9CahDzBVyHTuC0LzT9WOC8FNHpSR9cu31iV4rPbFjFVaXhmCkuCrOdiA5AF7d8Nl7ALd2KrQXk_-KIvjgMgt2FMhYmodlYf_WRN8ASH3qURYxlVulFk5R_3gav_gmJ66eFFBwImDHX1jVsJy83X5NaVGxE&amp;__tn__=*NK-R\"><strong>#echitate<\/strong><\/a>, <a href=\"https:\/\/www.facebook.com\/hashtag\/solidaritate?__cft__%5b0%5d=AZa4FP9OjRLlODjYMhTL9GmTHwHMf9P1u7sgZskOJ9CahDzBVyHTuC0LzT9WOC8FNHpSR9cu31iV4rPbFjFVaXhmCkuCrOdiA5AF7d8Nl7ALd2KrQXk_-KIvjgMgt2FMhYmodlYf_WRN8ASH3qURYxlVulFk5R_3gav_gmJ66eFFBwImDHX1jVsJy83X5NaVGxE&amp;__tn__=*NK-R\"><strong>#solidaritate<\/strong><\/a> \u0219i <a href=\"https:\/\/www.facebook.com\/hashtag\/respect?__cft__%5b0%5d=AZa4FP9OjRLlODjYMhTL9GmTHwHMf9P1u7sgZskOJ9CahDzBVyHTuC0LzT9WOC8FNHpSR9cu31iV4rPbFjFVaXhmCkuCrOdiA5AF7d8Nl7ALd2KrQXk_-KIvjgMgt2FMhYmodlYf_WRN8ASH3qURYxlVulFk5R_3gav_gmJ66eFFBwImDHX1jVsJy83X5NaVGxE&amp;__tn__=*NK-R\"><strong>#respect<\/strong><\/a> pentru oameni. A fost o onoare\u201d.<\/p>\n","protected":false},"excerpt":{"rendered":"<p>Drago\u015f Udvuleanu, subprefectul jude\u0163ului Giurgiu, numit \u00een func\u0163ie din partea PSD, \u015fi-a depus ieri demisia. El a transmis, prin intermediul paginii sale de Facebook, un mesaj pe care \u00eel red\u0103m integral: \u201ePrieteni, A fost o onoare. Mi-am depus ast\u0103zi demisia din func\u021bia de subprefect al jude\u021bului Giurgiu. Este o decizie profund politic\u0103 \u0219i, \u00een acela\u0219i [&hellip;]<\/p>\n","protected":false},"author":1,"featured_media":94326,"comment_status":"open","ping_status":"open","sticky":false,"template":"","format":"standard","meta":{"slim_seo":{"title":"Drago\u015f Udvuleanu: \u201eMi-am depus demisia din func\u021bia de subprefect al jude\u021bului Giurgiu. Direc\u021bia actual\u0103 a guvern\u0103rii nu mai are nimic \u00een comun cu ceea ce am sus\u021binut\u201d - GIURGIU NET","description":"Drago\u015f Udvuleanu, subprefectul jude\u0163ului Giurgiu, numit \u00een func\u0163ie din partea PSD, \u015fi-a depus ieri demisia. El a transmis, prin intermediul paginii sale de Face"},"footnotes":""},"categories":[18,19,25],"tags":[966,2250],"class_list":{"0":"post-94325","1":"post","2":"type-post","3":"status-publish","4":"format-standard","5":"has-post-thumbnail","7":"category-actual","8":"category-adm","9":"category-pol","10":"tag-dragos-udvuleanu-2","11":"tag-psd"},"_links":{"self":[{"href":"https:\/\/giurgiu-net.ro\/index.php\/wp-json\/wp\/v2\/posts\/94325","targetHints":{"allow":["GET"]}}],"collection":[{"href":"https:\/\/giurgiu-net.ro\/index.php\/wp-json\/wp\/v2\/posts"}],"about":[{"href":"https:\/\/giurgiu-net.ro\/index.php\/wp-json\/wp\/v2\/types\/post"}],"author":[{"embeddable":true,"href":"https:\/\/giurgiu-net.ro\/index.php\/wp-json\/wp\/v2\/users\/1"}],"replies":[{"embeddable":true,"href":"https:\/\/giurgiu-net.ro\/index.php\/wp-json\/wp\/v2\/comments?post=94325"}],"version-history":[{"count":1,"href":"https:\/\/giurgiu-net.ro\/index.php\/wp-json\/wp\/v2\/posts\/94325\/revisions"}],"predecessor-version":[{"id":94327,"href":"https:\/\/giurgiu-net.ro\/index.php\/wp-json\/wp\/v2\/posts\/94325\/revisions\/94327"}],"wp:featuredmedia":[{"embeddable":true,"href":"https:\/\/giurgiu-net.ro\/index.php\/wp-json\/wp\/v2\/media\/94326"}],"wp:attachment":[{"href":"https:\/\/giurgiu-net.ro\/index.php\/wp-json\/wp\/v2\/media?parent=94325"}],"wp:term":[{"taxonomy":"category","embeddable":true,"href":"https:\/\/giurgiu-net.ro\/index.php\/wp-json\/wp\/v2\/categories?post=94325"},{"taxonomy":"post_tag","embeddable":true,"href":"https:\/\/giurgiu-net.ro\/index.php\/wp-json\/wp\/v2\/tags?post=94325"}],"curies":[{"name":"wp","href":"https:\/\/api.w.org\/{rel}","templated":true}]}}