{"id":94319,"date":"2026-04-28T09:00:13","date_gmt":"2026-04-28T06:00:13","guid":{"rendered":"https:\/\/giurgiu-net.ro\/?p=94319"},"modified":"2026-04-28T09:00:14","modified_gmt":"2026-04-28T06:00:14","slug":"tragedie-dupa-tragedie-in-judetul-giurgiu-o-fata-de-16-ani-una-de-18-si-un-tanar-de-21-de-ani-au-murit-in-urma-a-doua-accidente-rutiere-teribile","status":"publish","type":"post","link":"https:\/\/giurgiu-net.ro\/index.php\/2026\/04\/28\/tragedie-dupa-tragedie-in-judetul-giurgiu-o-fata-de-16-ani-una-de-18-si-un-tanar-de-21-de-ani-au-murit-in-urma-a-doua-accidente-rutiere-teribile\/","title":{"rendered":"Tragedie dup\u0103 tragedie, \u00een jude\u0163ul Giurgiu. O fat\u0103 de 16 ani, una de 18 \u015fi un t\u00e2n\u0103r de 21 de ani au murit, \u00een urma a dou\u0103 accidente rutiere teribile"},"content":{"rendered":"\n<p>Zi neagr\u0103, ieri, 27 aprilie, pe \u015foselele din jude\u0163ul Giurgiu. \u00cen urma a dou\u0103 accidente rutiere, au murit dou\u0103 adolescente \u015fi un t\u00e2n\u0103r. \u00cen ambele cazuri, \u015foferii nu au adaptat viteza \u00een curb\u0103.<\/p>\n\n\n\n<p>Primul accident s-a petrecut \u00een extravilanul localit\u0103\u0163ii Prundu. \u201c<em>O t\u00e2n\u0103r\u0103, \u00een v\u00e2rst\u0103 de 18 ani, \u0219i-a pierdut via\u021ba \u00een urma unui accident rutier ce s-a produs, \u00een aceast\u0103 dup\u0103-amiaz\u0103, \u00een extravilanul localit\u0103\u021bii Prundu. \u00cen eveniment a fost implicat un singur autoturism, g\u0103sit \u00een afara p\u0103r\u021bii carosabile, \u00een p\u0103durea de la marginea drumului.<\/em><\/p>\n\n\n\n<p><em>La fa\u021ba locului s-au deplasat pompierii din cadrul Sta\u021biei Coliba\u0219i \u0219i Deta\u0219amentului Giurgiu, cu o descarcerare, o autospecial\u0103 de stingere, o ambulan\u021b\u0103 SMURD, trei SAJ \u0219i poli\u021bia. T\u00e2n\u0103ra era pasager\u0103 \u0219i a fost g\u0103sit\u0103 f\u0103r\u0103 func\u021bii vitale. Conduc\u0103toarea auto, de aceea\u0219i v\u00e2rst\u0103, a fost preluat\u0103 de SAJ \u0219i transportat\u0103 la spital. Pompierii au asigurat m\u0103surile de prevenire a incendiilor, iar cazul a r\u0103mas \u00een aten\u021bia Poli\u021biei pentru cercet\u0103ri\u201d<\/em>, a transmis ISU Giurgiu.<\/p>\n\n\n\n<figure class=\"wp-block-image size-large\"><img loading=\"lazy\" decoding=\"async\" width=\"768\" height=\"1024\" src=\"https:\/\/giurgiu-net.ro\/wp-content\/uploads\/2026\/04\/WhatsApp-Image-2026-04-26-at-19.02.54-768x1024.jpeg\" alt=\"WhatsApp Image 2026 04 26 at 19.02.54\" class=\"wp-image-94320\" srcset=\"https:\/\/giurgiu-net.ro\/wp-content\/uploads\/2026\/04\/WhatsApp-Image-2026-04-26-at-19.02.54-768x1024.jpeg 768w, https:\/\/giurgiu-net.ro\/wp-content\/uploads\/2026\/04\/WhatsApp-Image-2026-04-26-at-19.02.54-225x300.jpeg 225w, https:\/\/giurgiu-net.ro\/wp-content\/uploads\/2026\/04\/WhatsApp-Image-2026-04-26-at-19.02.54-1152x1536.jpeg 1152w, https:\/\/giurgiu-net.ro\/wp-content\/uploads\/2026\/04\/WhatsApp-Image-2026-04-26-at-19.02.54-315x420.jpeg 315w, https:\/\/giurgiu-net.ro\/wp-content\/uploads\/2026\/04\/WhatsApp-Image-2026-04-26-at-19.02.54-696x928.jpeg 696w, https:\/\/giurgiu-net.ro\/wp-content\/uploads\/2026\/04\/WhatsApp-Image-2026-04-26-at-19.02.54-1068x1424.jpeg 1068w, https:\/\/giurgiu-net.ro\/wp-content\/uploads\/2026\/04\/WhatsApp-Image-2026-04-26-at-19.02.54.jpeg 1200w\" sizes=\"auto, (max-width: 768px) 100vw, 768px\" \/><\/figure>\n\n\n\n<p>Apoi, noaptea trecut\u0103, dou\u0103 persoane \u0219i-au pierdut via\u021ba, \u00een urma unui accident rutier ce s-a produs pe DJ 601, \u00eentre localita\u021bile Videle \u0219i M\u00e2r\u0219a. O alt\u0103 persoan\u0103 a fost transportat\u0103 la spital.<\/p>\n\n\n\n<p>\u201c<em>\u00cen eveniment au fost implicate un autoturism \u0219i un microbuz. La fa\u021ba locului s-au deplasat pompierii din cadrul G\u0103rzii de Interven\u021bie Roata de Jos, Deta\u0219amentului Bolintin Deal \u0219i Punctului de Lucru Dr\u0103g\u0103ne\u0219ti Vla\u0219ca (ISU Teleorman), cu dou\u0103 autospeciale de stingere, trei ambulan\u021be SMURD, dou\u0103 SAJ \u0219i poli\u021bia. O adolescent\u0103 \u00een v\u00e2rst\u0103 de 16 ani \u0219i un t\u00e2n\u0103r de 21 de ani, ambii pasageri \u00een autoturism, au suferit leziuni grave \u0219i nu au mai putut fi salva\u021bi. Un b\u0103rbat de 38 de ani, din microbuz, a fost preluat de un echipaj medial \u0219i transportat la spital, iar o alt\u0103 persoan\u0103 a fost monitorizat\u0103 la fa\u021ba locului, ulterior refuz\u00e2nd deplasarea la unitatea medical\u0103. Pompierii au asigurat m\u0103surile de prevenire a incendiilor, iar cazul a r\u0103mas \u00een aten\u021bia Poli\u021biei pentru cercet\u0103ri<\/em>\u201d, au mai anun\u0163at pompierii giurgiuveni.<\/p>\n\n\n\n<figure class=\"wp-block-gallery has-nested-images columns-default is-cropped wp-block-gallery-1 is-layout-flex wp-block-gallery-is-layout-flex\">\n<figure class=\"wp-block-image size-large\"><img loading=\"lazy\" decoding=\"async\" width=\"1024\" height=\"472\" data-id=\"94321\" src=\"https:\/\/giurgiu-net.ro\/wp-content\/uploads\/2026\/04\/WhatsApp-Image-2026-04-28-at-08.22.42-1024x472.jpeg\" alt=\"WhatsApp Image 2026 04 28 at 08.22.42\" class=\"wp-image-94321\" srcset=\"https:\/\/giurgiu-net.ro\/wp-content\/uploads\/2026\/04\/WhatsApp-Image-2026-04-28-at-08.22.42-1024x472.jpeg 1024w, https:\/\/giurgiu-net.ro\/wp-content\/uploads\/2026\/04\/WhatsApp-Image-2026-04-28-at-08.22.42-300x138.jpeg 300w, https:\/\/giurgiu-net.ro\/wp-content\/uploads\/2026\/04\/WhatsApp-Image-2026-04-28-at-08.22.42-768x354.jpeg 768w, https:\/\/giurgiu-net.ro\/wp-content\/uploads\/2026\/04\/WhatsApp-Image-2026-04-28-at-08.22.42-1536x708.jpeg 1536w, https:\/\/giurgiu-net.ro\/wp-content\/uploads\/2026\/04\/WhatsApp-Image-2026-04-28-at-08.22.42-911x420.jpeg 911w, https:\/\/giurgiu-net.ro\/wp-content\/uploads\/2026\/04\/WhatsApp-Image-2026-04-28-at-08.22.42-696x321.jpeg 696w, https:\/\/giurgiu-net.ro\/wp-content\/uploads\/2026\/04\/WhatsApp-Image-2026-04-28-at-08.22.42-1068x493.jpeg 1068w, https:\/\/giurgiu-net.ro\/wp-content\/uploads\/2026\/04\/WhatsApp-Image-2026-04-28-at-08.22.42.jpeg 1600w\" sizes=\"auto, (max-width: 1024px) 100vw, 1024px\" \/><\/figure>\n\n\n\n<figure class=\"wp-block-image size-large\"><img loading=\"lazy\" decoding=\"async\" width=\"1024\" height=\"577\" data-id=\"94322\" src=\"https:\/\/giurgiu-net.ro\/wp-content\/uploads\/2026\/04\/WhatsApp-Image-2026-04-28-at-08.22.41-1024x577.jpeg\" alt=\"WhatsApp Image 2026 04 28 at 08.22.41\" class=\"wp-image-94322\" srcset=\"https:\/\/giurgiu-net.ro\/wp-content\/uploads\/2026\/04\/WhatsApp-Image-2026-04-28-at-08.22.41-1024x577.jpeg 1024w, https:\/\/giurgiu-net.ro\/wp-content\/uploads\/2026\/04\/WhatsApp-Image-2026-04-28-at-08.22.41-300x169.jpeg 300w, https:\/\/giurgiu-net.ro\/wp-content\/uploads\/2026\/04\/WhatsApp-Image-2026-04-28-at-08.22.41-768x432.jpeg 768w, https:\/\/giurgiu-net.ro\/wp-content\/uploads\/2026\/04\/WhatsApp-Image-2026-04-28-at-08.22.41-1536x865.jpeg 1536w, https:\/\/giurgiu-net.ro\/wp-content\/uploads\/2026\/04\/WhatsApp-Image-2026-04-28-at-08.22.41-746x420.jpeg 746w, https:\/\/giurgiu-net.ro\/wp-content\/uploads\/2026\/04\/WhatsApp-Image-2026-04-28-at-08.22.41-696x392.jpeg 696w, https:\/\/giurgiu-net.ro\/wp-content\/uploads\/2026\/04\/WhatsApp-Image-2026-04-28-at-08.22.41-1068x601.jpeg 1068w, https:\/\/giurgiu-net.ro\/wp-content\/uploads\/2026\/04\/WhatsApp-Image-2026-04-28-at-08.22.41-1920x1081.jpeg 1920w, https:\/\/giurgiu-net.ro\/wp-content\/uploads\/2026\/04\/WhatsApp-Image-2026-04-28-at-08.22.41.jpeg 2000w\" sizes=\"auto, (max-width: 1024px) 100vw, 1024px\" \/><\/figure>\n<\/figure>\n\n\n\n<p>Potrivit Poli\u0163iei Giurgiu, \u00een ambele cazuri, \u015foferii celor dou\u0103 autoturisme nu au adaptat viteza \u00een curb\u0103. Prima fat\u0103 a ie\u015fit de pe \u015fosea, iar t\u00e2n\u0103rul de 21 de ani a intrat pe contrasens \u015fi s-a izbit de microbuz.<\/p>\n\n\n\n<p>Foto: ISU Giurgiu<\/p>\n","protected":false},"excerpt":{"rendered":"<p>Zi neagr\u0103, ieri, 27 aprilie, pe \u015foselele din jude\u0163ul Giurgiu. \u00cen urma a dou\u0103 accidente rutiere, au murit dou\u0103 adolescente \u015fi un t\u00e2n\u0103r. \u00cen ambele cazuri, \u015foferii nu au adaptat viteza \u00een curb\u0103. Primul accident s-a petrecut \u00een extravilanul localit\u0103\u0163ii Prundu. \u201cO t\u00e2n\u0103r\u0103, \u00een v\u00e2rst\u0103 de 18 ani, \u0219i-a pierdut via\u021ba \u00een urma unui accident [&hellip;]<\/p>\n","protected":false},"author":1,"featured_media":94322,"comment_status":"open","ping_status":"open","sticky":false,"template":"","format":"standard","meta":{"slim_seo":{"title":"Tragedie dup\u0103 tragedie, \u00een jude\u0163ul Giurgiu. O fat\u0103 de 16 ani, una de 18 \u015fi un t\u00e2n\u0103r de 21 de ani au murit, \u00een urma a dou\u0103 accidente rutiere teribile - GIURGIU NET","description":"Zi neagr\u0103, ieri, 27 aprilie, pe \u015foselele din jude\u0163ul Giurgiu. \u00cen urma a dou\u0103 accidente rutiere, au murit dou\u0103 adolescente \u015fi un t\u00e2n\u0103r. \u00cen ambele cazuri, \u015foferii"},"footnotes":""},"categories":[18,26],"tags":[1452],"class_list":{"0":"post-94319","1":"post","2":"type-post","3":"status-publish","4":"format-standard","5":"has-post-thumbnail","7":"category-actual","8":"category-soc","9":"tag-isu-giurgiu"},"_links":{"self":[{"href":"https:\/\/giurgiu-net.ro\/index.php\/wp-json\/wp\/v2\/posts\/94319","targetHints":{"allow":["GET"]}}],"collection":[{"href":"https:\/\/giurgiu-net.ro\/index.php\/wp-json\/wp\/v2\/posts"}],"about":[{"href":"https:\/\/giurgiu-net.ro\/index.php\/wp-json\/wp\/v2\/types\/post"}],"author":[{"embeddable":true,"href":"https:\/\/giurgiu-net.ro\/index.php\/wp-json\/wp\/v2\/users\/1"}],"replies":[{"embeddable":true,"href":"https:\/\/giurgiu-net.ro\/index.php\/wp-json\/wp\/v2\/comments?post=94319"}],"version-history":[{"count":1,"href":"https:\/\/giurgiu-net.ro\/index.php\/wp-json\/wp\/v2\/posts\/94319\/revisions"}],"predecessor-version":[{"id":94323,"href":"https:\/\/giurgiu-net.ro\/index.php\/wp-json\/wp\/v2\/posts\/94319\/revisions\/94323"}],"wp:featuredmedia":[{"embeddable":true,"href":"https:\/\/giurgiu-net.ro\/index.php\/wp-json\/wp\/v2\/media\/94322"}],"wp:attachment":[{"href":"https:\/\/giurgiu-net.ro\/index.php\/wp-json\/wp\/v2\/media?parent=94319"}],"wp:term":[{"taxonomy":"category","embeddable":true,"href":"https:\/\/giurgiu-net.ro\/index.php\/wp-json\/wp\/v2\/categories?post=94319"},{"taxonomy":"post_tag","embeddable":true,"href":"https:\/\/giurgiu-net.ro\/index.php\/wp-json\/wp\/v2\/tags?post=94319"}],"curies":[{"name":"wp","href":"https:\/\/api.w.org\/{rel}","templated":true}]}}