{"id":94314,"date":"2026-04-25T09:40:05","date_gmt":"2026-04-25T06:40:05","guid":{"rendered":"https:\/\/giurgiu-net.ro\/?p=94314"},"modified":"2026-04-25T09:40:06","modified_gmt":"2026-04-25T06:40:06","slug":"deputat-marian-mina-sub-bagheta-lui-ilie-bolojan-romania-este-scoasa-la-vanzare","status":"publish","type":"post","link":"https:\/\/giurgiu-net.ro\/index.php\/2026\/04\/25\/deputat-marian-mina-sub-bagheta-lui-ilie-bolojan-romania-este-scoasa-la-vanzare\/","title":{"rendered":"Deputat Marian Mina: &#8222;Sub bagheta lui Ilie Bolojan, Rom\u00e2nia este scoas\u0103 LA V\u00c2NZARE!&#8221;"},"content":{"rendered":"\n<p>Sub bagheta lui Ilie Bolojan, Rom\u00e2nia este scoas\u0103 LA V\u00c2NZARE!<\/p>\n\n\n\n<p>Nu metaforic, ci de-adev\u0103ratelea. Sub ochii no\u0219tri, f\u0103r\u0103 ru\u0219ine, f\u0103r\u0103 explica\u021bii, f\u0103r\u0103 mandat real &#8211; se preg\u0103te\u0219te un act de tr\u0103dare na\u0163ional\u0103: cedarea companiilor strategice ale statului c\u0103tre interese str\u0103ine, pe bani pu\u021bini \u0219i pe rela\u021bii grele.<\/p>\n\n\n\n<p>Asta nu este nicio \u201creform\u0103\u201d \u015fi nu are nicio leg\u0103tur\u0103 cu economia, \u0103sta este JAF &#8211; cu acte, cu semn\u0103turi, cu protec\u021bie politic\u0103!<\/p>\n\n\n\n<p>\u015ei ni se mai \u015fi arunc\u0103 \u00een fa\u021b\u0103 minciuni grosolane, ca s\u0103 \u00eenghi\u021bim mai u\u0219or tr\u0103darea:<\/p>\n\n\n\n<p>\u201eA\u0219a cere Europa.\u201d \u2014 FALS. Nimeni nu oblig\u0103 Rom\u00e2nia s\u0103-\u0219i v\u00e2nd\u0103 resursele \u0219i companiile profitabile. Alte state \u00ee\u0219i ap\u0103r\u0103 cu din\u021bii exact aceste sectoare. \u015ei NU este <strong>o obliga\u021bie angajat\u0103 de Rom\u00e2nia prin PNRR!<\/strong><\/p>\n\n\n\n<p>\u201eVor putea cump\u0103ra rom\u00e2nii.\u201d \u2014 FALS. Nu e pentru oricine, ci doar pentru b\u0103ie\u021bii \u201eselecta\u021bi\u201d, \u00een spatele u\u0219ilor \u00eenchise.<\/p>\n\n\n\n<p>\u201eSe face transparen\u021b\u0103.\u201d \u2014 FALS. Companiile sunt deja listate, deja verificate, deja expuse controlului public.<\/p>\n\n\n\n<p>\u201eReducem deficitul.\u201d \u2014 FALS. Banii nu \u00een buget, ci \u00eentr-un cont separat. \u00cen schimb, statul pierde venituri constante, pe termen lung. Adic\u0103 pierdem cu to\u021bii.<\/p>\n\n\n\n<p>\u201eVa fi mai bine.\u201d \u2014 Pentru cine?<\/p>\n\n\n\n<p>Adev\u0103rul este simplu \u0219i revolt\u0103tor: statul rom\u00e2n pierde controlul, influen\u021ba \u015fi viitorul unor sectoare esen\u021biale \u2014 energie, resurse, infrastructur\u0103.<\/p>\n\n\n\n<p>\u0218i toate astea f\u0103r\u0103 transparen\u021b\u0103, f\u0103r\u0103 dezbatere real\u0103 \u015fi, evident, f\u0103r\u0103 respect pentru cet\u0103\u021beni. Dac\u0103 asta nu e tr\u0103dare de interes na\u021bional, atunci ce este?<\/p>\n\n\n\n<p>Rom\u00e2nia NU trebuie s\u0103 fie condus\u0103 de oameni care \u00ee\u0219i negociaz\u0103 viitorul pe ascuns! \u0162ara noastr\u0103 NU trebuie s\u0103 fie pus\u0103 \u00een genunchi pentru interese externe sau pentru protec\u021bia unor grupuri influente!<\/p>\n\n\n\n<p><strong>PSD va bloca \u00een Parlament acest jaf na\u021bional, orchestrat de Bolojan. Am depus deja un proiect \u00een Parlament \u0219i vom face tot ce posibil pentru a accelera adoptarea lui!<\/strong> &#8211; pre\u015fedinte PSD Giurgiu, deputat Marian Mina.<\/p>\n\n\n\n<figure class=\"wp-block-image size-large\"><img loading=\"lazy\" decoding=\"async\" width=\"904\" height=\"1024\" src=\"https:\/\/giurgiu-net.ro\/wp-content\/uploads\/2026\/04\/WhatsApp-Image-2026-04-24-at-16.39.34-904x1024.jpeg\" alt=\"WhatsApp Image 2026 04 24 at 16.39.34\" class=\"wp-image-94315\" srcset=\"https:\/\/giurgiu-net.ro\/wp-content\/uploads\/2026\/04\/WhatsApp-Image-2026-04-24-at-16.39.34-904x1024.jpeg 904w, https:\/\/giurgiu-net.ro\/wp-content\/uploads\/2026\/04\/WhatsApp-Image-2026-04-24-at-16.39.34-265x300.jpeg 265w, https:\/\/giurgiu-net.ro\/wp-content\/uploads\/2026\/04\/WhatsApp-Image-2026-04-24-at-16.39.34-768x870.jpeg 768w, https:\/\/giurgiu-net.ro\/wp-content\/uploads\/2026\/04\/WhatsApp-Image-2026-04-24-at-16.39.34-371x420.jpeg 371w, https:\/\/giurgiu-net.ro\/wp-content\/uploads\/2026\/04\/WhatsApp-Image-2026-04-24-at-16.39.34-696x788.jpeg 696w, https:\/\/giurgiu-net.ro\/wp-content\/uploads\/2026\/04\/WhatsApp-Image-2026-04-24-at-16.39.34-1068x1210.jpeg 1068w, https:\/\/giurgiu-net.ro\/wp-content\/uploads\/2026\/04\/WhatsApp-Image-2026-04-24-at-16.39.34.jpeg 1144w\" sizes=\"auto, (max-width: 904px) 100vw, 904px\" \/><\/figure>\n","protected":false},"excerpt":{"rendered":"<p>Sub bagheta lui Ilie Bolojan, Rom\u00e2nia este scoas\u0103 LA V\u00c2NZARE! Nu metaforic, ci de-adev\u0103ratelea. Sub ochii no\u0219tri, f\u0103r\u0103 ru\u0219ine, f\u0103r\u0103 explica\u021bii, f\u0103r\u0103 mandat real &#8211; se preg\u0103te\u0219te un act de tr\u0103dare na\u0163ional\u0103: cedarea companiilor strategice ale statului c\u0103tre interese str\u0103ine, pe bani pu\u021bini \u0219i pe rela\u021bii grele. Asta nu este nicio \u201creform\u0103\u201d \u015fi nu are [&hellip;]<\/p>\n","protected":false},"author":1,"featured_media":92007,"comment_status":"open","ping_status":"open","sticky":false,"template":"","format":"standard","meta":{"slim_seo":{"title":"Deputat Marian Mina: \"Sub bagheta lui Ilie Bolojan, Rom\u00e2nia este scoas\u0103 LA V\u00c2NZARE!\" - GIURGIU NET","description":"Sub bagheta lui Ilie Bolojan, Rom\u00e2nia este scoas\u0103 LA V\u00c2NZARE! Nu metaforic, ci de-adev\u0103ratelea. Sub ochii no\u0219tri, f\u0103r\u0103 ru\u0219ine, f\u0103r\u0103 explica\u021bii, f\u0103r\u0103 mandat real"},"footnotes":""},"categories":[18,19,25],"tags":[1626],"class_list":{"0":"post-94314","1":"post","2":"type-post","3":"status-publish","4":"format-standard","5":"has-post-thumbnail","7":"category-actual","8":"category-adm","9":"category-pol","10":"tag-marian-mina"},"_links":{"self":[{"href":"https:\/\/giurgiu-net.ro\/index.php\/wp-json\/wp\/v2\/posts\/94314","targetHints":{"allow":["GET"]}}],"collection":[{"href":"https:\/\/giurgiu-net.ro\/index.php\/wp-json\/wp\/v2\/posts"}],"about":[{"href":"https:\/\/giurgiu-net.ro\/index.php\/wp-json\/wp\/v2\/types\/post"}],"author":[{"embeddable":true,"href":"https:\/\/giurgiu-net.ro\/index.php\/wp-json\/wp\/v2\/users\/1"}],"replies":[{"embeddable":true,"href":"https:\/\/giurgiu-net.ro\/index.php\/wp-json\/wp\/v2\/comments?post=94314"}],"version-history":[{"count":1,"href":"https:\/\/giurgiu-net.ro\/index.php\/wp-json\/wp\/v2\/posts\/94314\/revisions"}],"predecessor-version":[{"id":94316,"href":"https:\/\/giurgiu-net.ro\/index.php\/wp-json\/wp\/v2\/posts\/94314\/revisions\/94316"}],"wp:featuredmedia":[{"embeddable":true,"href":"https:\/\/giurgiu-net.ro\/index.php\/wp-json\/wp\/v2\/media\/92007"}],"wp:attachment":[{"href":"https:\/\/giurgiu-net.ro\/index.php\/wp-json\/wp\/v2\/media?parent=94314"}],"wp:term":[{"taxonomy":"category","embeddable":true,"href":"https:\/\/giurgiu-net.ro\/index.php\/wp-json\/wp\/v2\/categories?post=94314"},{"taxonomy":"post_tag","embeddable":true,"href":"https:\/\/giurgiu-net.ro\/index.php\/wp-json\/wp\/v2\/tags?post=94314"}],"curies":[{"name":"wp","href":"https:\/\/api.w.org\/{rel}","templated":true}]}}