{"id":94030,"date":"2026-03-30T10:37:34","date_gmt":"2026-03-30T07:37:34","guid":{"rendered":"https:\/\/giurgiu-net.ro\/?p=94030"},"modified":"2026-03-30T10:37:34","modified_gmt":"2026-03-30T07:37:34","slug":"accident-pe-dn-5-la-adunatii-copaceni-un-barbat-a-ajuns-la-spital","status":"publish","type":"post","link":"https:\/\/giurgiu-net.ro\/index.php\/2026\/03\/30\/accident-pe-dn-5-la-adunatii-copaceni-un-barbat-a-ajuns-la-spital\/","title":{"rendered":"Accident, pe DN 5, la Aduna\u0163ii Cop\u0103ceni. Un b\u0103rbat a ajuns la spital"},"content":{"rendered":"\n<p>Un b\u0103rbat a avut nevoie de \u00eengrijiri medicale \u00een urma unui accident rutier ce s-a produs ieri, \u00een jurul pr\u00e2nzului, pe DN5, \u00een zona localit\u0103\u021bii Aduna\u021bii-Cop\u0103ceni. \u00cen eveniment a fost implicat un singur autoturism, g\u0103sit \u00een afara p\u0103r\u021bii carosabile.<\/p>\n\n\n\n<p>La fa\u021ba locului s-au deplasat pompierii din cadrul Punctului de Lucru C\u0103lug\u0103reni \u0219i Sec\u021biei Mih\u0103ile\u0219ti cu o autospecial\u0103 de stingere dotat\u0103 cu modul de descarcerare, o ambulan\u021b\u0103 SMURD, una SAJ \u0219i poli\u021bia.<\/p>\n\n\n\n<p>B\u0103rbatul, \u00een v\u00e2rst\u0103 de 44 de ani, pasager \u00een autoturism, a fost preluat de ambulan\u021ba SAJ \u0219i transportat la spital.<\/p>\n\n\n\n<p>Pompierii au asigurat m\u0103surile de prevenire a incendiilor, iar cazul a r\u0103mas \u00een aten\u021bia poli\u021biei pentru cercet\u0103ri.<\/p>\n\n\n\n<p>Comunicat \u015fi foto: ISU Giurgiu<\/p>\n","protected":false},"excerpt":{"rendered":"<p>Un b\u0103rbat a avut nevoie de \u00eengrijiri medicale \u00een urma unui accident rutier ce s-a produs ieri, \u00een jurul pr\u00e2nzului, pe DN5, \u00een zona localit\u0103\u021bii Aduna\u021bii-Cop\u0103ceni. \u00cen eveniment a fost implicat un singur autoturism, g\u0103sit \u00een afara p\u0103r\u021bii carosabile. La fa\u021ba locului s-au deplasat pompierii din cadrul Punctului de Lucru C\u0103lug\u0103reni \u0219i Sec\u021biei Mih\u0103ile\u0219ti cu [&hellip;]<\/p>\n","protected":false},"author":1,"featured_media":94031,"comment_status":"open","ping_status":"open","sticky":false,"template":"","format":"standard","meta":{"slim_seo":{"title":"Accident, pe DN 5, la Aduna\u0163ii Cop\u0103ceni. Un b\u0103rbat a ajuns la spital - GIURGIU NET","description":"Un b\u0103rbat a avut nevoie de \u00eengrijiri medicale \u00een urma unui accident rutier ce s-a produs ieri, \u00een jurul pr\u00e2nzului, pe DN5, \u00een zona localit\u0103\u021bii Aduna\u021bii-Cop\u0103ceni"},"footnotes":""},"categories":[18,26],"tags":[1452],"class_list":{"0":"post-94030","1":"post","2":"type-post","3":"status-publish","4":"format-standard","5":"has-post-thumbnail","7":"category-actual","8":"category-soc","9":"tag-isu-giurgiu"},"_links":{"self":[{"href":"https:\/\/giurgiu-net.ro\/index.php\/wp-json\/wp\/v2\/posts\/94030","targetHints":{"allow":["GET"]}}],"collection":[{"href":"https:\/\/giurgiu-net.ro\/index.php\/wp-json\/wp\/v2\/posts"}],"about":[{"href":"https:\/\/giurgiu-net.ro\/index.php\/wp-json\/wp\/v2\/types\/post"}],"author":[{"embeddable":true,"href":"https:\/\/giurgiu-net.ro\/index.php\/wp-json\/wp\/v2\/users\/1"}],"replies":[{"embeddable":true,"href":"https:\/\/giurgiu-net.ro\/index.php\/wp-json\/wp\/v2\/comments?post=94030"}],"version-history":[{"count":1,"href":"https:\/\/giurgiu-net.ro\/index.php\/wp-json\/wp\/v2\/posts\/94030\/revisions"}],"predecessor-version":[{"id":94032,"href":"https:\/\/giurgiu-net.ro\/index.php\/wp-json\/wp\/v2\/posts\/94030\/revisions\/94032"}],"wp:featuredmedia":[{"embeddable":true,"href":"https:\/\/giurgiu-net.ro\/index.php\/wp-json\/wp\/v2\/media\/94031"}],"wp:attachment":[{"href":"https:\/\/giurgiu-net.ro\/index.php\/wp-json\/wp\/v2\/media?parent=94030"}],"wp:term":[{"taxonomy":"category","embeddable":true,"href":"https:\/\/giurgiu-net.ro\/index.php\/wp-json\/wp\/v2\/categories?post=94030"},{"taxonomy":"post_tag","embeddable":true,"href":"https:\/\/giurgiu-net.ro\/index.php\/wp-json\/wp\/v2\/tags?post=94030"}],"curies":[{"name":"wp","href":"https:\/\/api.w.org\/{rel}","templated":true}]}}