{"id":93949,"date":"2026-03-19T10:32:46","date_gmt":"2026-03-19T08:32:46","guid":{"rendered":"https:\/\/giurgiu-net.ro\/?p=93949"},"modified":"2026-03-19T10:32:47","modified_gmt":"2026-03-19T08:32:47","slug":"giurgiu-intensificari-ale-vantului-pana-maine-seara","status":"publish","type":"post","link":"https:\/\/giurgiu-net.ro\/index.php\/2026\/03\/19\/giurgiu-intensificari-ale-vantului-pana-maine-seara\/","title":{"rendered":"GIURGIU: Intensific\u0103ri ale v\u00e2ntului, p\u00e2n\u0103 m\u00e2ine sear\u0103"},"content":{"rendered":"\n<p>Meteorologii au emis o informare de intensific\u0103ri ale v\u00e2ntului, valabil\u0103 \u00een jude\u021bul Giurgiu pe tot parcursul zilei de ast\u0103zi \u0219i p\u00e2n\u0103 m\u00e2ine, p\u00e2n\u0103 la ora 20:00. Potrivit acestora, v\u00e2ntul va avea intensific\u0103ri temporare \u0219i va bate cu viteze \u00een general de 40-45 km\/h.<\/p>\n\n\n\n<p>Pentru a preveni situa\u021biile de urgen\u021b\u0103, recomand\u0103m cet\u0103\u021benilor respectarea urm\u0103toarelor m\u0103suri:<\/p>\n\n\n\n<ul class=\"wp-block-list\">\n<li>fi\u021bi pruden\u021bi atunci c\u00e2nd v\u0103 afla\u021bi pe strad\u0103 \u0219i evita\u021bi deplasarea \u00een zone cu panouri publicitare, copaci sau st\u00e2lpi de electricitate care ar putea fi dobor\u00e2\u021bi;\u00a0<\/li>\n\n\n\n<li>nu trece\u021bi prin dreptul cl\u0103dirilor aflate \u00een construc\u021bie sau care prezint\u0103 elemente arhitectonice ce pot fi smulse de v\u00e2nt \u0219i nu v\u0103 ad\u0103posti\u021bi aproape de construc\u021bii improvizate;<\/li>\n\n\n\n<li>parca\u021bi autoturismele la distan\u021b\u0103 sigur\u0103 fa\u021b\u0103 de copaci sau st\u00e2lpi de electricitate;<\/li>\n\n\n\n<li>\u00eendep\u0103rta\u021bi copacii sau ramurile uscate care ar putea c\u0103dea \u015fi provoca victime sau pagube materiale;<\/li>\n\n\n\n<li>nu atinge\u021bi firele c\u0103zute la p\u0103m\u00e2nt.<\/li>\n<\/ul>\n\n\n\n<p>Reamintim faptul c\u0103, \u00een condi\u021bii de v\u00e2nt puternic, folosirea focului deschis \u00een gospod\u0103rii este foarte periculoas\u0103, fiind interzis\u0103. V\u00e2ntul poate propaga focul, \u00eentr-un timp foarte scurt, la locuin\u021be, anexe gospod\u0103re\u0219ti, p\u0103duri, re\u021bele de electricitate etc.<\/p>\n\n\n\n<p>Pentru a preveni incendiile, nu trebuie aruncate resturi de \u021bigar\u0103 sau be\u021be de chibrit aproape de c\u0103pi\u021bele de f\u00e2n sau de locurile \u00een care sunt depozitate furaje, lemne de foc, substan\u021be inflamabile sau alte materiale combustibile \u0219i nici pe terenuri cu vegeta\u021bie uscat\u0103.<\/p>\n\n\n\n<p>Informa\u021bii despre modul de comportare \u00een cazul producerii unor situa\u021bii de urgen\u021b\u0103 sau alte date utile despre manifestarea fenomenelor meteorologice periculoase pot fi ob\u021binute prin accesarea portalului fiipregatit.ro sau prin intermediul aplica\u021biei DSU, care poate fi desc\u0103rcat\u0103 gratuit din Google Play Store \u0219i AppStore.<\/p>\n\n\n\n<p>Comunicat \u015fi foto(Arhiv\u0103) ISU Giurgiu<\/p>\n","protected":false},"excerpt":{"rendered":"<p>Meteorologii au emis o informare de intensific\u0103ri ale v\u00e2ntului, valabil\u0103 \u00een jude\u021bul Giurgiu pe tot parcursul zilei de ast\u0103zi \u0219i p\u00e2n\u0103 m\u00e2ine, p\u00e2n\u0103 la ora 20:00. Potrivit acestora, v\u00e2ntul va avea intensific\u0103ri temporare \u0219i va bate cu viteze \u00een general de 40-45 km\/h. Pentru a preveni situa\u021biile de urgen\u021b\u0103, recomand\u0103m cet\u0103\u021benilor respectarea urm\u0103toarelor m\u0103suri: Reamintim [&hellip;]<\/p>\n","protected":false},"author":1,"featured_media":93204,"comment_status":"open","ping_status":"open","sticky":false,"template":"","format":"standard","meta":{"slim_seo":{"title":"GIURGIU: Intensific\u0103ri ale v\u00e2ntului, p\u00e2n\u0103 m\u00e2ine sear\u0103 - GIURGIU NET","description":"Meteorologii au emis o informare de intensific\u0103ri ale v\u00e2ntului, valabil\u0103 \u00een jude\u021bul Giurgiu pe tot parcursul zilei de ast\u0103zi \u0219i p\u00e2n\u0103 m\u00e2ine, p\u00e2n\u0103 la ora 20:00. P"},"footnotes":""},"categories":[18,26],"tags":[1452],"class_list":{"0":"post-93949","1":"post","2":"type-post","3":"status-publish","4":"format-standard","5":"has-post-thumbnail","7":"category-actual","8":"category-soc","9":"tag-isu-giurgiu"},"_links":{"self":[{"href":"https:\/\/giurgiu-net.ro\/index.php\/wp-json\/wp\/v2\/posts\/93949","targetHints":{"allow":["GET"]}}],"collection":[{"href":"https:\/\/giurgiu-net.ro\/index.php\/wp-json\/wp\/v2\/posts"}],"about":[{"href":"https:\/\/giurgiu-net.ro\/index.php\/wp-json\/wp\/v2\/types\/post"}],"author":[{"embeddable":true,"href":"https:\/\/giurgiu-net.ro\/index.php\/wp-json\/wp\/v2\/users\/1"}],"replies":[{"embeddable":true,"href":"https:\/\/giurgiu-net.ro\/index.php\/wp-json\/wp\/v2\/comments?post=93949"}],"version-history":[{"count":1,"href":"https:\/\/giurgiu-net.ro\/index.php\/wp-json\/wp\/v2\/posts\/93949\/revisions"}],"predecessor-version":[{"id":93950,"href":"https:\/\/giurgiu-net.ro\/index.php\/wp-json\/wp\/v2\/posts\/93949\/revisions\/93950"}],"wp:featuredmedia":[{"embeddable":true,"href":"https:\/\/giurgiu-net.ro\/index.php\/wp-json\/wp\/v2\/media\/93204"}],"wp:attachment":[{"href":"https:\/\/giurgiu-net.ro\/index.php\/wp-json\/wp\/v2\/media?parent=93949"}],"wp:term":[{"taxonomy":"category","embeddable":true,"href":"https:\/\/giurgiu-net.ro\/index.php\/wp-json\/wp\/v2\/categories?post=93949"},{"taxonomy":"post_tag","embeddable":true,"href":"https:\/\/giurgiu-net.ro\/index.php\/wp-json\/wp\/v2\/tags?post=93949"}],"curies":[{"name":"wp","href":"https:\/\/api.w.org\/{rel}","templated":true}]}}