{"id":93942,"date":"2026-03-19T09:41:07","date_gmt":"2026-03-19T07:41:07","guid":{"rendered":"https:\/\/giurgiu-net.ro\/?p=93942"},"modified":"2026-03-19T09:41:08","modified_gmt":"2026-03-19T07:41:08","slug":"o-fata-de-17-ani-a-ajuns-la-spital-in-urma-unui-accident-rutier-petrecut-la-buturugeni","status":"publish","type":"post","link":"https:\/\/giurgiu-net.ro\/index.php\/2026\/03\/19\/o-fata-de-17-ani-a-ajuns-la-spital-in-urma-unui-accident-rutier-petrecut-la-buturugeni\/","title":{"rendered":"O fat\u0103 de 17 ani a ajuns la spital, \u00een urma unui accident rutier petrecut la Buturugeni"},"content":{"rendered":"\n<p>O t\u00e2n\u0103r\u0103, \u00een v\u00e2rst\u0103 de 17 ani, a avut nevoie de \u00eengrijiri medicale \u00een urma unui accident rutier ce s-a produs, \u00een aceast\u0103 diminea\u021b\u0103, \u00een localitatea Buturugeni. \u00cen eveniment a fost implicat un singur autoturism, g\u0103sit r\u0103sturnat pe o parte la marginea drumului.<\/p>\n\n\n\n<p>La fa\u021ba locului s-au deplasat pompierii din cadrul Sec\u021biei Mih\u0103ile\u0219ti \u0219i Deta\u0219amentului Bolintin Deal, cu o autospecial\u0103 de stingere, o descarcerare, o ambulan\u021b\u0103 SMURD, una SAJ \u0219i poli\u021bia.<\/p>\n\n\n\n<p>Conduc\u0103torul auto a fost monitorizat de paramedici \u0219i a refuzat transportul la unitatea de primiri urgen\u021be. Pasagera a fost preluat\u0103 de ambulan\u021ba SAJ \u0219i transportat\u0103 la un spital din capital\u0103.<\/p>\n\n\n\n<p>Pompierii au asigurat m\u0103surile de prevenire a incendiilor, iar cazul a r\u0103mas \u00een aten\u021bia poli\u021biei pentru cercet\u0103ri.<\/p>\n\n\n\n<p>Comunicat \u015fi foto: ISU Giurgiu<\/p>\n","protected":false},"excerpt":{"rendered":"<p>O t\u00e2n\u0103r\u0103, \u00een v\u00e2rst\u0103 de 17 ani, a avut nevoie de \u00eengrijiri medicale \u00een urma unui accident rutier ce s-a produs, \u00een aceast\u0103 diminea\u021b\u0103, \u00een localitatea Buturugeni. \u00cen eveniment a fost implicat un singur autoturism, g\u0103sit r\u0103sturnat pe o parte la marginea drumului. La fa\u021ba locului s-au deplasat pompierii din cadrul Sec\u021biei Mih\u0103ile\u0219ti \u0219i Deta\u0219amentului [&hellip;]<\/p>\n","protected":false},"author":1,"featured_media":93943,"comment_status":"open","ping_status":"open","sticky":false,"template":"","format":"standard","meta":{"slim_seo":{"title":"O fat\u0103 de 17 ani a ajuns la spital, \u00een urma unui accident rutier petrecut la Buturugeni - GIURGIU NET","description":"O t\u00e2n\u0103r\u0103, \u00een v\u00e2rst\u0103 de 17 ani, a avut nevoie de \u00eengrijiri medicale \u00een urma unui accident rutier ce s-a produs, \u00een aceast\u0103 diminea\u021b\u0103, \u00een localitatea Buturugeni."},"footnotes":""},"categories":[18,26],"tags":[1452],"class_list":{"0":"post-93942","1":"post","2":"type-post","3":"status-publish","4":"format-standard","5":"has-post-thumbnail","7":"category-actual","8":"category-soc","9":"tag-isu-giurgiu"},"_links":{"self":[{"href":"https:\/\/giurgiu-net.ro\/index.php\/wp-json\/wp\/v2\/posts\/93942","targetHints":{"allow":["GET"]}}],"collection":[{"href":"https:\/\/giurgiu-net.ro\/index.php\/wp-json\/wp\/v2\/posts"}],"about":[{"href":"https:\/\/giurgiu-net.ro\/index.php\/wp-json\/wp\/v2\/types\/post"}],"author":[{"embeddable":true,"href":"https:\/\/giurgiu-net.ro\/index.php\/wp-json\/wp\/v2\/users\/1"}],"replies":[{"embeddable":true,"href":"https:\/\/giurgiu-net.ro\/index.php\/wp-json\/wp\/v2\/comments?post=93942"}],"version-history":[{"count":1,"href":"https:\/\/giurgiu-net.ro\/index.php\/wp-json\/wp\/v2\/posts\/93942\/revisions"}],"predecessor-version":[{"id":93944,"href":"https:\/\/giurgiu-net.ro\/index.php\/wp-json\/wp\/v2\/posts\/93942\/revisions\/93944"}],"wp:featuredmedia":[{"embeddable":true,"href":"https:\/\/giurgiu-net.ro\/index.php\/wp-json\/wp\/v2\/media\/93943"}],"wp:attachment":[{"href":"https:\/\/giurgiu-net.ro\/index.php\/wp-json\/wp\/v2\/media?parent=93942"}],"wp:term":[{"taxonomy":"category","embeddable":true,"href":"https:\/\/giurgiu-net.ro\/index.php\/wp-json\/wp\/v2\/categories?post=93942"},{"taxonomy":"post_tag","embeddable":true,"href":"https:\/\/giurgiu-net.ro\/index.php\/wp-json\/wp\/v2\/tags?post=93942"}],"curies":[{"name":"wp","href":"https:\/\/api.w.org\/{rel}","templated":true}]}}