{"id":93711,"date":"2026-02-11T11:25:55","date_gmt":"2026-02-11T09:25:55","guid":{"rendered":"https:\/\/giurgiu-net.ro\/?p=93711"},"modified":"2026-02-12T10:00:55","modified_gmt":"2026-02-12T08:00:55","slug":"un-nou-grav-derapaj-al-primarului-anghelescu-in-sedinta-de-consiliu-il-jigneste-pe-un-consilier-local-bai-nesimtitule-si-se-ratoieste-la-un-coleg-din","status":"publish","type":"post","link":"https:\/\/giurgiu-net.ro\/index.php\/2026\/02\/11\/un-nou-grav-derapaj-al-primarului-anghelescu-in-sedinta-de-consiliu-il-jigneste-pe-un-consilier-local-bai-nesimtitule-si-se-ratoieste-la-un-coleg-din\/","title":{"rendered":"(Un\u00a0nou) Grav derapaj al primarului Anghelescu, \u00een \u015fedin\u0163\u0103 de consiliu. \u00cel jigne\u015fte pe un consilier local &#8211; \u201eb\u0103i, nesim\u0163itule!\u201d &#8211; \u015fi se \u201er\u0103\u0163oie\u015fte\u201d la un coleg din PNL"},"content":{"rendered":"\n<p>Mda, a cam obosit domnul primar al municipiului Giurgiu \u015fi \u00ee\u015fi iese din fire cam prea des. Doar c\u0103 <strong>nimic, dar absolut nimic<\/strong> nu scuz\u0103 ie\u015firile astea necontrolate(adic\u0103, sper c\u0103 sunt <strong>necontrolate<\/strong>), ni\u015fte derapaje verbale nepermise unui ales local. Nepermise nim\u0103nui, de fapt, dar lui cu at\u00e2t mai pu\u0163in.<\/p>\n\n\n\n<p>Oare ce s-ar fi iscat, dac\u0103 un edil <strong>social-democrat<\/strong> i-ar fi spus vreunui consilier \u201eb\u0103i, nesim\u0163itule!\u201d. Doamne fere\u015fte, vai de capul meu, p\u0103i, era \u201eexecutat\u201d \u00een pia\u0163a public\u0103 imediat, era dat pe toate televiziunile, scuipat de presa \u201eindependent\u0103\u201d, vuvuzele peste tot cu DEMISIAAA-n gur\u0103&#8230;<\/p>\n\n\n\n<p>\u00cen fine. Domnul primar Adrian Anghelescu a cedat iar nervos, astfel c\u0103, ieri, \u00een \u015fedin\u0163a Consiliului Local, c\u00e2nd consilierul Eduard Ingeaua i-a zis s\u0103 schimbe placa (imediat v\u0103 dau \u015fi contextul), primarul i-a spus: <strong>\u201es-o schimbi tu, b\u0103i, nesim\u0163itule!\u201d<\/strong>. Asta, dup\u0103 ce, \u00eentr-o alt\u0103 \u015fedin\u0163\u0103 l-a f\u0103cut \u201eidiot\u201d pe acela\u015fi consilier.<\/p>\n\n\n\n<p>Descalificant! Ru\u015finos! Nepermis! Mi-e jen\u0103 mie de jena pe care ar trebui s-o simt\u0103 \u015fi primarul \u015fi to\u0163i PNL-i\u015ftii lui.<\/p>\n\n\n\n<p>\u00cen primul r\u00e2nd c\u0103, oric\u00e2t te-ar enerva cineva, tu, ca personalitate public\u0103, om politic, primar, aviator, b\u0103rbat, whatever, nu ai voie s\u0103 r\u0103bufne\u015fti \u00eentr-un mod at\u00e2t de lipsit de orice&#8230; bun sim\u0163, respect, maturitate. <\/p>\n\n\n\n<p>\u015ei, p\u00e2n\u0103 la urm\u0103, de ce a fost \u201enesim\u0163it\u201d Ingeaua? &#8222;<strong>Expresia \u201ea schimba placa\u201d&nbsp;este un argou ce \u00eenseamn\u0103 a aborda un alt subiect, a spune altceva, a adopta o alt\u0103 atitudine sau a aduce noi argumente \u00eentr-o discu\u021bie, conform&nbsp;<a href=\"https:\/\/dexonline.ro\/definitie\/schimb%C4%83%20placa\/538962\" target=\"_blank\" rel=\"noreferrer noopener\">Dexonline<\/a>. Este folosit\u0103 frecvent c\u00e2nd cineva repet\u0103 acela\u0219i lucru sau argumenteaz\u0103 obsesiv o idee<\/strong>&#8222;<\/p>\n\n\n\n<p>Altceva era dac\u0103 v\u0103 f\u0103cea el pe dumneavoastr\u0103 nesim\u0163it sau mincinos sau incompetent sau&#8230; A\u0163i prins ideea? N-a f\u0103cut-o. V-a cerut frumos s\u0103 SCHIMBA\u0162I PLACA! C\u0103 de-aia nu-\u015fi mai revine Giurgiu, ci devine din ce \u00een ce mai ur\u00e2t \u015fi mai s\u0103rac.<\/p>\n\n\n\n<p>Demisia nu v-o da\u0163i, m-am prins, dar m\u0103car ni\u015fte scuze ar fi frumos s\u0103 VI le cere\u0163i! Nu de alta, dar m\u00e2ine- poim\u00e2ine, ne-o\u0163i jigni pe noi, to\u0163i cet\u0103\u0163enii, dac\u0103 mai \u00eendr\u0103znim s\u0103 v\u0103 cerem s\u0103&#8230;. SCHIMBA\u0162I PLACA!!!!<\/p>\n\n\n\n<p>Revenind la subiectul de la care a pornit discu\u0163ia, Eduard Ingeaua explic\u0103 ce a cerut, ieri, \u00een \u015fedin\u0163\u0103:<\/p>\n\n\n\n<p>\u201e\u00ce<em>n decembrie, la Giurgiu, taxele locale au fost majorate \u00een baza Ordonan\u021bei de Urgen\u021b\u0103 nr. 52\/2023. Legea permitea ajust\u0103ri. Nu obliga la suprataxare. Primarul a ales s\u0103 introduc\u0103 o cot\u0103 adi\u021bional\u0103 de 55% la impozitul auto. Am atras aten\u021bia atunci c\u0103 se poate aplica legea f\u0103r\u0103 aceast\u0103 majorare suplimentar\u0103. \u00cen acel moment, pozi\u021bia mea a fost catalogat\u0103 drept un demers populist. \u00cen ianuarie, aceea\u0219i administra\u021bie a venit cu propunerea de reducere a cotei de la 55% la 10%. \u00centrebarea este simpl\u0103: Dac\u0103 se putea renun\u021ba la 45% din majorare, \u00eenseamn\u0103 c\u0103 acea majorare nu era indispensabil\u0103. Dac\u0103 nu era indispensabil\u0103, de ce a fost impus\u0103? Reducerea de la 55% la 10% nu \u00eenseamn\u0103 \u201emic\u0219orarea taxelor\u201d. \u00censeamn\u0103 corectarea unei decizii ini\u021biale excesive. Am propus eliminarea complet\u0103 a cotei suplimentare \u2013 0%. Pentru c\u0103, dac\u0103 legea permite, prioritatea trebuie s\u0103 fie protejarea contribuabililor, nu construirea unui artificiu politic prin care \u00eent\u00e2i cre\u0219ti mult, apoi reduci pu\u021bin \u0219i te prezin\u021bi drept salvator. Giurgiuvenii merit\u0103 onestitate administrativ\u0103, nu jocuri de imagine&#8221;<\/em>, a scris Ingeaua pe Facebook.<\/p>\n\n\n\n<p>Mai mi\u015fto e c\u0103, tot ieri, \u00een aceea\u015fi \u015fedin\u0163\u0103, primarului Anghelescu i s-a pus pata \u015fi pe colegul de la PNL Silviu Dumitrescu. Auzi\u0163i, cic\u0103 \u201es-a \u00een\u0163eles cu Ingeaua\u201d s\u0103 critice proiectul de hot\u0103r\u00e2re \ud83e\udd23. Doamne fere\u015fte! <\/p>\n\n\n\n<p>Domn primar, lua\u0163i exemplu de la colegul Dumitrescu. A\u0163i obosit? <strong>Da\u0163i-v\u0103 demisia, merge\u0163i acas\u0103, dormi\u0163i pu\u0163in \u015fi v\u0103 chem\u0103m noi dac\u0103 mai avem nevoie<\/strong>!!!<\/p>\n\n\n\n<p>Somnic u\u015for!<\/p>\n","protected":false},"excerpt":{"rendered":"<p>Mda, a cam obosit domnul primar al municipiului Giurgiu \u015fi \u00ee\u015fi iese din fire cam prea des. Doar c\u0103 nimic, dar absolut nimic nu scuz\u0103 ie\u015firile astea necontrolate(adic\u0103, sper c\u0103 sunt necontrolate), ni\u015fte derapaje verbale nepermise unui ales local. Nepermise nim\u0103nui, de fapt, dar lui cu at\u00e2t mai pu\u0163in. Oare ce s-ar fi iscat, dac\u0103 [&hellip;]<\/p>\n","protected":false},"author":1,"featured_media":68699,"comment_status":"open","ping_status":"open","sticky":false,"template":"","format":"standard","meta":{"slim_seo":{"title":"(Un\u00a0nou) Grav derapaj al primarului Anghelescu, \u00een \u015fedin\u0163\u0103 de consiliu. \u00cel jigne\u015fte pe un consilier local - \u201eb\u0103i, nesim\u0163itule!\u201d - \u015fi se \u201er\u0103\u0163oie\u015fte\u201d la un coleg din PNL - GIURGIU NET","description":"Mda, a cam obosit domnul primar al municipiului Giurgiu \u015fi \u00ee\u015fi iese din fire cam prea des. Doar c\u0103 nimic, dar absolut nimic nu scuz\u0103 ie\u015firile astea necontrolate"},"footnotes":""},"categories":[18,19,23,25,26],"tags":[104,2027],"class_list":{"0":"post-93711","1":"post","2":"type-post","3":"status-publish","4":"format-standard","5":"has-post-thumbnail","7":"category-actual","8":"category-adm","9":"category-pam","10":"category-pol","11":"category-soc","12":"tag-adrian-anghelescu","13":"tag-pnl-giurgiu"},"_links":{"self":[{"href":"https:\/\/giurgiu-net.ro\/index.php\/wp-json\/wp\/v2\/posts\/93711","targetHints":{"allow":["GET"]}}],"collection":[{"href":"https:\/\/giurgiu-net.ro\/index.php\/wp-json\/wp\/v2\/posts"}],"about":[{"href":"https:\/\/giurgiu-net.ro\/index.php\/wp-json\/wp\/v2\/types\/post"}],"author":[{"embeddable":true,"href":"https:\/\/giurgiu-net.ro\/index.php\/wp-json\/wp\/v2\/users\/1"}],"replies":[{"embeddable":true,"href":"https:\/\/giurgiu-net.ro\/index.php\/wp-json\/wp\/v2\/comments?post=93711"}],"version-history":[{"count":4,"href":"https:\/\/giurgiu-net.ro\/index.php\/wp-json\/wp\/v2\/posts\/93711\/revisions"}],"predecessor-version":[{"id":93716,"href":"https:\/\/giurgiu-net.ro\/index.php\/wp-json\/wp\/v2\/posts\/93711\/revisions\/93716"}],"wp:featuredmedia":[{"embeddable":true,"href":"https:\/\/giurgiu-net.ro\/index.php\/wp-json\/wp\/v2\/media\/68699"}],"wp:attachment":[{"href":"https:\/\/giurgiu-net.ro\/index.php\/wp-json\/wp\/v2\/media?parent=93711"}],"wp:term":[{"taxonomy":"category","embeddable":true,"href":"https:\/\/giurgiu-net.ro\/index.php\/wp-json\/wp\/v2\/categories?post=93711"},{"taxonomy":"post_tag","embeddable":true,"href":"https:\/\/giurgiu-net.ro\/index.php\/wp-json\/wp\/v2\/tags?post=93711"}],"curies":[{"name":"wp","href":"https:\/\/api.w.org\/{rel}","templated":true}]}}