{"id":93520,"date":"2026-01-21T09:33:59","date_gmt":"2026-01-21T07:33:59","guid":{"rendered":"https:\/\/giurgiu-net.ro\/?p=93520"},"modified":"2026-01-21T09:34:00","modified_gmt":"2026-01-21T07:34:00","slug":"incendiu-in-municipiul-giurgiu-au-ars-podul-si-acoperisul-unei-case","status":"publish","type":"post","link":"https:\/\/giurgiu-net.ro\/index.php\/2026\/01\/21\/incendiu-in-municipiul-giurgiu-au-ars-podul-si-acoperisul-unei-case\/","title":{"rendered":"Incendiu \u00een municipiul Giurgiu: au ars podul \u0219i acoperi\u0219ul unei case"},"content":{"rendered":"\n<p><strong>Pompierii au intervenit, \u00een aceast\u0103 noapte, pentru stingerea unui incendiu izbucnit \u00een podul unei case cu etaj de pe Drumul Serei, din municipiul Giurgiu.<\/strong><br>La fa\u021ba locului au fost mobilizate dou\u0103 autospeciale de stingere, o autospecial\u0103 pentru interven\u021bie \u0219i salvare de la \u00een\u0103l\u021bime, o cistern\u0103 \u0219i o ambulan\u021b\u0103 SMURD.<\/p>\n\n\n\n<p>La sosirea echipajelor, incendiul se manifesta la nivelul podului \u0219i al acoperi\u0219ului, pe o suprafa\u021b\u0103 de aproximativ 100 de metri p\u0103tra\u021bi.<\/p>\n\n\n\n<p>\u00cen urma evenimentului, s-au deteriorat tavanele camerelor de la etaj, mobilierul, aparatura electronic\u0103 \u0219i electrocasnic\u0103, precum \u0219i materiale textile.<\/p>\n\n\n\n<p>Cauza probabil\u0103 de producere a incendiului a fost scurtcircuitul.<\/p>\n\n\n\n<p>Pentru \u00eenl\u0103turarea pericolului de incendiu ce poate ap\u0103rea pe timpul exploat\u0103rii instala\u021biei electrice, trebuie adoptate urm\u0103toarele m\u0103suri:<\/p>\n\n\n\n<ul class=\"wp-block-list\">\n<li>nu folosi\u0163i prize sau \u00eentrerup\u0103toare sl\u0103bite. \u00cen cazul \u00een care observa\u0163i c\u0103 priza se mi\u015fc\u0103 sau c\u0103 \u00een jurul \u00eentrerup\u0103torului exist\u0103 orificii libere, cere\u0163i ajutorul unui specialist pentru schimbarea prizei\/\u00eentrerup\u0103torului \u015fi pentru izolarea zonei respective;<\/li>\n\n\n\n<li>nu utiliza\u0163i aparate electrice care au conductorii de alimentare uza\u0163i, deteriora\u0163i sau care nu mai au \u015ftecher;<\/li>\n\n\n\n<li>nu alimenta\u0163i mai mul\u0163i consumatori electrici din acela\u015fi prelungitor, concomitent;<\/li>\n\n\n\n<li>nu l\u0103sa\u0163i aparatele electrice sub tensiune c\u00e2nd nu le folosi\u0163i deoarece acestea pot fi oric\u00e2nd surse generatoare de incendiu;<\/li>\n\n\n\n<li>verifica\u021bi periodic instala\u0163ia electric\u0103, cu ajutorul personalului autorizat.<\/li>\n<\/ul>\n\n\n\n<p>Informa\u021bii despre modul de comportare \u00een cazul producerii unor situa\u021bii de urgen\u021b\u0103 sau alte date utile despre manifestarea fenomenelor meteorologice periculoase pot fi ob\u021binute prin accesarea portalului fiipregatit.ro sau prin intermediul aplica\u021biei de mobil DSU, care poate fi desc\u0103rcat\u0103 gratuit din Google Play Store.<\/p>\n\n\n\n<p>Comunicat \u015fi foto: ISU Giurgiu<\/p>\n","protected":false},"excerpt":{"rendered":"<p>Pompierii au intervenit, \u00een aceast\u0103 noapte, pentru stingerea unui incendiu izbucnit \u00een podul unei case cu etaj de pe Drumul Serei, din municipiul Giurgiu.La fa\u021ba locului au fost mobilizate dou\u0103 autospeciale de stingere, o autospecial\u0103 pentru interven\u021bie \u0219i salvare de la \u00een\u0103l\u021bime, o cistern\u0103 \u0219i o ambulan\u021b\u0103 SMURD. La sosirea echipajelor, incendiul se manifesta la [&hellip;]<\/p>\n","protected":false},"author":1,"featured_media":93521,"comment_status":"open","ping_status":"open","sticky":false,"template":"","format":"standard","meta":{"slim_seo":{"title":"Incendiu \u00een municipiul Giurgiu: au ars podul \u0219i acoperi\u0219ul unei case - GIURGIU NET","description":"Pompierii au intervenit, \u00een aceast\u0103 noapte, pentru stingerea unui incendiu izbucnit \u00een podul unei case cu etaj de pe Drumul Serei, din municipiul Giurgiu. La fa"},"footnotes":""},"categories":[18,26],"tags":[1452],"class_list":{"0":"post-93520","1":"post","2":"type-post","3":"status-publish","4":"format-standard","5":"has-post-thumbnail","7":"category-actual","8":"category-soc","9":"tag-isu-giurgiu"},"_links":{"self":[{"href":"https:\/\/giurgiu-net.ro\/index.php\/wp-json\/wp\/v2\/posts\/93520","targetHints":{"allow":["GET"]}}],"collection":[{"href":"https:\/\/giurgiu-net.ro\/index.php\/wp-json\/wp\/v2\/posts"}],"about":[{"href":"https:\/\/giurgiu-net.ro\/index.php\/wp-json\/wp\/v2\/types\/post"}],"author":[{"embeddable":true,"href":"https:\/\/giurgiu-net.ro\/index.php\/wp-json\/wp\/v2\/users\/1"}],"replies":[{"embeddable":true,"href":"https:\/\/giurgiu-net.ro\/index.php\/wp-json\/wp\/v2\/comments?post=93520"}],"version-history":[{"count":1,"href":"https:\/\/giurgiu-net.ro\/index.php\/wp-json\/wp\/v2\/posts\/93520\/revisions"}],"predecessor-version":[{"id":93522,"href":"https:\/\/giurgiu-net.ro\/index.php\/wp-json\/wp\/v2\/posts\/93520\/revisions\/93522"}],"wp:featuredmedia":[{"embeddable":true,"href":"https:\/\/giurgiu-net.ro\/index.php\/wp-json\/wp\/v2\/media\/93521"}],"wp:attachment":[{"href":"https:\/\/giurgiu-net.ro\/index.php\/wp-json\/wp\/v2\/media?parent=93520"}],"wp:term":[{"taxonomy":"category","embeddable":true,"href":"https:\/\/giurgiu-net.ro\/index.php\/wp-json\/wp\/v2\/categories?post=93520"},{"taxonomy":"post_tag","embeddable":true,"href":"https:\/\/giurgiu-net.ro\/index.php\/wp-json\/wp\/v2\/tags?post=93520"}],"curies":[{"name":"wp","href":"https:\/\/api.w.org\/{rel}","templated":true}]}}