{"id":93490,"date":"2026-01-18T11:58:27","date_gmt":"2026-01-18T09:58:27","guid":{"rendered":"https:\/\/giurgiu-net.ro\/?p=93490"},"modified":"2026-01-18T11:58:28","modified_gmt":"2026-01-18T09:58:28","slug":"giurgiu-accidente-la-indigo-doi-barbati-au-ajuns-la-spital-dupa-ce-masinile-pe-care-le-conduceau-au-iesit-de-pe-sosea","status":"publish","type":"post","link":"https:\/\/giurgiu-net.ro\/index.php\/2026\/01\/18\/giurgiu-accidente-la-indigo-doi-barbati-au-ajuns-la-spital-dupa-ce-masinile-pe-care-le-conduceau-au-iesit-de-pe-sosea\/","title":{"rendered":"GIURGIU: Accidente \u201ela indigo\u201d. Doi b\u0103rba\u0163i au ajuns la spital, dup\u0103 ce ma\u015finile pe care le conduceau au ie\u015fit de pe \u015fosea"},"content":{"rendered":"\n<p>Primul accident a avut loc, \u00een aceast\u0103 diminea\u0163\u0103, pe DN 5, \u00een afara localit\u0103\u0163ii Aduna\u0163ii Cop\u0103ceni.<\/p>\n\n\n\n<p>Pompierii anun\u0163\u0103 c\u0103 un b\u0103rbat de 43 de ani a ajuns la spital, dup\u0103 ce ma\u015fina pe care o conducea a ie\u015fit de pe \u015fosea. \u201eEvenimentul a avut loc pe sensul de mers spre capital\u0103, fiind implicat un singur autoturism, g\u0103sit \u00een afara p\u0103r\u021bii carosabile.<\/p>\n\n\n\n<figure class=\"wp-block-image size-large\"><img loading=\"lazy\" decoding=\"async\" width=\"768\" height=\"1024\" src=\"https:\/\/giurgiu-net.ro\/wp-content\/uploads\/2026\/01\/1f811665-98d7-4d37-b8fd-6ca1e66b6fc2-768x1024.jpeg\" alt=\"1f811665 98d7 4d37 b8fd 6ca1e66b6fc2\" class=\"wp-image-93491\" srcset=\"https:\/\/giurgiu-net.ro\/wp-content\/uploads\/2026\/01\/1f811665-98d7-4d37-b8fd-6ca1e66b6fc2-768x1024.jpeg 768w, https:\/\/giurgiu-net.ro\/wp-content\/uploads\/2026\/01\/1f811665-98d7-4d37-b8fd-6ca1e66b6fc2-225x300.jpeg 225w, https:\/\/giurgiu-net.ro\/wp-content\/uploads\/2026\/01\/1f811665-98d7-4d37-b8fd-6ca1e66b6fc2-1152x1536.jpeg 1152w, https:\/\/giurgiu-net.ro\/wp-content\/uploads\/2026\/01\/1f811665-98d7-4d37-b8fd-6ca1e66b6fc2-315x420.jpeg 315w, https:\/\/giurgiu-net.ro\/wp-content\/uploads\/2026\/01\/1f811665-98d7-4d37-b8fd-6ca1e66b6fc2-696x928.jpeg 696w, https:\/\/giurgiu-net.ro\/wp-content\/uploads\/2026\/01\/1f811665-98d7-4d37-b8fd-6ca1e66b6fc2-1068x1424.jpeg 1068w, https:\/\/giurgiu-net.ro\/wp-content\/uploads\/2026\/01\/1f811665-98d7-4d37-b8fd-6ca1e66b6fc2.jpeg 1200w\" sizes=\"auto, (max-width: 768px) 100vw, 768px\" \/><\/figure>\n\n\n\n<p>La fa\u021ba locului s-au deplasat pompierii din cadrul Punctului de Lucru C\u0103lug\u0103reni, cu o autospecial\u0103 de stingere, o ambulan\u021b\u0103 SAJ \u0219i poli\u021bia.<\/p>\n\n\n\n<p>Conduc\u0103torul auto, \u00een v\u00e2rst\u0103 de 43 ani, a fost preluat de echipajul SAJ \u0219i transportat la spital din capital\u0103.<\/p>\n\n\n\n<p>Pompierii au asigurat m\u0103surile de prevenire a incendiilor, iar cazul a r\u0103mas \u00een aten\u021bia Poli\u021biei pentru cercet\u0103ri\u201d, a transmis ISU Giurgiu.<\/p>\n\n\n\n<p>Conform sursei citate, un al doilea accident similar a avut loc, tot azi-diminea\u0163\u0103, dar pe DN 5B, \u00eentre localita\u021bile Ghimpa\u021bi \u0219i C\u0103mineasca<\/p>\n\n\n\n<p>\u201e\u00cen eveniment a fost implicat un singur autoturism, g\u0103sit \u00een afara p\u0103r\u021bii carosabile.<\/p>\n\n\n\n<figure class=\"wp-block-image size-large\"><img loading=\"lazy\" decoding=\"async\" width=\"1024\" height=\"768\" src=\"https:\/\/giurgiu-net.ro\/wp-content\/uploads\/2026\/01\/fbac3429-93d1-44d2-a400-4081c36af487-1024x768.jpeg\" alt=\"Fbac3429 93d1 44d2 a400 4081c36af487\" class=\"wp-image-93492\" srcset=\"https:\/\/giurgiu-net.ro\/wp-content\/uploads\/2026\/01\/fbac3429-93d1-44d2-a400-4081c36af487-1024x768.jpeg 1024w, https:\/\/giurgiu-net.ro\/wp-content\/uploads\/2026\/01\/fbac3429-93d1-44d2-a400-4081c36af487-300x225.jpeg 300w, https:\/\/giurgiu-net.ro\/wp-content\/uploads\/2026\/01\/fbac3429-93d1-44d2-a400-4081c36af487-768x576.jpeg 768w, https:\/\/giurgiu-net.ro\/wp-content\/uploads\/2026\/01\/fbac3429-93d1-44d2-a400-4081c36af487-1536x1152.jpeg 1536w, https:\/\/giurgiu-net.ro\/wp-content\/uploads\/2026\/01\/fbac3429-93d1-44d2-a400-4081c36af487-560x420.jpeg 560w, https:\/\/giurgiu-net.ro\/wp-content\/uploads\/2026\/01\/fbac3429-93d1-44d2-a400-4081c36af487-80x60.jpeg 80w, https:\/\/giurgiu-net.ro\/wp-content\/uploads\/2026\/01\/fbac3429-93d1-44d2-a400-4081c36af487-696x522.jpeg 696w, https:\/\/giurgiu-net.ro\/wp-content\/uploads\/2026\/01\/fbac3429-93d1-44d2-a400-4081c36af487-1068x801.jpeg 1068w, https:\/\/giurgiu-net.ro\/wp-content\/uploads\/2026\/01\/fbac3429-93d1-44d2-a400-4081c36af487.jpeg 1600w\" sizes=\"auto, (max-width: 1024px) 100vw, 1024px\" \/><\/figure>\n\n\n\n<p>La fa\u021ba locului s-au deplasat pompierii din cadrul Sec\u021biei Mih\u0103ile\u0219ti, cu o autospecial\u0103 de stingere, o ambulan\u021b\u0103 SMURD, una SAJ \u0219i poli\u021bia.<\/p>\n\n\n\n<p>Conduc\u0103torul auto, \u00een v\u00e2rst\u0103 de 26 ani, a fost preluat de echipajul SAJ \u0219i transportat la Unitatea de Primiri Urgen\u021be.<\/p>\n\n\n\n<p>Pompierii au asigurat m\u0103surile de prevenire a incendiilor, iar cazul a r\u0103mas \u00een aten\u021bia Poli\u021biei pentru cercet\u0103ri\u201d, au mai anun\u0163at pompierii giurgiuveni.<\/p>\n\n\n\n<p>Foto: ISU Giurgiu<\/p>\n","protected":false},"excerpt":{"rendered":"<p>Primul accident a avut loc, \u00een aceast\u0103 diminea\u0163\u0103, pe DN 5, \u00een afara localit\u0103\u0163ii Aduna\u0163ii Cop\u0103ceni. Pompierii anun\u0163\u0103 c\u0103 un b\u0103rbat de 43 de ani a ajuns la spital, dup\u0103 ce ma\u015fina pe care o conducea a ie\u015fit de pe \u015fosea. \u201eEvenimentul a avut loc pe sensul de mers spre capital\u0103, fiind implicat un singur [&hellip;]<\/p>\n","protected":false},"author":1,"featured_media":93492,"comment_status":"open","ping_status":"open","sticky":false,"template":"","format":"standard","meta":{"slim_seo":{"title":"GIURGIU: Accidente \u201ela indigo\u201d. Doi b\u0103rba\u0163i au ajuns la spital, dup\u0103 ce ma\u015finile pe care le conduceau au ie\u015fit de pe \u015fosea - GIURGIU NET","description":"Primul accident a avut loc, \u00een aceast\u0103 diminea\u0163\u0103, pe DN 5, \u00een afara localit\u0103\u0163ii Aduna\u0163ii Cop\u0103ceni. Pompierii anun\u0163\u0103 c\u0103 un b\u0103rbat de 43 de ani a ajuns la spital,"},"footnotes":""},"categories":[18,26],"tags":[1452],"class_list":{"0":"post-93490","1":"post","2":"type-post","3":"status-publish","4":"format-standard","5":"has-post-thumbnail","7":"category-actual","8":"category-soc","9":"tag-isu-giurgiu"},"_links":{"self":[{"href":"https:\/\/giurgiu-net.ro\/index.php\/wp-json\/wp\/v2\/posts\/93490","targetHints":{"allow":["GET"]}}],"collection":[{"href":"https:\/\/giurgiu-net.ro\/index.php\/wp-json\/wp\/v2\/posts"}],"about":[{"href":"https:\/\/giurgiu-net.ro\/index.php\/wp-json\/wp\/v2\/types\/post"}],"author":[{"embeddable":true,"href":"https:\/\/giurgiu-net.ro\/index.php\/wp-json\/wp\/v2\/users\/1"}],"replies":[{"embeddable":true,"href":"https:\/\/giurgiu-net.ro\/index.php\/wp-json\/wp\/v2\/comments?post=93490"}],"version-history":[{"count":1,"href":"https:\/\/giurgiu-net.ro\/index.php\/wp-json\/wp\/v2\/posts\/93490\/revisions"}],"predecessor-version":[{"id":93493,"href":"https:\/\/giurgiu-net.ro\/index.php\/wp-json\/wp\/v2\/posts\/93490\/revisions\/93493"}],"wp:featuredmedia":[{"embeddable":true,"href":"https:\/\/giurgiu-net.ro\/index.php\/wp-json\/wp\/v2\/media\/93492"}],"wp:attachment":[{"href":"https:\/\/giurgiu-net.ro\/index.php\/wp-json\/wp\/v2\/media?parent=93490"}],"wp:term":[{"taxonomy":"category","embeddable":true,"href":"https:\/\/giurgiu-net.ro\/index.php\/wp-json\/wp\/v2\/categories?post=93490"},{"taxonomy":"post_tag","embeddable":true,"href":"https:\/\/giurgiu-net.ro\/index.php\/wp-json\/wp\/v2\/tags?post=93490"}],"curies":[{"name":"wp","href":"https:\/\/api.w.org\/{rel}","templated":true}]}}