{"id":93474,"date":"2026-01-16T09:39:25","date_gmt":"2026-01-16T07:39:25","guid":{"rendered":"https:\/\/giurgiu-net.ro\/?p=93474"},"modified":"2026-01-16T09:39:26","modified_gmt":"2026-01-16T07:39:26","slug":"cum-va-fi-vremea-la-giurgiu-in-perioada-urmatoare-3","status":"publish","type":"post","link":"https:\/\/giurgiu-net.ro\/index.php\/2026\/01\/16\/cum-va-fi-vremea-la-giurgiu-in-perioada-urmatoare-3\/","title":{"rendered":"Cum va fi vremea la Giurgiu, \u00een perioada urm\u0103toare?"},"content":{"rendered":"\n<p>Potrivit speciali\u015ftilor, \u00een urm\u0103toarea perioad\u0103, la Giurgiu, maximele vor fi negative, fiind cuprinse \u00eentre -3 \u015fi -1 grad Celsius, cu minime ce vor cobor\u00ee \u015fi p\u00e2n\u0103 la -9 grade.<\/p>\n\n\n\n<p> Ast\u0103zi, va ninge, \u00eens\u0103, conform site-urilor de specialitate, nu mai sunt a\u015fteptate ninsori \u00een urm\u0103toarele zile.<\/p>\n\n\n\n<figure class=\"wp-block-gallery has-nested-images columns-1 is-cropped wp-block-gallery-1 is-layout-flex wp-block-gallery-is-layout-flex\">\n<figure class=\"wp-block-image size-large\"><img loading=\"lazy\" decoding=\"async\" width=\"513\" height=\"856\" data-id=\"93476\" src=\"https:\/\/giurgiu-net.ro\/wp-content\/uploads\/2026\/01\/vreme-1.jpg\" alt=\"Vreme\" class=\"wp-image-93476\" srcset=\"https:\/\/giurgiu-net.ro\/wp-content\/uploads\/2026\/01\/vreme-1.jpg 513w, https:\/\/giurgiu-net.ro\/wp-content\/uploads\/2026\/01\/vreme-1-180x300.jpg 180w, https:\/\/giurgiu-net.ro\/wp-content\/uploads\/2026\/01\/vreme-1-252x420.jpg 252w\" sizes=\"auto, (max-width: 513px) 100vw, 513px\" \/><\/figure>\n\n\n\n<figure class=\"wp-block-image size-large\"><img loading=\"lazy\" decoding=\"async\" width=\"527\" height=\"683\" data-id=\"93475\" src=\"https:\/\/giurgiu-net.ro\/wp-content\/uploads\/2026\/01\/vreme-2.jpg\" alt=\"Vreme\" class=\"wp-image-93475\" srcset=\"https:\/\/giurgiu-net.ro\/wp-content\/uploads\/2026\/01\/vreme-2.jpg 527w, https:\/\/giurgiu-net.ro\/wp-content\/uploads\/2026\/01\/vreme-2-231x300.jpg 231w, https:\/\/giurgiu-net.ro\/wp-content\/uploads\/2026\/01\/vreme-2-324x420.jpg 324w\" sizes=\"auto, (max-width: 527px) 100vw, 527px\" \/><\/figure>\n<\/figure>\n","protected":false},"excerpt":{"rendered":"<p>Potrivit speciali\u015ftilor, \u00een urm\u0103toarea perioad\u0103, la Giurgiu, maximele vor fi negative, fiind cuprinse \u00eentre -3 \u015fi -1 grad Celsius, cu minime ce vor cobor\u00ee \u015fi p\u00e2n\u0103 la -9 grade. Ast\u0103zi, va ninge, \u00eens\u0103, conform site-urilor de specialitate, nu mai sunt a\u015fteptate ninsori \u00een urm\u0103toarele zile.<\/p>\n","protected":false},"author":1,"featured_media":84173,"comment_status":"open","ping_status":"open","sticky":false,"template":"","format":"standard","meta":{"slim_seo":{"title":"Cum va fi vremea la Giurgiu, \u00een perioada urm\u0103toare? - GIURGIU NET","description":"Potrivit speciali\u015ftilor, \u00een urm\u0103toarea perioad\u0103, la Giurgiu, maximele vor fi negative, fiind cuprinse \u00eentre -3 \u015fi -1 grad Celsius, cu minime ce vor cobor\u00ee \u015fi p\u00e2"},"footnotes":""},"categories":[18,26],"tags":[],"class_list":{"0":"post-93474","1":"post","2":"type-post","3":"status-publish","4":"format-standard","5":"has-post-thumbnail","7":"category-actual","8":"category-soc"},"_links":{"self":[{"href":"https:\/\/giurgiu-net.ro\/index.php\/wp-json\/wp\/v2\/posts\/93474","targetHints":{"allow":["GET"]}}],"collection":[{"href":"https:\/\/giurgiu-net.ro\/index.php\/wp-json\/wp\/v2\/posts"}],"about":[{"href":"https:\/\/giurgiu-net.ro\/index.php\/wp-json\/wp\/v2\/types\/post"}],"author":[{"embeddable":true,"href":"https:\/\/giurgiu-net.ro\/index.php\/wp-json\/wp\/v2\/users\/1"}],"replies":[{"embeddable":true,"href":"https:\/\/giurgiu-net.ro\/index.php\/wp-json\/wp\/v2\/comments?post=93474"}],"version-history":[{"count":1,"href":"https:\/\/giurgiu-net.ro\/index.php\/wp-json\/wp\/v2\/posts\/93474\/revisions"}],"predecessor-version":[{"id":93477,"href":"https:\/\/giurgiu-net.ro\/index.php\/wp-json\/wp\/v2\/posts\/93474\/revisions\/93477"}],"wp:featuredmedia":[{"embeddable":true,"href":"https:\/\/giurgiu-net.ro\/index.php\/wp-json\/wp\/v2\/media\/84173"}],"wp:attachment":[{"href":"https:\/\/giurgiu-net.ro\/index.php\/wp-json\/wp\/v2\/media?parent=93474"}],"wp:term":[{"taxonomy":"category","embeddable":true,"href":"https:\/\/giurgiu-net.ro\/index.php\/wp-json\/wp\/v2\/categories?post=93474"},{"taxonomy":"post_tag","embeddable":true,"href":"https:\/\/giurgiu-net.ro\/index.php\/wp-json\/wp\/v2\/tags?post=93474"}],"curies":[{"name":"wp","href":"https:\/\/api.w.org\/{rel}","templated":true}]}}