{"id":93457,"date":"2026-01-13T12:45:51","date_gmt":"2026-01-13T10:45:51","guid":{"rendered":"https:\/\/giurgiu-net.ro\/?p=93457"},"modified":"2026-01-13T12:45:51","modified_gmt":"2026-01-13T10:45:51","slug":"ultima-ora-o-femeie-a-fost-ranita-dupa-ce-doua-masini-s-au-ciocnit-intre-balanoaia-si-fratesti","status":"publish","type":"post","link":"https:\/\/giurgiu-net.ro\/index.php\/2026\/01\/13\/ultima-ora-o-femeie-a-fost-ranita-dupa-ce-doua-masini-s-au-ciocnit-intre-balanoaia-si-fratesti\/","title":{"rendered":"ULTIMA OR\u0102: O femeie a fost r\u0103nit\u0103, dup\u0103 ce dou\u0103 ma\u015fini s-au ciocnit, \u00eentre B\u0103l\u0103noaia \u015fi Fr\u0103te\u015fti"},"content":{"rendered":"\n<p>O femeie a avut nevoie de \u00eengrijiri medicale \u00een urma unui accident rutier ce s-a produs ast\u0103zi, \u00een jurul pr\u00e2nzului, pe DC 116, \u00eentre localit\u0103\u021bile B\u0103l\u0103noaia \u0219i Fr\u0103te\u0219ti. \u00cen eveniment au fost implicate dou\u0103 autoturisme.<\/p>\n\n\n\n<p>La fa\u021ba locului s-au deplasat pompierii din cadrul Deta\u0219amentului Giurgiu, cu o autospecial\u0103 de stingere, o ambulan\u021b\u0103 SMURD \u0219i poli\u021bia.<\/p>\n\n\n\n<p>Femeia, \u00een v\u00e2rst\u0103 de 58 de ani, pasager\u0103 \u00eentr-una dintre ma\u0219ini a fost preluat\u0103 de paramedici \u0219i transportat\u0103 la Unitatea de Primiri Urgen\u021be.<\/p>\n\n\n\n<p>Pompierii au asigurat m\u0103surile de prevenire a incendiilor prin deconectarea bornelor de la bateriile autoturismelor, iar cazul a r\u0103mas \u00een aten\u021bia Poli\u021biei pentru cercet\u0103ri.<\/p>\n\n\n\n<p>Comunicat \u015fi foto: ISU Giurgiu<\/p>\n","protected":false},"excerpt":{"rendered":"<p>O femeie a avut nevoie de \u00eengrijiri medicale \u00een urma unui accident rutier ce s-a produs ast\u0103zi, \u00een jurul pr\u00e2nzului, pe DC 116, \u00eentre localit\u0103\u021bile B\u0103l\u0103noaia \u0219i Fr\u0103te\u0219ti. \u00cen eveniment au fost implicate dou\u0103 autoturisme. La fa\u021ba locului s-au deplasat pompierii din cadrul Deta\u0219amentului Giurgiu, cu o autospecial\u0103 de stingere, o ambulan\u021b\u0103 SMURD \u0219i poli\u021bia. [&hellip;]<\/p>\n","protected":false},"author":1,"featured_media":93458,"comment_status":"open","ping_status":"open","sticky":false,"template":"","format":"standard","meta":{"slim_seo":{"title":"ULTIMA OR\u0102: O femeie a fost r\u0103nit\u0103, dup\u0103 ce dou\u0103 ma\u015fini s-au ciocnit, \u00eentre B\u0103l\u0103noaia \u015fi Fr\u0103te\u015fti - GIURGIU NET","description":"O femeie a avut nevoie de \u00eengrijiri medicale \u00een urma unui accident rutier ce s-a produs ast\u0103zi, \u00een jurul pr\u00e2nzului, pe DC 116, \u00eentre localit\u0103\u021bile B\u0103l\u0103noaia \u0219i F"},"footnotes":""},"categories":[18,26],"tags":[1452],"class_list":{"0":"post-93457","1":"post","2":"type-post","3":"status-publish","4":"format-standard","5":"has-post-thumbnail","7":"category-actual","8":"category-soc","9":"tag-isu-giurgiu"},"_links":{"self":[{"href":"https:\/\/giurgiu-net.ro\/index.php\/wp-json\/wp\/v2\/posts\/93457","targetHints":{"allow":["GET"]}}],"collection":[{"href":"https:\/\/giurgiu-net.ro\/index.php\/wp-json\/wp\/v2\/posts"}],"about":[{"href":"https:\/\/giurgiu-net.ro\/index.php\/wp-json\/wp\/v2\/types\/post"}],"author":[{"embeddable":true,"href":"https:\/\/giurgiu-net.ro\/index.php\/wp-json\/wp\/v2\/users\/1"}],"replies":[{"embeddable":true,"href":"https:\/\/giurgiu-net.ro\/index.php\/wp-json\/wp\/v2\/comments?post=93457"}],"version-history":[{"count":1,"href":"https:\/\/giurgiu-net.ro\/index.php\/wp-json\/wp\/v2\/posts\/93457\/revisions"}],"predecessor-version":[{"id":93459,"href":"https:\/\/giurgiu-net.ro\/index.php\/wp-json\/wp\/v2\/posts\/93457\/revisions\/93459"}],"wp:featuredmedia":[{"embeddable":true,"href":"https:\/\/giurgiu-net.ro\/index.php\/wp-json\/wp\/v2\/media\/93458"}],"wp:attachment":[{"href":"https:\/\/giurgiu-net.ro\/index.php\/wp-json\/wp\/v2\/media?parent=93457"}],"wp:term":[{"taxonomy":"category","embeddable":true,"href":"https:\/\/giurgiu-net.ro\/index.php\/wp-json\/wp\/v2\/categories?post=93457"},{"taxonomy":"post_tag","embeddable":true,"href":"https:\/\/giurgiu-net.ro\/index.php\/wp-json\/wp\/v2\/tags?post=93457"}],"curies":[{"name":"wp","href":"https:\/\/api.w.org\/{rel}","templated":true}]}}