{"id":93437,"date":"2026-01-09T12:16:30","date_gmt":"2026-01-09T10:16:30","guid":{"rendered":"https:\/\/giurgiu-net.ro\/?p=93437"},"modified":"2026-01-09T12:16:31","modified_gmt":"2026-01-09T10:16:31","slug":"ger-la-giurgiu-pana-marti","status":"publish","type":"post","link":"https:\/\/giurgiu-net.ro\/index.php\/2026\/01\/09\/ger-la-giurgiu-pana-marti\/","title":{"rendered":"Ger, la Giurgiu, p\u00e2n\u0103 mar\u0163i"},"content":{"rendered":"\n<p>Meteorologii au emis o informare de ger, valabil\u0103 \u00een jude\u021bul Giurgiu de ast\u0103zi p\u00e2n\u0103 mar\u021bi diminea\u021b\u0103. Vremea va fi rece \u00een \u00eentreaga \u021bar\u0103, geroas\u0103 \u00een special \u00een timpul nop\u021bilor \u0219i al dimine\u021bilor. Vor fi temperaturi maxime \u00een general \u00eentre -11 \u0219i 0 grade.<br>Temporar, vor ap\u0103rea precipita\u021bii mixte \u0219i izolat se va depune polei. V\u00e2ntul va prezenta intensific\u0103ri \u0219i va bate cu viteze de 40-50 km\/h.<br>Av\u00e2nd \u00een vedere temperaturile sc\u0103zute prognozate, ISU Giurgiu recomand\u0103 cet\u0103\u021benilor s\u0103 respecte m\u0103surile de siguran\u0163\u0103 \u00een locuin\u0163e, pentru a-\u0219i proteja at\u00e2t via\u021ba, c\u00e2t \u0219i bunurile.<br>M\u0103suri de prevenire a incendiilor la folosirea sobelor \u0219i aparatelor electrice de \u00eenc\u0103lzire:<\/p>\n\n\n\n<ul class=\"wp-block-list\">\n<li>verifica\u021bi sobele, canalele \u015fi co\u015furile de evacuare a fumului \u0219i asigura\u021bi-v\u0103 c\u0103 acestea nu prezint\u0103 fisuri care s\u0103 permit\u0103 sc\u00e2nteilor s\u0103 incendieze materialele combustibile din apropiere;<\/li>\n\n\n\n<li>nu folosi\u0163i alte materiale combustibile \u00een afar\u0103 de cele pentru care a fost destinat\u0103 soba \u015fi evita\u0163i supra\u00eenc\u0103rcarea acesteia;<\/li>\n\n\n\n<li>men\u021bine\u021bi u\u0219a sobei \u00eenchis\u0103 \u0219i a\u0219eza\u021bi o tav\u0103 metalic\u0103 \u00een dreptul acesteia;nu pune\u021bi \u00een apropierea sobei sau pe aceasta materiale combustibile;<\/li>\n\n\n\n<li>stinge\u021bi focul \u00eenainte de a p\u0103r\u0103si locuin\u021ba \u0219i nu adormi\u021bi cu soba aprins\u0103;<\/li>\n\n\n\n<li>verifica\u021bi aparatele electrice de \u00eenc\u0103lzire \u0219i repara\u021bi sau \u00eenlocui\u021bi orice echipament defect cu ajutorul unui specialist;<\/li>\n\n\n\n<li>decupla\u0163i aparatele electrice de \u00eenc\u0103lzire \u00eenainte de a p\u0103r\u0103si locuin\u0163a sau de a adormi;<\/li>\n\n\n\n<li>nu l\u0103sa\u0163i copiii nesupraveghea\u0163i cu soba aprins\u0103 sau cu aparatele electrice de \u00eenc\u0103lzire \u00een func\u0163iune.<br>Recomand\u0103ri pentru protec\u021bia personal\u0103 \u00een timpul gerului:<\/li>\n\n\n\n<li>evita\u021bi deplas\u0103rile lungi \u0219i expunerea prelungit\u0103 la frig;<\/li>\n\n\n\n<li>\u00eembr\u0103ca\u021bi-v\u0103 gros, purta\u021bi \u00eenc\u0103l\u021b\u0103minte antiderapant\u0103;<\/li>\n\n\n\n<li>mi\u0219ca\u021bi-v\u0103 constant c\u00e2nd sta\u021bi afar\u0103, pentru a men\u021bine c\u0103ldura corporal\u0103;<\/li>\n\n\n\n<li>m\u00e2nca\u0163i regulat \u015fi consuma\u0163i suficiente lichide, evit\u00e2nd excesul de cofein\u0103 sau alcool;<\/li>\n\n\n\n<li>proteja\u0163i persoanele \u00een v\u00e2rst\u0103, care au probleme de s\u0103n\u0103tate, copiii \u0219i femeile \u00eens\u0103rcinate;<\/li>\n\n\n\n<li>\u00een situa\u021bii de urgen\u021b\u0103, apela\u021bi num\u0103rul unic 112.<br>Informat\u0326ii despre modul de comportare i\u0302n cazul producerii unor situat\u0326ii de urgent\u0326a\u0306 sau alte date utile despre manifestarea fenomenelor meteorologice periculoase pot fi obt\u0326inute prin accesarea portalului fiipregatit.ro sau prin intermediul aplicat\u0326iei de mobil DSU, care poate fi desca\u0306rcata\u0306 gratuit din Google Play Store.<\/li>\n<\/ul>\n\n\n\n<p>Comunicat \u015fi foto: ISU Giurgiu<\/p>\n","protected":false},"excerpt":{"rendered":"<p>Meteorologii au emis o informare de ger, valabil\u0103 \u00een jude\u021bul Giurgiu de ast\u0103zi p\u00e2n\u0103 mar\u021bi diminea\u021b\u0103. Vremea va fi rece \u00een \u00eentreaga \u021bar\u0103, geroas\u0103 \u00een special \u00een timpul nop\u021bilor \u0219i al dimine\u021bilor. Vor fi temperaturi maxime \u00een general \u00eentre -11 \u0219i 0 grade.Temporar, vor ap\u0103rea precipita\u021bii mixte \u0219i izolat se va depune polei. V\u00e2ntul va [&hellip;]<\/p>\n","protected":false},"author":1,"featured_media":93438,"comment_status":"open","ping_status":"open","sticky":false,"template":"","format":"standard","meta":{"slim_seo":{"title":"Ger, la Giurgiu, p\u00e2n\u0103 mar\u0163i - GIURGIU NET","description":"Meteorologii au emis o informare de ger, valabil\u0103 \u00een jude\u021bul Giurgiu de ast\u0103zi p\u00e2n\u0103 mar\u021bi diminea\u021b\u0103. Vremea va fi rece \u00een \u00eentreaga \u021bar\u0103, geroas\u0103 \u00een special \u00een t"},"footnotes":""},"categories":[18,26],"tags":[1452],"class_list":{"0":"post-93437","1":"post","2":"type-post","3":"status-publish","4":"format-standard","5":"has-post-thumbnail","7":"category-actual","8":"category-soc","9":"tag-isu-giurgiu"},"_links":{"self":[{"href":"https:\/\/giurgiu-net.ro\/index.php\/wp-json\/wp\/v2\/posts\/93437","targetHints":{"allow":["GET"]}}],"collection":[{"href":"https:\/\/giurgiu-net.ro\/index.php\/wp-json\/wp\/v2\/posts"}],"about":[{"href":"https:\/\/giurgiu-net.ro\/index.php\/wp-json\/wp\/v2\/types\/post"}],"author":[{"embeddable":true,"href":"https:\/\/giurgiu-net.ro\/index.php\/wp-json\/wp\/v2\/users\/1"}],"replies":[{"embeddable":true,"href":"https:\/\/giurgiu-net.ro\/index.php\/wp-json\/wp\/v2\/comments?post=93437"}],"version-history":[{"count":1,"href":"https:\/\/giurgiu-net.ro\/index.php\/wp-json\/wp\/v2\/posts\/93437\/revisions"}],"predecessor-version":[{"id":93439,"href":"https:\/\/giurgiu-net.ro\/index.php\/wp-json\/wp\/v2\/posts\/93437\/revisions\/93439"}],"wp:featuredmedia":[{"embeddable":true,"href":"https:\/\/giurgiu-net.ro\/index.php\/wp-json\/wp\/v2\/media\/93438"}],"wp:attachment":[{"href":"https:\/\/giurgiu-net.ro\/index.php\/wp-json\/wp\/v2\/media?parent=93437"}],"wp:term":[{"taxonomy":"category","embeddable":true,"href":"https:\/\/giurgiu-net.ro\/index.php\/wp-json\/wp\/v2\/categories?post=93437"},{"taxonomy":"post_tag","embeddable":true,"href":"https:\/\/giurgiu-net.ro\/index.php\/wp-json\/wp\/v2\/tags?post=93437"}],"curies":[{"name":"wp","href":"https:\/\/api.w.org\/{rel}","templated":true}]}}