{"id":93269,"date":"2025-12-16T09:28:50","date_gmt":"2025-12-16T07:28:50","guid":{"rendered":"https:\/\/giurgiu-net.ro\/?p=93269"},"modified":"2025-12-16T09:28:51","modified_gmt":"2025-12-16T07:28:51","slug":"cumplit-un-barbat-de-50-de-ani-a-murit-dupa-ce-rulota-in-care-se-afla-a-luat-foc-s-a-intamplat-la-o-stana-din-gradistea","status":"publish","type":"post","link":"https:\/\/giurgiu-net.ro\/index.php\/2025\/12\/16\/cumplit-un-barbat-de-50-de-ani-a-murit-dupa-ce-rulota-in-care-se-afla-a-luat-foc-s-a-intamplat-la-o-stana-din-gradistea\/","title":{"rendered":"CUMPLIT! Un b\u0103rbat de 50 de ani a murit, dup\u0103 ce rulota \u00een care se afla a luat foc. S-a \u00eent\u00e2mplat la o st\u00e2n\u0103 din Gr\u0103di\u015ftea"},"content":{"rendered":"\n<p>Un b\u0103rbat, \u00een v\u00e2rst\u0103 de 50 de ani, \u0219i-a pierdut via\u021ba \u00eentr-un incendiu ce a izbucnit, azi-noapte, la o st\u00e2n\u0103 din localitatea Gr\u0103di\u0219tea. Tragedia s-a produs dup\u0103 ce rulota \u00een care b\u0103rbatul se afla a luat foc.<\/p>\n\n\n\n<p>La fa\u021ba locului s-au deplasat pompierii din cadrul Sta\u021biei Coliba\u0219i, cu dou\u0103 autospeciale de stingere. Ace\u0219tia au constatat faptul c\u0103 ardeau generalizat rulota \u0219i o anex\u0103.<\/p>\n\n\n\n<p>Din nefericire, b\u0103rbatul a suferit arsuri \u0219i nu a mai putut fi salvat.<\/p>\n\n\n\n<p>Cauza probabil\u0103 de producere a incendiului a fost jarul c\u0103zut dintr-un mijloc de \u00eenc\u0103lzire pe materialele combustibile din apropiere.<\/p>\n\n\n\n<p>Pentru a preveni incendiile, trebuie respectate urm\u0103toarele m\u0103suri:<\/p>\n\n\n\n<p>&#8211; amplasa\u0163i \u00een fa\u0163a mijloacelor de \u00eenc\u0103lzire cu lemne o cutie metalic\u0103: aceasta va asigura protec\u0163ia fa\u0163\u0103 de c\u0103derea accidental\u0103, direct pe podea, a lemnelor aprinse sau a jarului, care ar putea incendia materialele combustibile din apropiere;<\/p>\n\n\n\n<p>&#8211; nu pune\u021bi materiale combustibile \u00een spa\u0163iile dintre sob\u0103 \u015fi perete;<\/p>\n\n\n\n<p>&#8211; nu folosi\u0163i alte materiale combustibile \u00een afar\u0103 de cele pentru care a fost destinat\u0103 soba \u0219i evita\u0163i supra\u00eenc\u0103rcarea acesteia;<\/p>\n\n\n\n<p>&#8211; nu introduce\u021bi \u00een sob\u0103 lemne cu lungimea mai mare dec\u00e2t vatra focarului;<\/p>\n\n\n\n<p>&#8211; \u00een timpul func\u021bion\u0103rii, nu l\u0103sa\u021bi u\u0219a sobei deschis\u0103;<\/p>\n\n\n\n<p>&#8211; depozita\u021bi cenu\u015fa \u015fi jarul provenite de la sobe \u00eentr-un loc special amenajat. J\u0103ratecul nestins nu trebuie aruncat \u00een apropierea casei, a ad\u0103posturilor animalelor, a magaziilor de lemne sau de furaje.<\/p>\n\n\n\n<p>Comunicat \u015fi foto: ISU Giurgiu<\/p>\n","protected":false},"excerpt":{"rendered":"<p>Un b\u0103rbat, \u00een v\u00e2rst\u0103 de 50 de ani, \u0219i-a pierdut via\u021ba \u00eentr-un incendiu ce a izbucnit, azi-noapte, la o st\u00e2n\u0103 din localitatea Gr\u0103di\u0219tea. Tragedia s-a produs dup\u0103 ce rulota \u00een care b\u0103rbatul se afla a luat foc. La fa\u021ba locului s-au deplasat pompierii din cadrul Sta\u021biei Coliba\u0219i, cu dou\u0103 autospeciale de stingere. Ace\u0219tia au constatat [&hellip;]<\/p>\n","protected":false},"author":1,"featured_media":93270,"comment_status":"open","ping_status":"open","sticky":false,"template":"","format":"standard","meta":{"slim_seo":{"title":"CUMPLIT! Un b\u0103rbat de 50 de ani a murit, dup\u0103 ce rulota \u00een care se afla a luat foc. S-a \u00eent\u00e2mplat la o st\u00e2n\u0103 din Gr\u0103di\u015ftea - GIURGIU NET","description":"Un b\u0103rbat, \u00een v\u00e2rst\u0103 de 50 de ani, \u0219i-a pierdut via\u021ba \u00eentr-un incendiu ce a izbucnit, azi-noapte, la o st\u00e2n\u0103 din localitatea Gr\u0103di\u0219tea. Tragedia s-a produs dup\u0103"},"footnotes":""},"categories":[18,26],"tags":[1452],"class_list":{"0":"post-93269","1":"post","2":"type-post","3":"status-publish","4":"format-standard","5":"has-post-thumbnail","7":"category-actual","8":"category-soc","9":"tag-isu-giurgiu"},"_links":{"self":[{"href":"https:\/\/giurgiu-net.ro\/index.php\/wp-json\/wp\/v2\/posts\/93269","targetHints":{"allow":["GET"]}}],"collection":[{"href":"https:\/\/giurgiu-net.ro\/index.php\/wp-json\/wp\/v2\/posts"}],"about":[{"href":"https:\/\/giurgiu-net.ro\/index.php\/wp-json\/wp\/v2\/types\/post"}],"author":[{"embeddable":true,"href":"https:\/\/giurgiu-net.ro\/index.php\/wp-json\/wp\/v2\/users\/1"}],"replies":[{"embeddable":true,"href":"https:\/\/giurgiu-net.ro\/index.php\/wp-json\/wp\/v2\/comments?post=93269"}],"version-history":[{"count":0,"href":"https:\/\/giurgiu-net.ro\/index.php\/wp-json\/wp\/v2\/posts\/93269\/revisions"}],"wp:featuredmedia":[{"embeddable":true,"href":"https:\/\/giurgiu-net.ro\/index.php\/wp-json\/wp\/v2\/media\/93270"}],"wp:attachment":[{"href":"https:\/\/giurgiu-net.ro\/index.php\/wp-json\/wp\/v2\/media?parent=93269"}],"wp:term":[{"taxonomy":"category","embeddable":true,"href":"https:\/\/giurgiu-net.ro\/index.php\/wp-json\/wp\/v2\/categories?post=93269"},{"taxonomy":"post_tag","embeddable":true,"href":"https:\/\/giurgiu-net.ro\/index.php\/wp-json\/wp\/v2\/tags?post=93269"}],"curies":[{"name":"wp","href":"https:\/\/api.w.org\/{rel}","templated":true}]}}