{"id":93261,"date":"2025-12-15T10:08:28","date_gmt":"2025-12-15T08:08:28","guid":{"rendered":"https:\/\/giurgiu-net.ro\/?p=93261"},"modified":"2025-12-15T10:08:29","modified_gmt":"2025-12-15T08:08:29","slug":"presedintele-lesd-giurgiu-yanis-mihaescu-la-consiliul-politic-national-al-ligii-elevilor-social-democrati-targu-neamt","status":"publish","type":"post","link":"https:\/\/giurgiu-net.ro\/index.php\/2025\/12\/15\/presedintele-lesd-giurgiu-yanis-mihaescu-la-consiliul-politic-national-al-ligii-elevilor-social-democrati-targu-neamt\/","title":{"rendered":"Pre\u015fedintele LESD Giurgiu, Yanis Mih\u0103escu, la Consiliul Politic Na\u0163ional al Ligii Elevilor Social Democra\u0163i &#8211; T\u00e2rgu Neam\u0163"},"content":{"rendered":"\n<p>Pre\u015fedintele LESD Giurgiu, Yanis Mih\u0103escu, a participat, s\u00e2mb\u0103t\u0103, 13 decembrie, la Consiliul Politic Na\u021bional al Ligii Elevilor Social Democra\u021bi, desf\u0103\u0219urat \u00een ora\u0219ul T\u00e2rgu Neam\u021b.<\/p>\n\n\n\n<p>\u201cDup\u0103 un drum de aproape 500 km, pot spune cu toat\u0103 sinceritatea: a meritat din plin!<\/p>\n\n\n\n<figure class=\"wp-block-gallery has-nested-images columns-2 is-cropped wp-block-gallery-1 is-layout-flex wp-block-gallery-is-layout-flex\">\n<figure class=\"wp-block-image size-large\"><img loading=\"lazy\" decoding=\"async\" width=\"1024\" height=\"576\" data-id=\"93267\" src=\"https:\/\/giurgiu-net.ro\/wp-content\/uploads\/2025\/12\/598303883_2584225458600932_1174739194681813009_n-1024x576.jpg\" alt=\"598303883 2584225458600932 1174739194681813009 n\" class=\"wp-image-93267\" srcset=\"https:\/\/giurgiu-net.ro\/wp-content\/uploads\/2025\/12\/598303883_2584225458600932_1174739194681813009_n-1024x576.jpg 1024w, https:\/\/giurgiu-net.ro\/wp-content\/uploads\/2025\/12\/598303883_2584225458600932_1174739194681813009_n-300x169.jpg 300w, https:\/\/giurgiu-net.ro\/wp-content\/uploads\/2025\/12\/598303883_2584225458600932_1174739194681813009_n-768x432.jpg 768w, https:\/\/giurgiu-net.ro\/wp-content\/uploads\/2025\/12\/598303883_2584225458600932_1174739194681813009_n-1536x864.jpg 1536w, https:\/\/giurgiu-net.ro\/wp-content\/uploads\/2025\/12\/598303883_2584225458600932_1174739194681813009_n-696x392.jpg 696w, https:\/\/giurgiu-net.ro\/wp-content\/uploads\/2025\/12\/598303883_2584225458600932_1174739194681813009_n-1068x601.jpg 1068w, https:\/\/giurgiu-net.ro\/wp-content\/uploads\/2025\/12\/598303883_2584225458600932_1174739194681813009_n-1920x1080.jpg 1920w, https:\/\/giurgiu-net.ro\/wp-content\/uploads\/2025\/12\/598303883_2584225458600932_1174739194681813009_n.jpg 2048w\" sizes=\"auto, (max-width: 1024px) 100vw, 1024px\" \/><\/figure>\n\n\n\n<figure class=\"wp-block-image size-large\"><img loading=\"lazy\" decoding=\"async\" width=\"577\" height=\"1024\" data-id=\"93262\" src=\"https:\/\/giurgiu-net.ro\/wp-content\/uploads\/2025\/12\/598562773_2583826711974140_5894854508856920941_n-577x1024.jpg\" alt=\"598562773 2583826711974140 5894854508856920941 n\" class=\"wp-image-93262\" srcset=\"https:\/\/giurgiu-net.ro\/wp-content\/uploads\/2025\/12\/598562773_2583826711974140_5894854508856920941_n-577x1024.jpg 577w, https:\/\/giurgiu-net.ro\/wp-content\/uploads\/2025\/12\/598562773_2583826711974140_5894854508856920941_n-169x300.jpg 169w, https:\/\/giurgiu-net.ro\/wp-content\/uploads\/2025\/12\/598562773_2583826711974140_5894854508856920941_n-768x1364.jpg 768w, https:\/\/giurgiu-net.ro\/wp-content\/uploads\/2025\/12\/598562773_2583826711974140_5894854508856920941_n-865x1536.jpg 865w, https:\/\/giurgiu-net.ro\/wp-content\/uploads\/2025\/12\/598562773_2583826711974140_5894854508856920941_n-696x1236.jpg 696w, https:\/\/giurgiu-net.ro\/wp-content\/uploads\/2025\/12\/598562773_2583826711974140_5894854508856920941_n-1068x1897.jpg 1068w, https:\/\/giurgiu-net.ro\/wp-content\/uploads\/2025\/12\/598562773_2583826711974140_5894854508856920941_n.jpg 1153w\" sizes=\"auto, (max-width: 577px) 100vw, 577px\" \/><\/figure>\n\n\n\n<figure class=\"wp-block-image size-large\"><img loading=\"lazy\" decoding=\"async\" width=\"768\" height=\"1024\" data-id=\"93263\" src=\"https:\/\/giurgiu-net.ro\/wp-content\/uploads\/2025\/12\/599450885_2583825331974278_4671280024374529940_n-768x1024.jpg\" alt=\"599450885 2583825331974278 4671280024374529940 n\" class=\"wp-image-93263\" srcset=\"https:\/\/giurgiu-net.ro\/wp-content\/uploads\/2025\/12\/599450885_2583825331974278_4671280024374529940_n-768x1024.jpg 768w, https:\/\/giurgiu-net.ro\/wp-content\/uploads\/2025\/12\/599450885_2583825331974278_4671280024374529940_n-225x300.jpg 225w, https:\/\/giurgiu-net.ro\/wp-content\/uploads\/2025\/12\/599450885_2583825331974278_4671280024374529940_n-1152x1536.jpg 1152w, https:\/\/giurgiu-net.ro\/wp-content\/uploads\/2025\/12\/599450885_2583825331974278_4671280024374529940_n-696x928.jpg 696w, https:\/\/giurgiu-net.ro\/wp-content\/uploads\/2025\/12\/599450885_2583825331974278_4671280024374529940_n-1068x1424.jpg 1068w, https:\/\/giurgiu-net.ro\/wp-content\/uploads\/2025\/12\/599450885_2583825331974278_4671280024374529940_n.jpg 1200w\" sizes=\"auto, (max-width: 768px) 100vw, 768px\" \/><\/figure>\n\n\n\n<figure class=\"wp-block-image size-large\"><img loading=\"lazy\" decoding=\"async\" width=\"682\" height=\"1024\" data-id=\"93264\" src=\"https:\/\/giurgiu-net.ro\/wp-content\/uploads\/2025\/12\/599607149_2583825385307606_3795502182258785146_n-682x1024.jpg\" alt=\"599607149 2583825385307606 3795502182258785146 n\" class=\"wp-image-93264\" srcset=\"https:\/\/giurgiu-net.ro\/wp-content\/uploads\/2025\/12\/599607149_2583825385307606_3795502182258785146_n-682x1024.jpg 682w, https:\/\/giurgiu-net.ro\/wp-content\/uploads\/2025\/12\/599607149_2583825385307606_3795502182258785146_n-200x300.jpg 200w, https:\/\/giurgiu-net.ro\/wp-content\/uploads\/2025\/12\/599607149_2583825385307606_3795502182258785146_n-768x1153.jpg 768w, https:\/\/giurgiu-net.ro\/wp-content\/uploads\/2025\/12\/599607149_2583825385307606_3795502182258785146_n-1023x1536.jpg 1023w, https:\/\/giurgiu-net.ro\/wp-content\/uploads\/2025\/12\/599607149_2583825385307606_3795502182258785146_n-696x1045.jpg 696w, https:\/\/giurgiu-net.ro\/wp-content\/uploads\/2025\/12\/599607149_2583825385307606_3795502182258785146_n.jpg 1066w\" sizes=\"auto, (max-width: 682px) 100vw, 682px\" \/><\/figure>\n\n\n\n<figure class=\"wp-block-image size-large\"><img loading=\"lazy\" decoding=\"async\" width=\"1024\" height=\"499\" data-id=\"93265\" src=\"https:\/\/giurgiu-net.ro\/wp-content\/uploads\/2025\/12\/600283215_2583825515307593_6189097316609212277_n-1024x499.jpg\" alt=\"600283215 2583825515307593 6189097316609212277 n\" class=\"wp-image-93265\" srcset=\"https:\/\/giurgiu-net.ro\/wp-content\/uploads\/2025\/12\/600283215_2583825515307593_6189097316609212277_n-1024x499.jpg 1024w, https:\/\/giurgiu-net.ro\/wp-content\/uploads\/2025\/12\/600283215_2583825515307593_6189097316609212277_n-300x146.jpg 300w, https:\/\/giurgiu-net.ro\/wp-content\/uploads\/2025\/12\/600283215_2583825515307593_6189097316609212277_n-768x374.jpg 768w, https:\/\/giurgiu-net.ro\/wp-content\/uploads\/2025\/12\/600283215_2583825515307593_6189097316609212277_n-1536x748.jpg 1536w, https:\/\/giurgiu-net.ro\/wp-content\/uploads\/2025\/12\/600283215_2583825515307593_6189097316609212277_n-696x339.jpg 696w, https:\/\/giurgiu-net.ro\/wp-content\/uploads\/2025\/12\/600283215_2583825515307593_6189097316609212277_n-1068x520.jpg 1068w, https:\/\/giurgiu-net.ro\/wp-content\/uploads\/2025\/12\/600283215_2583825515307593_6189097316609212277_n.jpg 1750w\" sizes=\"auto, (max-width: 1024px) 100vw, 1024px\" \/><\/figure>\n\n\n\n<figure class=\"wp-block-image size-large\"><img decoding=\"async\" data-id=\"93266\" src=\"https:\/\/giurgiu-net.ro\/wp-content\/uploads\/2025\/12\/600430612_2583825251974286_4093584894145593635_n-682x1024.jpg\" alt=\"600430612 2583825251974286 4093584894145593635 n\" class=\"wp-image-93266\"\/><\/figure>\n<\/figure>\n\n\n\n<p>M-am rev\u0103zut cu o echip\u0103 extraordinar\u0103, am schimbat idei, am conturat proiecte noi \u0219i am pus bazele unor colabor\u0103ri viitoare, menite s\u0103 se transforme \u00een lucruri bune \u0219i concrete pentru elevi.<\/p>\n\n\n\n<p>Atunci c\u00e2nd exist\u0103 dorin\u021b\u0103, implicare \u0219i oameni dedica\u021bi, distan\u021ba nu mai conteaz\u0103.<\/p>\n\n\n\n<p>Mergem mai departe cu energie, motiva\u021bie \u0219i \u00eencredere!<\/p>\n\n\n\n<p>Al\u0103turi de noi au fost:<\/p>\n\n\n\n<p>Daniel Vasilic\u0103 Harpa \u2013 Pre\u0219edinte PSD Neam\u021b \u0219i Pre\u0219edinte al Consiliului Jude\u021bean Neam\u021b<\/p>\n\n\n\n<p>Adrian Bourceanu \u2013 Prefect, Institu\u021bia Prefectului \u2013 Jude\u021bul Neam\u021b<\/p>\n\n\n\n<p>Adrian P\u0103duraru \u2013 Senator PSD Neam\u021b<\/p>\n\n\n\n<p>Paul Cot\u00e2rle\u021b \u2013 Deputat PSD Neam\u021b<\/p>\n\n\n\n<p>Adrian Ni\u021b\u0103 \u2013 Primar al Municipiului Piatra Neam\u021b<\/p>\n\n\n\n<p>Vasile Apopei \u2013 Primar al Ora\u0219ului T\u00e2rgu Neam\u021b<\/p>\n\n\n\n<p>Ionu\u021b-Liviu Ciocoiu \u2013 Inspector General ISJ Neam\u021b<\/p>\n\n\n\n<p>Lucian Manole \u2013 Pre\u0219edinte TSD Neam\u021b<\/p>\n\n\n\n<p>\u00cempreun\u0103 construim, pas cu pas, viitorul!\u201d, a transmis pre\u015fedintele LESD, Yanis Mih\u0103escu.<\/p>\n","protected":false},"excerpt":{"rendered":"<p>Pre\u015fedintele LESD Giurgiu, Yanis Mih\u0103escu, a participat, s\u00e2mb\u0103t\u0103, 13 decembrie, la Consiliul Politic Na\u021bional al Ligii Elevilor Social Democra\u021bi, desf\u0103\u0219urat \u00een ora\u0219ul T\u00e2rgu Neam\u021b. \u201cDup\u0103 un drum de aproape 500 km, pot spune cu toat\u0103 sinceritatea: a meritat din plin! M-am rev\u0103zut cu o echip\u0103 extraordinar\u0103, am schimbat idei, am conturat proiecte noi \u0219i am [&hellip;]<\/p>\n","protected":false},"author":1,"featured_media":93266,"comment_status":"open","ping_status":"open","sticky":false,"template":"","format":"standard","meta":{"slim_seo":{"title":"Pre\u015fedintele LESD Giurgiu, Yanis Mih\u0103escu, la Consiliul Politic Na\u0163ional al Ligii Elevilor Social Democra\u0163i - T\u00e2rgu Neam\u0163 - GIURGIU NET","description":"Pre\u015fedintele LESD Giurgiu, Yanis Mih\u0103escu, a participat, s\u00e2mb\u0103t\u0103, 13 decembrie, la Consiliul Politic Na\u021bional al Ligii Elevilor Social Democra\u021bi, desf\u0103\u0219urat \u00een"},"footnotes":""},"categories":[18,25,26],"tags":[1529,2976],"class_list":{"0":"post-93261","1":"post","2":"type-post","3":"status-publish","4":"format-standard","5":"has-post-thumbnail","7":"category-actual","8":"category-pol","9":"category-soc","10":"tag-lesd-giurgiu","11":"tag-yanis-mihaescu"},"_links":{"self":[{"href":"https:\/\/giurgiu-net.ro\/index.php\/wp-json\/wp\/v2\/posts\/93261","targetHints":{"allow":["GET"]}}],"collection":[{"href":"https:\/\/giurgiu-net.ro\/index.php\/wp-json\/wp\/v2\/posts"}],"about":[{"href":"https:\/\/giurgiu-net.ro\/index.php\/wp-json\/wp\/v2\/types\/post"}],"author":[{"embeddable":true,"href":"https:\/\/giurgiu-net.ro\/index.php\/wp-json\/wp\/v2\/users\/1"}],"replies":[{"embeddable":true,"href":"https:\/\/giurgiu-net.ro\/index.php\/wp-json\/wp\/v2\/comments?post=93261"}],"version-history":[{"count":0,"href":"https:\/\/giurgiu-net.ro\/index.php\/wp-json\/wp\/v2\/posts\/93261\/revisions"}],"wp:featuredmedia":[{"embeddable":true,"href":"https:\/\/giurgiu-net.ro\/index.php\/wp-json\/wp\/v2\/media\/93266"}],"wp:attachment":[{"href":"https:\/\/giurgiu-net.ro\/index.php\/wp-json\/wp\/v2\/media?parent=93261"}],"wp:term":[{"taxonomy":"category","embeddable":true,"href":"https:\/\/giurgiu-net.ro\/index.php\/wp-json\/wp\/v2\/categories?post=93261"},{"taxonomy":"post_tag","embeddable":true,"href":"https:\/\/giurgiu-net.ro\/index.php\/wp-json\/wp\/v2\/tags?post=93261"}],"curies":[{"name":"wp","href":"https:\/\/api.w.org\/{rel}","templated":true}]}}