{"id":93246,"date":"2025-12-12T12:49:11","date_gmt":"2025-12-12T10:49:11","guid":{"rendered":"https:\/\/giurgiu-net.ro\/?p=93246"},"modified":"2025-12-12T12:49:12","modified_gmt":"2025-12-12T10:49:12","slug":"un-tanar-giurgiuvean-reclama-amenintari-si-presiuni-din-partea-unui-pnl-ist-doar-pentru-ca-a-indraznit-sa-ceara-explicatii-administratiei-liberale-despre-banii-publici","status":"publish","type":"post","link":"https:\/\/giurgiu-net.ro\/index.php\/2025\/12\/12\/un-tanar-giurgiuvean-reclama-amenintari-si-presiuni-din-partea-unui-pnl-ist-doar-pentru-ca-a-indraznit-sa-ceara-explicatii-administratiei-liberale-despre-banii-publici\/","title":{"rendered":"Un t\u00e2n\u0103r giurgiuvean RECLAM\u0102 amenin\u0163\u0103ri \u015fi presiuni din partea unui PNL-ist, doar pentru c\u0103 a \u00eendr\u0103znit s\u0103 cear\u0103 explica\u0163ii administra\u0163iei liberale despre banii publici"},"content":{"rendered":"\n<p>Un t\u00e2n\u0103r cunoscut ca fiind foarte activ pe re\u0163elele de socializare a postat, recent, un mesaj pe pagina sa de Facebook, \u00een care trage un semnal de alarm\u0103 cu privire la posibile amenin\u0163\u0103ri \u015fi presiuni pe care le-ar face asupra sa Silviu Dumitrescu, proasp\u0103tul demisionar din func\u0163ia de administrator public al jude\u0163ului Giurgiu.<\/p>\n\n\n\n<p>T\u00e2n\u0103rul giurgiuvean afirm\u0103 c\u0103 Silviu Dumitrescu l-ar fi sunat \u015fi i-ar fi spus c\u0103 \u201ese ocup\u0103\u201d de el, dup\u0103 ce b\u0103iatul ar fi f\u0103cut mai multe solicit\u0103ri(sunt publice, le g\u0103si\u0163i pe pagina lui de Facebook), at\u00e2t c\u0103tre Prim\u0103rie c\u00e2t \u015fi c\u0103tre Consiliul Jude\u0163ean Giurgiu. Solicit\u0103rile sale vizeaz\u0103 modul \u00een care sunt cheltui\u0163i banii publici.<\/p>\n\n\n\n<p>T\u00e2n\u0103rul Dani reclam\u0103 \u015fi c\u0103 ar fi fost amenin\u0163at c\u0103 va fi dat afar\u0103 din locuin\u0163a ANL.<\/p>\n\n\n\n<figure class=\"wp-block-image size-full\"><img decoding=\"async\" src=\"https:\/\/giurgiu-net.ro\/wp-content\/uploads\/2025\/12\/dani.jpg\" alt=\"Dani\" class=\"wp-image-93247\"\/><\/figure>\n\n\n\n<p>Dac\u0103 cele spuse de Dani se confirm\u0103(b\u0103nuim c\u0103 autorit\u0103\u0163ile se vor sesiza sau c\u0103 t\u00e2n\u0103rul se va \u00eendrepta c\u0103tre acestea), ar fi F\u0102R\u0102 PRECEDENT, \u00een Giurgiu, ca un politician(indiferent de partid) s\u0103 se coboare at\u00e2t de jos, \u00eenc\u00e2t s\u0103 apeleze la asemenea metode ca s\u0103-i \u00eenchid\u0103 gura unui b\u0103iat.<\/p>\n\n\n\n<p>P\u00e2n\u0103 unde se poate ajunge ca s\u0103 nu fi\u0163i&#8230; deranja\u0163i?<\/p>\n\n\n\n<p>Ave\u0163i DATORIA s\u0103 le r\u0103spunde\u0163i tuturor giurgiuvenilor la \u00eentreb\u0103rile pe care sunt absolut \u00eendrept\u0103\u0163i\u0163i s\u0103 vi le adreseze, c\u0103 de aia v-au votat!<\/p>\n\n\n\n<p>Bine, oamenii v-au votat c\u0103 v-a\u0163i jurat c\u0103 \u201edezvolta\u0163i\u201d Giurgiu, nu c\u0103-l \u00eengropa\u0163i \u00een datorii \u015fi-l b\u0103ga\u0163i \u00een faliment, dar \u0103sta este alt subiect.<\/p>\n\n\n\n<p>\u015ei, cu at\u00e2t mai pu\u0163in, NU v-au votat ca s\u0103 speria\u0163i copiii \u015fi tinerii, pe modelul: \u201eciocu\u2019 mic, noi suntem la putere!\u201d.<\/p>\n\n\n\n<p>Pentru c\u0103 vor veni iar alegeri \u015fi or s\u0103 v\u0103 arate giurgiuvenii vou\u0103 ce \u00eenseamn\u0103 s\u0103 fii cu adev\u0103rat puternic!<\/p>\n","protected":false},"excerpt":{"rendered":"<p>Un t\u00e2n\u0103r cunoscut ca fiind foarte activ pe re\u0163elele de socializare a postat, recent, un mesaj pe pagina sa de Facebook, \u00een care trage un semnal de alarm\u0103 cu privire la posibile amenin\u0163\u0103ri \u015fi presiuni pe care le-ar face asupra sa Silviu Dumitrescu, proasp\u0103tul demisionar din func\u0163ia de administrator public al jude\u0163ului Giurgiu. T\u00e2n\u0103rul giurgiuvean [&hellip;]<\/p>\n","protected":false},"author":1,"featured_media":93248,"comment_status":"open","ping_status":"open","sticky":false,"template":"","format":"standard","meta":{"slim_seo":{"title":"Un t\u00e2n\u0103r giurgiuvean RECLAM\u0102 amenin\u0163\u0103ri \u015fi presiuni din partea unui PNL-ist, doar pentru c\u0103 a \u00eendr\u0103znit s\u0103 cear\u0103 explica\u0163ii administra\u0163iei liberale despre banii publici - GIURGIU NET","description":"Un t\u00e2n\u0103r cunoscut ca fiind foarte activ pe re\u0163elele de socializare a postat, recent, un mesaj pe pagina sa de Facebook, \u00een care trage un semnal de alarm\u0103 cu pri"},"footnotes":""},"categories":[18,20,25],"tags":[],"class_list":{"0":"post-93246","1":"post","2":"type-post","3":"status-publish","4":"format-standard","5":"has-post-thumbnail","7":"category-actual","8":"category-edit","9":"category-pol"},"_links":{"self":[{"href":"https:\/\/giurgiu-net.ro\/index.php\/wp-json\/wp\/v2\/posts\/93246","targetHints":{"allow":["GET"]}}],"collection":[{"href":"https:\/\/giurgiu-net.ro\/index.php\/wp-json\/wp\/v2\/posts"}],"about":[{"href":"https:\/\/giurgiu-net.ro\/index.php\/wp-json\/wp\/v2\/types\/post"}],"author":[{"embeddable":true,"href":"https:\/\/giurgiu-net.ro\/index.php\/wp-json\/wp\/v2\/users\/1"}],"replies":[{"embeddable":true,"href":"https:\/\/giurgiu-net.ro\/index.php\/wp-json\/wp\/v2\/comments?post=93246"}],"version-history":[{"count":0,"href":"https:\/\/giurgiu-net.ro\/index.php\/wp-json\/wp\/v2\/posts\/93246\/revisions"}],"wp:featuredmedia":[{"embeddable":true,"href":"https:\/\/giurgiu-net.ro\/index.php\/wp-json\/wp\/v2\/media\/93248"}],"wp:attachment":[{"href":"https:\/\/giurgiu-net.ro\/index.php\/wp-json\/wp\/v2\/media?parent=93246"}],"wp:term":[{"taxonomy":"category","embeddable":true,"href":"https:\/\/giurgiu-net.ro\/index.php\/wp-json\/wp\/v2\/categories?post=93246"},{"taxonomy":"post_tag","embeddable":true,"href":"https:\/\/giurgiu-net.ro\/index.php\/wp-json\/wp\/v2\/tags?post=93246"}],"curies":[{"name":"wp","href":"https:\/\/api.w.org\/{rel}","templated":true}]}}