{"id":93212,"date":"2025-12-08T09:57:16","date_gmt":"2025-12-08T07:57:16","guid":{"rendered":"https:\/\/giurgiu-net.ro\/?p=93212"},"modified":"2025-12-08T09:57:17","modified_gmt":"2025-12-08T07:57:17","slug":"cum-va-fi-vremea-la-giurgiu-saptamana-aceasta-20","status":"publish","type":"post","link":"https:\/\/giurgiu-net.ro\/index.php\/2025\/12\/08\/cum-va-fi-vremea-la-giurgiu-saptamana-aceasta-20\/","title":{"rendered":"Cum va fi vremea, la Giurgiu, s\u0103pt\u0103m\u00e2na aceasta?"},"content":{"rendered":"\n<p>Gata cu ploaia, de m\u00e2ine, la Giurgiu! <\/p>\n\n\n\n<p>Temperaturile vor cre\u015fte treptat, astfel c\u0103, la finalul s\u0103pt\u0103m\u00e2nii, vom avea maxime de p\u00e2n\u0103 la 12 grade Celsius.<\/p>\n\n\n\n<p>Minimele vor fi cuprinse \u00eentre 0 \u015fi 3 grade Celsius.<\/p>\n\n\n\n<figure class=\"wp-block-image size-full\"><img loading=\"lazy\" decoding=\"async\" width=\"483\" height=\"761\" src=\"https:\/\/giurgiu-net.ro\/wp-content\/uploads\/2025\/12\/vreme-1.jpg\" alt=\"Vreme 1\" class=\"wp-image-93213\" srcset=\"https:\/\/giurgiu-net.ro\/wp-content\/uploads\/2025\/12\/vreme-1.jpg 483w, https:\/\/giurgiu-net.ro\/wp-content\/uploads\/2025\/12\/vreme-1-190x300.jpg 190w\" sizes=\"auto, (max-width: 483px) 100vw, 483px\" \/><\/figure>\n\n\n\n<figure class=\"wp-block-image size-full\"><img loading=\"lazy\" decoding=\"async\" width=\"511\" height=\"682\" src=\"https:\/\/giurgiu-net.ro\/wp-content\/uploads\/2025\/12\/vreme-2.jpg\" alt=\"Vreme 2\" class=\"wp-image-93214\" srcset=\"https:\/\/giurgiu-net.ro\/wp-content\/uploads\/2025\/12\/vreme-2.jpg 511w, https:\/\/giurgiu-net.ro\/wp-content\/uploads\/2025\/12\/vreme-2-225x300.jpg 225w\" sizes=\"auto, (max-width: 511px) 100vw, 511px\" \/><\/figure>\n","protected":false},"excerpt":{"rendered":"<p>Gata cu ploaia, de m\u00e2ine, la Giurgiu! Temperaturile vor cre\u015fte treptat, astfel c\u0103, la finalul s\u0103pt\u0103m\u00e2nii, vom avea maxime de p\u00e2n\u0103 la 12 grade Celsius. Minimele vor fi cuprinse \u00eentre 0 \u015fi 3 grade Celsius.<\/p>\n","protected":false},"author":1,"featured_media":51533,"comment_status":"open","ping_status":"open","sticky":false,"template":"","format":"standard","meta":{"slim_seo":{"title":"Cum va fi vremea, la Giurgiu, s\u0103pt\u0103m\u00e2na aceasta? - GIURGIU NET","description":"Gata cu ploaia, de m\u00e2ine, la Giurgiu! Temperaturile vor cre\u015fte treptat, astfel c\u0103, la finalul s\u0103pt\u0103m\u00e2nii, vom avea maxime de p\u00e2n\u0103 la 12 grade Celsius. Minimele"},"footnotes":""},"categories":[18,26],"tags":[],"class_list":{"0":"post-93212","1":"post","2":"type-post","3":"status-publish","4":"format-standard","5":"has-post-thumbnail","7":"category-actual","8":"category-soc"},"_links":{"self":[{"href":"https:\/\/giurgiu-net.ro\/index.php\/wp-json\/wp\/v2\/posts\/93212","targetHints":{"allow":["GET"]}}],"collection":[{"href":"https:\/\/giurgiu-net.ro\/index.php\/wp-json\/wp\/v2\/posts"}],"about":[{"href":"https:\/\/giurgiu-net.ro\/index.php\/wp-json\/wp\/v2\/types\/post"}],"author":[{"embeddable":true,"href":"https:\/\/giurgiu-net.ro\/index.php\/wp-json\/wp\/v2\/users\/1"}],"replies":[{"embeddable":true,"href":"https:\/\/giurgiu-net.ro\/index.php\/wp-json\/wp\/v2\/comments?post=93212"}],"version-history":[{"count":0,"href":"https:\/\/giurgiu-net.ro\/index.php\/wp-json\/wp\/v2\/posts\/93212\/revisions"}],"wp:featuredmedia":[{"embeddable":true,"href":"https:\/\/giurgiu-net.ro\/index.php\/wp-json\/wp\/v2\/media\/51533"}],"wp:attachment":[{"href":"https:\/\/giurgiu-net.ro\/index.php\/wp-json\/wp\/v2\/media?parent=93212"}],"wp:term":[{"taxonomy":"category","embeddable":true,"href":"https:\/\/giurgiu-net.ro\/index.php\/wp-json\/wp\/v2\/categories?post=93212"},{"taxonomy":"post_tag","embeddable":true,"href":"https:\/\/giurgiu-net.ro\/index.php\/wp-json\/wp\/v2\/tags?post=93212"}],"curies":[{"name":"wp","href":"https:\/\/api.w.org\/{rel}","templated":true}]}}