{"id":93199,"date":"2025-12-04T09:40:30","date_gmt":"2025-12-04T07:40:30","guid":{"rendered":"https:\/\/giurgiu-net.ro\/?p=93199"},"modified":"2025-12-04T09:40:31","modified_gmt":"2025-12-04T07:40:31","slug":"doi-tineri-raniti-intr-un-accident-petrecut-pe-dn-5-la-plopsoru","status":"publish","type":"post","link":"https:\/\/giurgiu-net.ro\/index.php\/2025\/12\/04\/doi-tineri-raniti-intr-un-accident-petrecut-pe-dn-5-la-plopsoru\/","title":{"rendered":"Doi tineri, r\u0103ni\u0163i \u00eentr-un accident petrecut pe DN 5, la Plop\u015foru"},"content":{"rendered":"\n<p>Dou\u0103 persoane au avut nevoie de \u00eengrijiri medicale \u00een urma unui accident rutier ce s-a produs, ieri sear\u0103, pe DN5, \u00een afara localit\u0103\u021bii Plop\u0219oru. \u00cen eveniment au fost implicate dou\u0103 autoturisme. Unul dintre acestea a fost g\u0103sit \u00een afara p\u0103r\u021bii carosabile.<\/p>\n\n\n\n<p>La fa\u021ba locului s-au deplasat pompierii din cadrul Deta\u0219amentului Giurgiu, cu o autospecial\u0103 de stingere, o ambulan\u021b\u0103 SMURD, una SAJ \u0219i poli\u021bia.<\/p>\n\n\n\n<p>Conduc\u0103torul unuia dintre autoturisme, \u00een v\u00e2rst\u0103 de 29 de ani \u0219i un pasager de 25 de ani, au fost prelua\u021bi de echipajele medicale \u0219i transporta\u021bi la Unitatea de Primiri Urgen\u021be.<\/p>\n\n\n\n<p>Pompierii au asigurat m\u0103surile de prevenire a incendiilor, iar cazul a r\u0103mas \u00een aten\u021bia Poli\u021biei pentru cercet\u0103ri.<\/p>\n\n\n\n<p>Comunicat \u015fi foto: ISU Giurgiu<\/p>\n","protected":false},"excerpt":{"rendered":"<p>Dou\u0103 persoane au avut nevoie de \u00eengrijiri medicale \u00een urma unui accident rutier ce s-a produs, ieri sear\u0103, pe DN5, \u00een afara localit\u0103\u021bii Plop\u0219oru. \u00cen eveniment au fost implicate dou\u0103 autoturisme. Unul dintre acestea a fost g\u0103sit \u00een afara p\u0103r\u021bii carosabile. La fa\u021ba locului s-au deplasat pompierii din cadrul Deta\u0219amentului Giurgiu, cu o autospecial\u0103 de [&hellip;]<\/p>\n","protected":false},"author":1,"featured_media":93200,"comment_status":"open","ping_status":"open","sticky":false,"template":"","format":"standard","meta":{"slim_seo":{"title":"Doi tineri, r\u0103ni\u0163i \u00eentr-un accident petrecut pe DN 5, la Plop\u015foru - GIURGIU NET","description":"Dou\u0103 persoane au avut nevoie de \u00eengrijiri medicale \u00een urma unui accident rutier ce s-a produs, ieri sear\u0103, pe DN5, \u00een afara localit\u0103\u021bii Plop\u0219oru. \u00cen eveniment a"},"footnotes":""},"categories":[18,26],"tags":[1452],"class_list":{"0":"post-93199","1":"post","2":"type-post","3":"status-publish","4":"format-standard","5":"has-post-thumbnail","7":"category-actual","8":"category-soc","9":"tag-isu-giurgiu"},"_links":{"self":[{"href":"https:\/\/giurgiu-net.ro\/index.php\/wp-json\/wp\/v2\/posts\/93199","targetHints":{"allow":["GET"]}}],"collection":[{"href":"https:\/\/giurgiu-net.ro\/index.php\/wp-json\/wp\/v2\/posts"}],"about":[{"href":"https:\/\/giurgiu-net.ro\/index.php\/wp-json\/wp\/v2\/types\/post"}],"author":[{"embeddable":true,"href":"https:\/\/giurgiu-net.ro\/index.php\/wp-json\/wp\/v2\/users\/1"}],"replies":[{"embeddable":true,"href":"https:\/\/giurgiu-net.ro\/index.php\/wp-json\/wp\/v2\/comments?post=93199"}],"version-history":[{"count":0,"href":"https:\/\/giurgiu-net.ro\/index.php\/wp-json\/wp\/v2\/posts\/93199\/revisions"}],"wp:featuredmedia":[{"embeddable":true,"href":"https:\/\/giurgiu-net.ro\/index.php\/wp-json\/wp\/v2\/media\/93200"}],"wp:attachment":[{"href":"https:\/\/giurgiu-net.ro\/index.php\/wp-json\/wp\/v2\/media?parent=93199"}],"wp:term":[{"taxonomy":"category","embeddable":true,"href":"https:\/\/giurgiu-net.ro\/index.php\/wp-json\/wp\/v2\/categories?post=93199"},{"taxonomy":"post_tag","embeddable":true,"href":"https:\/\/giurgiu-net.ro\/index.php\/wp-json\/wp\/v2\/tags?post=93199"}],"curies":[{"name":"wp","href":"https:\/\/api.w.org\/{rel}","templated":true}]}}