{"id":93124,"date":"2025-11-24T10:47:53","date_gmt":"2025-11-24T08:47:53","guid":{"rendered":"https:\/\/giurgiu-net.ro\/?p=93124"},"modified":"2025-11-24T11:31:26","modified_gmt":"2025-11-24T09:31:26","slug":"un-incediu-a-cuprins-o-casa-batraneasca-din-rasuceni","status":"publish","type":"post","link":"https:\/\/giurgiu-net.ro\/index.php\/2025\/11\/24\/un-incediu-a-cuprins-o-casa-batraneasca-din-rasuceni\/","title":{"rendered":"Un incediu a cuprins o cas\u0103 b\u0103tr\u00e2neasc\u0103 din R\u0103suceni"},"content":{"rendered":"\n<p>UPDATE: Proprietarul, un b\u0103rbat \u00een v\u00e2rst\u0103 de 78 de ani, a fost monitorizat de paramedici la fa\u021ba locului, refuz\u00e2nd transportul la spital.<\/p>\n\n\n\n<p>Au ars locuin\u021ba pe o suprafa\u021b\u0103 de aproximativ 70 mp, mobilier \u0219i materiale textile. Au fost salvate anexele proprietarului \u00eenvecinat.<\/p>\n\n\n\n<p>Cauza probabil\u0103 de producere a incendiului a fost co\u0219ul de fum deteriorat.<\/p>\n\n\n\n<p>V\u0103 reamintim faptul c\u0103 \u00een sezonul rece multe dintre incendii se produc din cauza co\u0219urilor de fum defecte, necur\u0103\u021bate de funingine sau neprotejate termic fa\u021b\u0103 de materialele combustibile din structura acoperi\u0219ului.<\/p>\n\n\n\n<p>Verifica\u0163i co\u015furile de evacuare a fumului, pentru ca acestea s\u0103 nu prezinte fisuri care s\u0103 permit\u0103 sc\u00e2nteilor s\u0103 incendieze materialele combustibile ale plan\u0219eului sau acoperi\u0219ului (grinzi, astereal\u0103 etc.).<\/p>\n\n\n\n<p>Cur\u0103\u021ba\u021bi periodic co\u0219urile de fum pentru eliminarea depunerilor de funingine care se pot aprinde sau pot obtura canalele de evacuare.<\/p>\n\n\n\n<p>Tencui\u021bi \u015fi v\u0103rui\u021bi partea din pod a co\u015fului de fum, \u00een scopul sesiz\u0103rii imediate a fisurilor (c\u0103ldura sau sc\u00e2nteile care ies prin fisurile unui co\u015f de fum deteriorat constituie surse de aprindere, dac\u0103 \u00een zona lor exist\u0103 elemente de construc\u0163ie sau structuri din lemn).<\/p>\n\n\n\n<p>\u00cengro\u0219a\u021bi zid\u0103ria co\u015fului la trecerea prin plan\u015fee, l\u0103s\u00e2nd un spa\u0163iu \u00eentre aceast\u0103 zid\u0103rie \u015fi elementele combustibile ale plan\u015feului.<\/p>\n\n\n\n<p>P\u0103stra\u021bi distan\u0163a dintre fa\u0163a exterioar\u0103 a co\u015furilor \u015fi elementele combustibile ale acoperi\u015fului.<\/p>\n\n\n\n<p>Un incendiu violent a izbucnit, \u00een aceast\u0103 diminea\u021b\u0103, \u00eentr-o gospod\u0103rie din localitatea R\u0103suceni.<\/p>\n\n\n\n<p>La fa\u021ba locului s-au deplasat pompierii de la Deta\u0219amentul Giurgiu, dar \u0219i un echipaj din cadrul ISU Teleorman, cu trei autospeciale de stingere \u0219i o ambulan\u021b\u0103 SMURD.<\/p>\n\n\n\n<p>Ace\u0219tia au constatat c\u0103 incendiul se manifesta generalizat la o cas\u0103 b\u0103tr\u00e2neasc\u0103.<\/p>\n\n\n\n<p>Comunicat \u015fi foto: ISU Giurgiu<\/p>\n","protected":false},"excerpt":{"rendered":"<p>UPDATE: Proprietarul, un b\u0103rbat \u00een v\u00e2rst\u0103 de 78 de ani, a fost monitorizat de paramedici la fa\u021ba locului, refuz\u00e2nd transportul la spital. Au ars locuin\u021ba pe o suprafa\u021b\u0103 de aproximativ 70 mp, mobilier \u0219i materiale textile. Au fost salvate anexele proprietarului \u00eenvecinat. Cauza probabil\u0103 de producere a incendiului a fost co\u0219ul de fum deteriorat. V\u0103 [&hellip;]<\/p>\n","protected":false},"author":1,"featured_media":93125,"comment_status":"open","ping_status":"open","sticky":false,"template":"","format":"standard","meta":{"slim_seo":{"title":"Un incediu a cuprins o cas\u0103 b\u0103tr\u00e2neasc\u0103 din R\u0103suceni - GIURGIU NET","description":"UPDATE: Proprietarul, un b\u0103rbat \u00een v\u00e2rst\u0103 de 78 de ani, a fost monitorizat de paramedici la fa\u021ba locului, refuz\u00e2nd transportul la spital. Au ars locuin\u021ba pe o s"},"footnotes":""},"categories":[18,26],"tags":[1452],"class_list":{"0":"post-93124","1":"post","2":"type-post","3":"status-publish","4":"format-standard","5":"has-post-thumbnail","7":"category-actual","8":"category-soc","9":"tag-isu-giurgiu"},"_links":{"self":[{"href":"https:\/\/giurgiu-net.ro\/index.php\/wp-json\/wp\/v2\/posts\/93124","targetHints":{"allow":["GET"]}}],"collection":[{"href":"https:\/\/giurgiu-net.ro\/index.php\/wp-json\/wp\/v2\/posts"}],"about":[{"href":"https:\/\/giurgiu-net.ro\/index.php\/wp-json\/wp\/v2\/types\/post"}],"author":[{"embeddable":true,"href":"https:\/\/giurgiu-net.ro\/index.php\/wp-json\/wp\/v2\/users\/1"}],"replies":[{"embeddable":true,"href":"https:\/\/giurgiu-net.ro\/index.php\/wp-json\/wp\/v2\/comments?post=93124"}],"version-history":[{"count":0,"href":"https:\/\/giurgiu-net.ro\/index.php\/wp-json\/wp\/v2\/posts\/93124\/revisions"}],"wp:featuredmedia":[{"embeddable":true,"href":"https:\/\/giurgiu-net.ro\/index.php\/wp-json\/wp\/v2\/media\/93125"}],"wp:attachment":[{"href":"https:\/\/giurgiu-net.ro\/index.php\/wp-json\/wp\/v2\/media?parent=93124"}],"wp:term":[{"taxonomy":"category","embeddable":true,"href":"https:\/\/giurgiu-net.ro\/index.php\/wp-json\/wp\/v2\/categories?post=93124"},{"taxonomy":"post_tag","embeddable":true,"href":"https:\/\/giurgiu-net.ro\/index.php\/wp-json\/wp\/v2\/tags?post=93124"}],"curies":[{"name":"wp","href":"https:\/\/api.w.org\/{rel}","templated":true}]}}