{"id":92925,"date":"2025-10-31T10:40:57","date_gmt":"2025-10-31T08:40:57","guid":{"rendered":"https:\/\/giurgiu-net.ro\/?p=92925"},"modified":"2025-10-31T10:40:57","modified_gmt":"2025-10-31T08:40:57","slug":"incendiu-provocat-de-o-masina-de-spalat-intr-o-gospodarie-din-valea-plopilor","status":"publish","type":"post","link":"https:\/\/giurgiu-net.ro\/index.php\/2025\/10\/31\/incendiu-provocat-de-o-masina-de-spalat-intr-o-gospodarie-din-valea-plopilor\/","title":{"rendered":"Incendiu provocat de o ma\u015fin\u0103 de sp\u0103lat, \u00eentr-o gospod\u0103rie din Valea Plopilor"},"content":{"rendered":"\n<p>Un incendiu a izbucnit, \u00een aceast\u0103 diminea\u021b\u0103, \u00een baia unei case din localitatea Valea Plopilor. O ma\u0219in\u0103 de sp\u0103lat a luat foc, iar c\u00e2nd proprietarii au observat fumul care ie\u0219ea din \u00eenc\u0103pere au solicitat imediat ajutor.<\/p>\n\n\n\n<p><a><\/a>La fa\u021ba locului s-au deplasat pompierii din cadrul Sec\u021biei Mih\u0103ile\u0219ti, cu dou\u0103 autospeciale de stingere \u0219i o ambulan\u021b\u0103 SMURD. Echipajele au ac\u021bionat rapid pentru localizarea incendiului, reu\u0219ind s\u0103 previn\u0103 extinderea acestuia la restul locuin\u021bei.<\/p>\n\n\n\n<p>Pagubele au fost limitate la aparatul electrocasnic \u0219i la bunurile din apropiere, \u00eens\u0103 fumul degajat a afectat \u0219i pere\u021bii.<\/p>\n\n\n\n<p>Cauza probabil\u0103 de producere a incendiului a fost scurtcircuitul.<\/p>\n\n\n\n<p>Pentru recomand\u0103ri privind prevenirea incendiilor, pute\u021bi accesa: <a href=\"https:\/\/bit.ly\/Incendiu_Valea_Plopilor?fbclid=IwZXh0bgNhZW0CMTAAYnJpZBEwakROQmJSRWFtbGxqdXAydwEeHWm8iECkNWHDPbGQgLnanhaJinXo5iDjV8Ix08RmvE_oau58L3kz2Sl2prQ_aem_Am838QYhSvStwotrRfin7Q\" rel=\"noreferrer noopener\" target=\"_blank\">bit.ly\/Incendiu_Valea_Plopilor<\/a><\/p>\n\n\n\n<p>Comunicat \u015fi foto: ISU Giurgiu<\/p>\n","protected":false},"excerpt":{"rendered":"<p>Un incendiu a izbucnit, \u00een aceast\u0103 diminea\u021b\u0103, \u00een baia unei case din localitatea Valea Plopilor. O ma\u0219in\u0103 de sp\u0103lat a luat foc, iar c\u00e2nd proprietarii au observat fumul care ie\u0219ea din \u00eenc\u0103pere au solicitat imediat ajutor. La fa\u021ba locului s-au deplasat pompierii din cadrul Sec\u021biei Mih\u0103ile\u0219ti, cu dou\u0103 autospeciale de stingere \u0219i o ambulan\u021b\u0103 SMURD. [&hellip;]<\/p>\n","protected":false},"author":1,"featured_media":92926,"comment_status":"open","ping_status":"open","sticky":false,"template":"","format":"standard","meta":{"slim_seo":{"title":"Incendiu provocat de o ma\u015fin\u0103 de sp\u0103lat, \u00eentr-o gospod\u0103rie din Valea Plopilor - GIURGIU NET","description":"Un incendiu a izbucnit, \u00een aceast\u0103 diminea\u021b\u0103, \u00een baia unei case din localitatea Valea Plopilor. O ma\u0219in\u0103 de sp\u0103lat a luat foc, iar c\u00e2nd proprietarii au observat"},"footnotes":""},"categories":[18,26],"tags":[1452],"class_list":{"0":"post-92925","1":"post","2":"type-post","3":"status-publish","4":"format-standard","5":"has-post-thumbnail","7":"category-actual","8":"category-soc","9":"tag-isu-giurgiu"},"_links":{"self":[{"href":"https:\/\/giurgiu-net.ro\/index.php\/wp-json\/wp\/v2\/posts\/92925","targetHints":{"allow":["GET"]}}],"collection":[{"href":"https:\/\/giurgiu-net.ro\/index.php\/wp-json\/wp\/v2\/posts"}],"about":[{"href":"https:\/\/giurgiu-net.ro\/index.php\/wp-json\/wp\/v2\/types\/post"}],"author":[{"embeddable":true,"href":"https:\/\/giurgiu-net.ro\/index.php\/wp-json\/wp\/v2\/users\/1"}],"replies":[{"embeddable":true,"href":"https:\/\/giurgiu-net.ro\/index.php\/wp-json\/wp\/v2\/comments?post=92925"}],"version-history":[{"count":0,"href":"https:\/\/giurgiu-net.ro\/index.php\/wp-json\/wp\/v2\/posts\/92925\/revisions"}],"wp:featuredmedia":[{"embeddable":true,"href":"https:\/\/giurgiu-net.ro\/index.php\/wp-json\/wp\/v2\/media\/92926"}],"wp:attachment":[{"href":"https:\/\/giurgiu-net.ro\/index.php\/wp-json\/wp\/v2\/media?parent=92925"}],"wp:term":[{"taxonomy":"category","embeddable":true,"href":"https:\/\/giurgiu-net.ro\/index.php\/wp-json\/wp\/v2\/categories?post=92925"},{"taxonomy":"post_tag","embeddable":true,"href":"https:\/\/giurgiu-net.ro\/index.php\/wp-json\/wp\/v2\/tags?post=92925"}],"curies":[{"name":"wp","href":"https:\/\/api.w.org\/{rel}","templated":true}]}}