{"id":92921,"date":"2025-10-31T10:38:39","date_gmt":"2025-10-31T08:38:39","guid":{"rendered":"https:\/\/giurgiu-net.ro\/?p=92921"},"modified":"2025-10-31T10:38:40","modified_gmt":"2025-10-31T08:38:40","slug":"vreme-frumoasa-in-weekend-si-la-giurgiu-de-marti-se-va-raci","status":"publish","type":"post","link":"https:\/\/giurgiu-net.ro\/index.php\/2025\/10\/31\/vreme-frumoasa-in-weekend-si-la-giurgiu-de-marti-se-va-raci\/","title":{"rendered":"Vreme frumoas\u0103, \u00een weekend, \u015fi la Giurgiu. De mar\u0163i, se va r\u0103ci"},"content":{"rendered":"\n<p>Vreme foarte frumoas\u0103, pentru \u00eenceput de noiembrie, la Giurgiu.<\/p>\n\n\n\n<p>De ast\u0103zi, p\u00e2n\u0103 mar\u0163ea viitoare, maximele vor fi generoase, cuprinse \u00eentre 20 \u015fi 23 de grade Celsius.<\/p>\n\n\n\n<p>De mar\u0163i, \u00eens\u0103, vremea se va r\u0103ci accentuat, astfel c\u0103 temperaturile maxime nu vor mai dep\u0103\u015fi 16 grade Celsius.<\/p>\n\n\n\n<figure class=\"wp-block-image size-full\"><img loading=\"lazy\" decoding=\"async\" width=\"673\" height=\"871\" src=\"https:\/\/giurgiu-net.ro\/wp-content\/uploads\/2025\/10\/vreme-1.jpg\" alt=\"Vreme 1\" class=\"wp-image-92922\" srcset=\"https:\/\/giurgiu-net.ro\/wp-content\/uploads\/2025\/10\/vreme-1.jpg 673w, https:\/\/giurgiu-net.ro\/wp-content\/uploads\/2025\/10\/vreme-1-232x300.jpg 232w\" sizes=\"auto, (max-width: 673px) 100vw, 673px\" \/><\/figure>\n\n\n\n<figure class=\"wp-block-image size-full\"><img loading=\"lazy\" decoding=\"async\" width=\"586\" height=\"727\" src=\"https:\/\/giurgiu-net.ro\/wp-content\/uploads\/2025\/10\/vreme-2.jpg\" alt=\"Vreme 2\" class=\"wp-image-92923\" srcset=\"https:\/\/giurgiu-net.ro\/wp-content\/uploads\/2025\/10\/vreme-2.jpg 586w, https:\/\/giurgiu-net.ro\/wp-content\/uploads\/2025\/10\/vreme-2-242x300.jpg 242w\" sizes=\"auto, (max-width: 586px) 100vw, 586px\" \/><\/figure>\n","protected":false},"excerpt":{"rendered":"<p>Vreme foarte frumoas\u0103, pentru \u00eenceput de noiembrie, la Giurgiu. De ast\u0103zi, p\u00e2n\u0103 mar\u0163ea viitoare, maximele vor fi generoase, cuprinse \u00eentre 20 \u015fi 23 de grade Celsius. De mar\u0163i, \u00eens\u0103, vremea se va r\u0103ci accentuat, astfel c\u0103 temperaturile maxime nu vor mai dep\u0103\u015fi 16 grade Celsius.<\/p>\n","protected":false},"author":1,"featured_media":92922,"comment_status":"open","ping_status":"open","sticky":false,"template":"","format":"standard","meta":{"slim_seo":{"title":"Vreme frumoas\u0103, \u00een weekend, \u015fi la Giurgiu. De mar\u0163i, se va r\u0103ci - GIURGIU NET","description":"Vreme foarte frumoas\u0103, pentru \u00eenceput de noiembrie, la Giurgiu. De ast\u0103zi, p\u00e2n\u0103 mar\u0163ea viitoare, maximele vor fi generoase, cuprinse \u00eentre 20 \u015fi 23 de grade Cel"},"footnotes":""},"categories":[18,26],"tags":[],"class_list":{"0":"post-92921","1":"post","2":"type-post","3":"status-publish","4":"format-standard","5":"has-post-thumbnail","7":"category-actual","8":"category-soc"},"_links":{"self":[{"href":"https:\/\/giurgiu-net.ro\/index.php\/wp-json\/wp\/v2\/posts\/92921","targetHints":{"allow":["GET"]}}],"collection":[{"href":"https:\/\/giurgiu-net.ro\/index.php\/wp-json\/wp\/v2\/posts"}],"about":[{"href":"https:\/\/giurgiu-net.ro\/index.php\/wp-json\/wp\/v2\/types\/post"}],"author":[{"embeddable":true,"href":"https:\/\/giurgiu-net.ro\/index.php\/wp-json\/wp\/v2\/users\/1"}],"replies":[{"embeddable":true,"href":"https:\/\/giurgiu-net.ro\/index.php\/wp-json\/wp\/v2\/comments?post=92921"}],"version-history":[{"count":0,"href":"https:\/\/giurgiu-net.ro\/index.php\/wp-json\/wp\/v2\/posts\/92921\/revisions"}],"wp:featuredmedia":[{"embeddable":true,"href":"https:\/\/giurgiu-net.ro\/index.php\/wp-json\/wp\/v2\/media\/92922"}],"wp:attachment":[{"href":"https:\/\/giurgiu-net.ro\/index.php\/wp-json\/wp\/v2\/media?parent=92921"}],"wp:term":[{"taxonomy":"category","embeddable":true,"href":"https:\/\/giurgiu-net.ro\/index.php\/wp-json\/wp\/v2\/categories?post=92921"},{"taxonomy":"post_tag","embeddable":true,"href":"https:\/\/giurgiu-net.ro\/index.php\/wp-json\/wp\/v2\/tags?post=92921"}],"curies":[{"name":"wp","href":"https:\/\/api.w.org\/{rel}","templated":true}]}}