{"id":92918,"date":"2025-10-31T09:31:04","date_gmt":"2025-10-31T07:31:04","guid":{"rendered":"https:\/\/giurgiu-net.ro\/?p=92918"},"modified":"2025-10-31T09:31:04","modified_gmt":"2025-10-31T07:31:04","slug":"scoala-altfel-la-pompieri-elevii-invata-cum-sa-reactioneze-in-situatii-de-urgenta","status":"publish","type":"post","link":"https:\/\/giurgiu-net.ro\/index.php\/2025\/10\/31\/scoala-altfel-la-pompieri-elevii-invata-cum-sa-reactioneze-in-situatii-de-urgenta\/","title":{"rendered":"\u201e\u0218coala Altfel\u201d la pompieri &#8211; elevii \u00eenva\u021b\u0103 cum s\u0103 reac\u021bioneze \u00een situa\u021bii de urgen\u021b\u0103"},"content":{"rendered":"\n<p>\u00cen perioada <strong>03-07 noiembrie 2025<\/strong>, pompierii giurgiuveni desf\u0103\u0219oar\u0103 o serie de activit\u0103\u021bi educative dedicate elevilor, \u00een cadrul Programului na\u021bional<strong> \u201e\u0218coala Altfel\u201d<\/strong>. Acestea urm\u0103resc dezvoltarea unui comportament preventiv \u0219i familiarizarea copiilor cu regulile de siguran\u021b\u0103 \u00een caz de incendiu, cutremur sau alte situa\u021bii de urgen\u021b\u0103.<\/p>\n\n\n\n<p>Tot mai mul\u021bi elevi \u0219i cadre didactice manifest\u0103 interes pentru domeniul situa\u021biilor de urgen\u021b\u0103, dorind s\u0103 afle direct de la salvatori cum pot preveni evenimentele periculoase \u0219i cum pot acorda primul ajutor.<\/p>\n\n\n\n<p><strong>Programul activit\u0103\u021bilor:<\/strong><\/p>\n\n\n\n<ul class=\"wp-block-list\">\n<li><strong>noiembrie 2025<\/strong><\/li>\n\n\n\n<li><strong>ora 10:00 &#8211; \u201c\u0218coala Altfel\u201d la Deta\u0219amentul de Pompieri Giurgiu: <\/strong>Vizita elevilor din ciclul primar de la \u0218coala Gimnazial\u0103 \u201cSf. Martiri Br\u00e2ncoveni\u201d din Giurgiu. Elevii vor afla cum trebuie s\u0103 se comporte \u00een caz de incendiu sau cutremur, vor vedea autospecialele de pompieri \u0219i vor avea ocazia s\u0103 probeze echipamentele de protec\u021bie.<\/li>\n\n\n\n<li><strong>noiembrie 2025<\/strong><\/li>\n\n\n\n<li><strong>ora 11:30 &#8211; Lec\u021bie de prim ajutor la \u0218coala Gimnazial\u0103 \u201cSf. Martiri Br\u00e2ncoveni<\/strong>\u201d din Giurgiu. Elevii din ciclul primar vor \u00eenv\u0103\u021ba ce trebuie s\u0103 fac\u0103 dac\u0103 un coleg se \u00eeneac\u0103 \u00een timp de m\u0103n\u00e2nc\u0103.<\/li>\n\n\n\n<li><strong>noiembrie 2025<\/strong><\/li>\n\n\n\n<li><strong>ora 09:00 &#8211; Lec\u021bie de prim ajutor la Colegiul Na\u021bional \u201cIon Maiorescu\u201d<\/strong> din Giurgiu. Elevii de gimnaziu vor \u00eenv\u0103\u021ba ce trebuie s\u0103 fac\u0103 dac\u0103 un coleg se accidenteaz\u0103 \u0219i s\u00e2ngereaz\u0103.<\/li>\n\n\n\n<li><strong>ora 10:00 &#8211; \u201c\u0218coala Altfel\u201d la Deta\u0219amentul de Pompieri Giurgiu<\/strong>: Vizita a \u0219ase clase din ciclul primar \u0219i gimnazial de la \u0218coala Gimnazial\u0103 \u201cSf. Martiri Br\u00e2ncoveni\u201d din Giurgiu. Elevii vor descoperi autospecialele, echipamentele de protec\u021bie \u0219i modul de ac\u021biune al pompierilor \u00een diferite situa\u021bii de urgen\u021b\u0103.<\/li>\n<\/ul>\n\n\n\n<p>Reprezentan\u021bii mass-mediei sunt invita\u021bi s\u0103 participe la <strong>\u201eZiua Por\u021bilor Deschise\u201d<\/strong>, care va avea loc <strong>luni, 03 noiembrie 2025, \u00eencep\u00e2nd cu ora 10:00<\/strong>, la sediul <strong>Deta\u0219amentului de Pompieri Giurgiu din strada Uzinei nr. 48<\/strong>. Evenimentul ofer\u0103 oportunitatea de a observa modul \u00een care pompierii interac\u021bioneaz\u0103 cu elevii \u0219i de a promova importan\u021ba educa\u021biei preventive \u00een r\u00e2ndul acestora.<\/p>\n\n\n\n<p>Comunicat \u015fi foto: ISU Giurgiu<\/p>\n","protected":false},"excerpt":{"rendered":"<p>\u00cen perioada 03-07 noiembrie 2025, pompierii giurgiuveni desf\u0103\u0219oar\u0103 o serie de activit\u0103\u021bi educative dedicate elevilor, \u00een cadrul Programului na\u021bional \u201e\u0218coala Altfel\u201d. Acestea urm\u0103resc dezvoltarea unui comportament preventiv \u0219i familiarizarea copiilor cu regulile de siguran\u021b\u0103 \u00een caz de incendiu, cutremur sau alte situa\u021bii de urgen\u021b\u0103. Tot mai mul\u021bi elevi \u0219i cadre didactice manifest\u0103 interes pentru domeniul [&hellip;]<\/p>\n","protected":false},"author":1,"featured_media":92919,"comment_status":"open","ping_status":"open","sticky":false,"template":"","format":"standard","meta":{"slim_seo":{"title":"\u201e\u0218coala Altfel\u201d la pompieri - elevii \u00eenva\u021b\u0103 cum s\u0103 reac\u021bioneze \u00een situa\u021bii de urgen\u021b\u0103 - GIURGIU NET","description":"\u00cen perioada 03-07 noiembrie 2025 , pompierii giurgiuveni desf\u0103\u0219oar\u0103 o serie de activit\u0103\u021bi educative dedicate elevilor, \u00een cadrul Programului na\u021bional \u201e\u0218coala Al"},"footnotes":""},"categories":[18,26],"tags":[1452],"class_list":{"0":"post-92918","1":"post","2":"type-post","3":"status-publish","4":"format-standard","5":"has-post-thumbnail","7":"category-actual","8":"category-soc","9":"tag-isu-giurgiu"},"_links":{"self":[{"href":"https:\/\/giurgiu-net.ro\/index.php\/wp-json\/wp\/v2\/posts\/92918","targetHints":{"allow":["GET"]}}],"collection":[{"href":"https:\/\/giurgiu-net.ro\/index.php\/wp-json\/wp\/v2\/posts"}],"about":[{"href":"https:\/\/giurgiu-net.ro\/index.php\/wp-json\/wp\/v2\/types\/post"}],"author":[{"embeddable":true,"href":"https:\/\/giurgiu-net.ro\/index.php\/wp-json\/wp\/v2\/users\/1"}],"replies":[{"embeddable":true,"href":"https:\/\/giurgiu-net.ro\/index.php\/wp-json\/wp\/v2\/comments?post=92918"}],"version-history":[{"count":0,"href":"https:\/\/giurgiu-net.ro\/index.php\/wp-json\/wp\/v2\/posts\/92918\/revisions"}],"wp:featuredmedia":[{"embeddable":true,"href":"https:\/\/giurgiu-net.ro\/index.php\/wp-json\/wp\/v2\/media\/92919"}],"wp:attachment":[{"href":"https:\/\/giurgiu-net.ro\/index.php\/wp-json\/wp\/v2\/media?parent=92918"}],"wp:term":[{"taxonomy":"category","embeddable":true,"href":"https:\/\/giurgiu-net.ro\/index.php\/wp-json\/wp\/v2\/categories?post=92918"},{"taxonomy":"post_tag","embeddable":true,"href":"https:\/\/giurgiu-net.ro\/index.php\/wp-json\/wp\/v2\/tags?post=92918"}],"curies":[{"name":"wp","href":"https:\/\/api.w.org\/{rel}","templated":true}]}}