{"id":92915,"date":"2025-10-31T09:27:08","date_gmt":"2025-10-31T07:27:08","guid":{"rendered":"https:\/\/giurgiu-net.ro\/?p=92915"},"modified":"2025-10-31T09:27:08","modified_gmt":"2025-10-31T07:27:08","slug":"deputat-marian-mina-administratia-pnl-a-esuat-cu-succes-la-giurgiu-si-a-reusit-doar-sa-puna-la-pamant-si-ceea-ce-mai-era-functional","status":"publish","type":"post","link":"https:\/\/giurgiu-net.ro\/index.php\/2025\/10\/31\/deputat-marian-mina-administratia-pnl-a-esuat-cu-succes-la-giurgiu-si-a-reusit-doar-sa-puna-la-pamant-si-ceea-ce-mai-era-functional\/","title":{"rendered":"Deputat Marian Mina: &#8222;Administra\u0163ia PNL a e\u015fuat cu succes la Giurgiu \u015fi a reu\u015fit doar s\u0103 pun\u0103 la p\u0103m\u00e2nt \u015fi ceea ce mai era func\u0163ional&#8221;"},"content":{"rendered":"\n<p>Pre\u015fedintele PSD Giurgiu, deputat Marian Mina, a postat pe pagina sa de Facebook un mesaj, \u00een urma protestului antreprenorilor giurgiuveni, ce s-a desf\u0103\u015furat, ieri, \u00een fa\u0163a Prim\u0103riei Giurgiu. Afaceri\u015ftii au ie\u015fit \u00een strad\u0103, fiind nemul\u0163umi\u0163i de taxa pentru de\u015feuri. <\/p>\n\n\n\n<p>&#8222;Ceea ce se \u00eent\u00e2mpl\u0103 \u00een Giurgiu este deja de domeniul fantasticului. Nu s-a mai \u00eent\u00e2mplat, p\u00e2n\u0103 acum, ca afaceri\u015ftii s\u0103 ias\u0103 \u00een strad\u0103 din cauza autorit\u0103\u0163ilor locale! Ast\u0103zi, au protestat \u00een fa\u0163a Prim\u0103riei Giurgiu zeci de \u00eentreprinz\u0103tori, cei mai mul\u0163i cu mici afaceri care sus\u0163in economia local\u0103 direct &#8211; prin plata salariilor c\u0103tre angaja\u0163i &#8211; \u015fi indirect prin taxele \u015fi impozitele pe care le pl\u0103tesc \u015fi care, par\u0163ial, se \u00eentorc la bugetul local.<\/p>\n\n\n\n<p><a><\/a>V\u0103 aminti\u0163i c\u0103 primarul PNL Anghelescu a c\u00e2\u015ftigat primul mandat promi\u0163\u00e2nd aducerea unor noi investitori. Nu doar c\u0103 nu a f\u0103cut asta, dar a \u015fi reu\u015fit, \u00een al doilea mandat, s\u0103-\u015fi bat\u0103 joc \u015fi de investitorii LOCALI.<\/p>\n\n\n\n<p>Majoritatea celor revolta\u0163i au perfect\u0103 dreptate s\u0103 protesteze, pentru c\u0103 sunt oameni de bun\u0103 credin\u0163\u0103 \u015fi nu se bucur\u0103 la 3-400 de lei pe care i-ar economisi, dac\u0103 nu \u015fi-ar declara de\u015feurile.<\/p>\n\n\n\n<p>Giurgiu nu e nici pe departe at\u00e2t de dezvoltat, \u00eenc\u00e2t afacerile locale s\u0103 \u00eenfloreasc\u0103, dar problema este c\u0103 a ajuns chiar mai SUBDEZVOLTAT dec\u00e2t era c\u00e2nd l-a preluat primarul Anghelescu &#8211; acest \u201cC\u0103lin Georgescu de la \u0163ar\u0103\u201d. Vorb\u0103 lung\u0103, fad\u0103, lipsit\u0103 de esen\u0163\u0103 \u015fi care nu mai impresioneaz\u0103 pe nimeni.<\/p>\n\n\n\n<p>Administra\u0163ia PNL a e\u015fuat cu succes la Giurgiu \u015fi a reu\u015fit doar s\u0103 pun\u0103 la p\u0103m\u00e2nt \u015fi ceea ce mai era func\u0163ional. Vor acum s\u0103-i \u00eempov\u0103reze pe to\u0163i giurgiuvenii, oameni simpli sau, iat\u0103, antreprenori, cu taxe peste taxe, cu major\u0103ri de tarife la toate serviciile \u015fi ne dau la schimb doar mizerie, datorii, FALIMENT.<\/p>\n\n\n\n<p>De altfel, a\u015fa o s\u0103 r\u0103m\u00e2n\u0103 \u00een istoria acestui municipiu domnul Anghelescu: Primarul Faliment&#8221;, a scris Marian Mina, pe Facebook.<\/p>\n\n\n\n<p>Surs\u0103 foto: Marian Mina- Facebook<\/p>\n","protected":false},"excerpt":{"rendered":"<p>Pre\u015fedintele PSD Giurgiu, deputat Marian Mina, a postat pe pagina sa de Facebook un mesaj, \u00een urma protestului antreprenorilor giurgiuveni, ce s-a desf\u0103\u015furat, ieri, \u00een fa\u0163a Prim\u0103riei Giurgiu. Afaceri\u015ftii au ie\u015fit \u00een strad\u0103, fiind nemul\u0163umi\u0163i de taxa pentru de\u015feuri. &#8222;Ceea ce se \u00eent\u00e2mpl\u0103 \u00een Giurgiu este deja de domeniul fantasticului. Nu s-a mai \u00eent\u00e2mplat, p\u00e2n\u0103 [&hellip;]<\/p>\n","protected":false},"author":1,"featured_media":92916,"comment_status":"open","ping_status":"open","sticky":false,"template":"","format":"standard","meta":{"slim_seo":{"title":"Deputat Marian Mina: \"Administra\u0163ia PNL a e\u015fuat cu succes la Giurgiu \u015fi a reu\u015fit doar s\u0103 pun\u0103 la p\u0103m\u00e2nt \u015fi ceea ce mai era func\u0163ional\" - GIURGIU NET","description":"Pre\u015fedintele PSD Giurgiu, deputat Marian Mina, a postat pe pagina sa de Facebook un mesaj, \u00een urma protestului antreprenorilor giurgiuveni, ce s-a desf\u0103\u015furat, i"},"footnotes":""},"categories":[18,19,25],"tags":[1626],"class_list":{"0":"post-92915","1":"post","2":"type-post","3":"status-publish","4":"format-standard","5":"has-post-thumbnail","7":"category-actual","8":"category-adm","9":"category-pol","10":"tag-marian-mina"},"_links":{"self":[{"href":"https:\/\/giurgiu-net.ro\/index.php\/wp-json\/wp\/v2\/posts\/92915","targetHints":{"allow":["GET"]}}],"collection":[{"href":"https:\/\/giurgiu-net.ro\/index.php\/wp-json\/wp\/v2\/posts"}],"about":[{"href":"https:\/\/giurgiu-net.ro\/index.php\/wp-json\/wp\/v2\/types\/post"}],"author":[{"embeddable":true,"href":"https:\/\/giurgiu-net.ro\/index.php\/wp-json\/wp\/v2\/users\/1"}],"replies":[{"embeddable":true,"href":"https:\/\/giurgiu-net.ro\/index.php\/wp-json\/wp\/v2\/comments?post=92915"}],"version-history":[{"count":0,"href":"https:\/\/giurgiu-net.ro\/index.php\/wp-json\/wp\/v2\/posts\/92915\/revisions"}],"wp:featuredmedia":[{"embeddable":true,"href":"https:\/\/giurgiu-net.ro\/index.php\/wp-json\/wp\/v2\/media\/92916"}],"wp:attachment":[{"href":"https:\/\/giurgiu-net.ro\/index.php\/wp-json\/wp\/v2\/media?parent=92915"}],"wp:term":[{"taxonomy":"category","embeddable":true,"href":"https:\/\/giurgiu-net.ro\/index.php\/wp-json\/wp\/v2\/categories?post=92915"},{"taxonomy":"post_tag","embeddable":true,"href":"https:\/\/giurgiu-net.ro\/index.php\/wp-json\/wp\/v2\/tags?post=92915"}],"curies":[{"name":"wp","href":"https:\/\/api.w.org\/{rel}","templated":true}]}}