{"id":92899,"date":"2025-10-29T11:43:49","date_gmt":"2025-10-29T09:43:49","guid":{"rendered":"https:\/\/giurgiu-net.ro\/?p=92899"},"modified":"2025-10-29T13:05:44","modified_gmt":"2025-10-29T11:05:44","slug":"foto-video-comuna-putineiu-fara-investitii-dar-cu-un-primar-care-se-comporta-de-parca-si-a-luat-institutia-pe-persoana-fizica-un-consilier-local-psd-rupe-tacerea","status":"publish","type":"post","link":"https:\/\/giurgiu-net.ro\/index.php\/2025\/10\/29\/foto-video-comuna-putineiu-fara-investitii-dar-cu-un-primar-care-se-comporta-de-parca-si-a-luat-institutia-pe-persoana-fizica-un-consilier-local-psd-rupe-tacerea\/","title":{"rendered":"FOTO\/VIDEO: Comuna Putineiu, f\u0103r\u0103 investi\u0163ii, dar cu un primar care se comport\u0103 de parc\u0103 \u015fi-a luat institu\u0163ia pe persoan\u0103 fizic\u0103. Un consilier local PSD rupe t\u0103cerea"},"content":{"rendered":"\n<p>Consilierul local PSD George Balaban ne-a contactat pentru a ne relata mai multe probleme din comuna Putineiu. \u00cen primul r\u00e2nd, el sus\u0163ine c\u0103 primarul(PNL) Gheorghe Breazu ar \u00eencalca legea, \u00een mai multe privin\u0163e. De altfel, Balaban a f\u0103cut \u015fi o pl\u00e2ngere penal\u0103, dar a depus \u015fi o ac\u0163iune \u00een instan\u0163\u0103, pe dou\u0103 spe\u0163e.<\/p>\n\n\n\n<p><strong>De 1 an \u015fi jum\u0103tate, nu se vacanteaz\u0103 locul unui consilier PSD<\/strong><\/p>\n\n\n\n<p><em>\u201e\u00cenc\u0103 din prima s\u0103pt\u0103m\u00e2n\u0103 de c\u00e2nd ne-am preluat mandatele, consilierii PSD n-au intrat \u00een nicio comisie de specialitate. Nu pentru c\u0103 n-am vrut noi, ci pentru c\u0103 nu a vrut primarul. Eu \u015ftiu c\u0103, potrivit legii, trebuie s\u0103 existe \u00een aceste comisii consilieri de la toate partidele care au reprezentan\u0163i \u00een CL. Cel mai grav este c\u0103 doamna secretar\u0103 nu noteaz\u0103 corect modul \u00een care se desf\u0103\u015foar\u0103 \u015fedin\u0163ele de consiliu, toate procesele verbale sunt aproape la fel. Chiar dac\u0103 nu facem parte din nicio comisie, primim jum\u0103tate din indemniza\u0163ia pe care o iau consilierii PNL. Asta ca s\u0103 ne \u00eenchid\u0103 gura, probabil. N-ar trebui s\u0103 lu\u0103m niciun ban pentru comisiile de specialitate, dac\u0103 tot nu suntem \u00een niciuna&#8230;<\/em>\u201d, a spus George Balaban.<\/p>\n\n\n\n<p>Apoi, o alt\u0103 situa\u0163ie grav\u0103 este cea a faptului c\u0103, de un an \u015fi jum\u0103tate, consilierii PSD nu reu\u015fesc s\u0103 vacanteze, \u00een Consiliul Local Putineiu, locul unui fost coleg de-al lor.<\/p>\n\n\n\n<p><em>\u201eUn consilier PSD nu a mai dorit s\u0103 fac\u0103 parte din Consiliul Local \u015fi nu reu\u015fim s\u0103 trecem proiectul privind vacantarea, respectiv numirea unui alt coleg social-democrat. Proiectul cu pricina era pus mereu ultimul pe ordinea de zi \u015fi, de dou\u0103 ori, consilierii PNL s-au ridicat \u015fi au plecat, refuz\u00e2nd s\u0103 dezbat\u0103 proiectul. Am deschis o ac\u0163iune \u00een instan\u0163\u0103 pe aceast\u0103 spe\u0163\u0103. Ideea este c\u0103 acest al 4-lea consilier de la PSD l-ar \u00eencurca pe domnul primar la proiectele de patrimoniu, unde e nevoie de votul a dou\u0103 treimi\u201d<\/em>, a precizat Balaban.<\/p>\n\n\n\n<p>Pe de alt\u0103 parte, el ne-a mai spus \u015fi c\u0103 ar fi vreo 100 de persoane din Putineiu c\u0103rora nu li s-ar elibera documente, la timp, de c\u0103tre Prim\u0103rie.<\/p>\n\n\n\n<p><em>\u201eSunt, de exemplu, documente care ne trebuie la APIA. Eu de 3 luni a\u015ftept un atestat pe care Prim\u0103ria este <strong>obligat\u0103<\/strong> s\u0103 mi-l elibereze \u00een 5 zile. Nu mai pot s\u0103-mi v\u00e2nd cerealele, f\u0103r\u0103 acest act, \u015fi am f\u0103cut pl\u00e2ngere penal\u0103 \u00een acest caz!\u201d<\/em>, a subliniat consilierul local.<\/p>\n\n\n\n<p><strong>\u015ecoala, gr\u0103dini\u0163a, dispensarul \u015fi blocul de locuin\u0163e din Putineiu \u2013 ca-n Evul Mediu<\/strong><\/p>\n\n\n\n<p>George Balaban ne-a furnizat imagini de la \u015fcoala \u015fi de la gr\u0103dini\u0163a din Putineiu. La \u015fcoal\u0103, de exemplu, de 6 luni, exist\u0103 un geam spart, iar gardul st\u0103 s\u0103 se pr\u0103bu\u015feasc\u0103. <\/p>\n\n\n\n<figure class=\"wp-block-video\"><video height=\"850\" style=\"aspect-ratio: 478 \/ 850;\" width=\"478\" controls src=\"https:\/\/giurgiu-net.ro\/wp-content\/uploads\/2025\/10\/WhatsApp-Video-2025-10-29-at-10.21.33.mp4\"><\/video><\/figure>\n\n\n\n<figure class=\"wp-block-gallery has-nested-images columns-default is-cropped wp-block-gallery-1 is-layout-flex wp-block-gallery-is-layout-flex\">\n<figure class=\"wp-block-image size-large\"><img decoding=\"async\" data-id=\"92901\" src=\"https:\/\/giurgiu-net.ro\/wp-content\/uploads\/2025\/10\/WhatsApp-Image-2025-10-29-at-10.21.34-1-768x1024.jpeg\" alt=\"Whatsapp image 2025 10 29 at 10.21.34 (1)\" class=\"wp-image-92901\"\/><\/figure>\n<\/figure>\n\n\n\n<p>\u201e<em>St\u0103 geamul acela spart de jum\u0103tate de an. Cum este posibil a\u015fa ceva? De altfel, nu s-a f\u0103cut nicio investi\u0163ie p\u00e2n\u0103 acum, \u015fcoala arat\u0103 ca \u00een urm\u0103 cu 40 de ani. Gardul st\u0103 s\u0103 cad\u0103 \u015fi acesta. La fel arat\u0103 \u015fi gr\u0103dini\u0163a. Deplorabil.<\/em>\u201d, a declarat George Balaban.<\/p>\n\n\n\n<figure class=\"wp-block-video\"><video height=\"850\" style=\"aspect-ratio: 478 \/ 850;\" width=\"478\" controls src=\"https:\/\/giurgiu-net.ro\/wp-content\/uploads\/2025\/10\/WhatsApp-Video-2025-10-29-at-10.21.33-1.mp4\"><\/video><\/figure>\n\n\n\n<figure class=\"wp-block-gallery has-nested-images columns-2 is-cropped wp-block-gallery-2 is-layout-flex wp-block-gallery-is-layout-flex\">\n<figure class=\"wp-block-image size-large\"><img loading=\"lazy\" decoding=\"async\" width=\"768\" height=\"1024\" data-id=\"92908\" src=\"https:\/\/giurgiu-net.ro\/wp-content\/uploads\/2025\/10\/WhatsApp-Image-2025-10-29-at-10.21.33-768x1024.jpeg\" alt=\"Whatsapp image 2025 10 29 at 10.21.33\" class=\"wp-image-92908\" srcset=\"https:\/\/giurgiu-net.ro\/wp-content\/uploads\/2025\/10\/WhatsApp-Image-2025-10-29-at-10.21.33-768x1024.jpeg 768w, https:\/\/giurgiu-net.ro\/wp-content\/uploads\/2025\/10\/WhatsApp-Image-2025-10-29-at-10.21.33-225x300.jpeg 225w, https:\/\/giurgiu-net.ro\/wp-content\/uploads\/2025\/10\/WhatsApp-Image-2025-10-29-at-10.21.33-1152x1536.jpeg 1152w, https:\/\/giurgiu-net.ro\/wp-content\/uploads\/2025\/10\/WhatsApp-Image-2025-10-29-at-10.21.33-696x928.jpeg 696w, https:\/\/giurgiu-net.ro\/wp-content\/uploads\/2025\/10\/WhatsApp-Image-2025-10-29-at-10.21.33-1068x1424.jpeg 1068w, https:\/\/giurgiu-net.ro\/wp-content\/uploads\/2025\/10\/WhatsApp-Image-2025-10-29-at-10.21.33.jpeg 1200w\" sizes=\"auto, (max-width: 768px) 100vw, 768px\" \/><\/figure>\n\n\n\n<figure class=\"wp-block-image size-large\"><img loading=\"lazy\" decoding=\"async\" width=\"768\" height=\"1024\" data-id=\"92903\" src=\"https:\/\/giurgiu-net.ro\/wp-content\/uploads\/2025\/10\/WhatsApp-Image-2025-10-29-at-10.21.34-2-768x1024.jpeg\" alt=\"Whatsapp image 2025 10 29 at 10.21.34 (2)\" class=\"wp-image-92903\" srcset=\"https:\/\/giurgiu-net.ro\/wp-content\/uploads\/2025\/10\/WhatsApp-Image-2025-10-29-at-10.21.34-2-768x1024.jpeg 768w, https:\/\/giurgiu-net.ro\/wp-content\/uploads\/2025\/10\/WhatsApp-Image-2025-10-29-at-10.21.34-2-225x300.jpeg 225w, https:\/\/giurgiu-net.ro\/wp-content\/uploads\/2025\/10\/WhatsApp-Image-2025-10-29-at-10.21.34-2-1152x1536.jpeg 1152w, https:\/\/giurgiu-net.ro\/wp-content\/uploads\/2025\/10\/WhatsApp-Image-2025-10-29-at-10.21.34-2-696x928.jpeg 696w, https:\/\/giurgiu-net.ro\/wp-content\/uploads\/2025\/10\/WhatsApp-Image-2025-10-29-at-10.21.34-2-1068x1424.jpeg 1068w, https:\/\/giurgiu-net.ro\/wp-content\/uploads\/2025\/10\/WhatsApp-Image-2025-10-29-at-10.21.34-2.jpeg 1200w\" sizes=\"auto, (max-width: 768px) 100vw, 768px\" \/><\/figure>\n\n\n\n<figure class=\"wp-block-image size-large\"><img loading=\"lazy\" decoding=\"async\" width=\"768\" height=\"1024\" data-id=\"92905\" src=\"https:\/\/giurgiu-net.ro\/wp-content\/uploads\/2025\/10\/WhatsApp-Image-2025-10-29-at-10.21.34-768x1024.jpeg\" alt=\"Whatsapp image 2025 10 29 at 10.21.34\" class=\"wp-image-92905\" srcset=\"https:\/\/giurgiu-net.ro\/wp-content\/uploads\/2025\/10\/WhatsApp-Image-2025-10-29-at-10.21.34-768x1024.jpeg 768w, https:\/\/giurgiu-net.ro\/wp-content\/uploads\/2025\/10\/WhatsApp-Image-2025-10-29-at-10.21.34-225x300.jpeg 225w, https:\/\/giurgiu-net.ro\/wp-content\/uploads\/2025\/10\/WhatsApp-Image-2025-10-29-at-10.21.34-1152x1536.jpeg 1152w, https:\/\/giurgiu-net.ro\/wp-content\/uploads\/2025\/10\/WhatsApp-Image-2025-10-29-at-10.21.34-696x928.jpeg 696w, https:\/\/giurgiu-net.ro\/wp-content\/uploads\/2025\/10\/WhatsApp-Image-2025-10-29-at-10.21.34-1068x1424.jpeg 1068w, https:\/\/giurgiu-net.ro\/wp-content\/uploads\/2025\/10\/WhatsApp-Image-2025-10-29-at-10.21.34.jpeg 1200w\" sizes=\"auto, (max-width: 768px) 100vw, 768px\" \/><\/figure>\n\n\n\n<figure class=\"wp-block-image size-large\"><img loading=\"lazy\" decoding=\"async\" width=\"768\" height=\"1024\" data-id=\"92906\" src=\"https:\/\/giurgiu-net.ro\/wp-content\/uploads\/2025\/10\/WhatsApp-Image-2025-10-29-at-10.21.35-1-768x1024.jpeg\" alt=\"Whatsapp image 2025 10 29 at 10.21.35 (1)\" class=\"wp-image-92906\" srcset=\"https:\/\/giurgiu-net.ro\/wp-content\/uploads\/2025\/10\/WhatsApp-Image-2025-10-29-at-10.21.35-1-768x1024.jpeg 768w, https:\/\/giurgiu-net.ro\/wp-content\/uploads\/2025\/10\/WhatsApp-Image-2025-10-29-at-10.21.35-1-225x300.jpeg 225w, https:\/\/giurgiu-net.ro\/wp-content\/uploads\/2025\/10\/WhatsApp-Image-2025-10-29-at-10.21.35-1-1152x1536.jpeg 1152w, https:\/\/giurgiu-net.ro\/wp-content\/uploads\/2025\/10\/WhatsApp-Image-2025-10-29-at-10.21.35-1-696x928.jpeg 696w, https:\/\/giurgiu-net.ro\/wp-content\/uploads\/2025\/10\/WhatsApp-Image-2025-10-29-at-10.21.35-1-1068x1424.jpeg 1068w, https:\/\/giurgiu-net.ro\/wp-content\/uploads\/2025\/10\/WhatsApp-Image-2025-10-29-at-10.21.35-1.jpeg 1200w\" sizes=\"auto, (max-width: 768px) 100vw, 768px\" \/><\/figure>\n\n\n\n<figure class=\"wp-block-image size-large\"><img loading=\"lazy\" decoding=\"async\" width=\"768\" height=\"1024\" data-id=\"92904\" src=\"https:\/\/giurgiu-net.ro\/wp-content\/uploads\/2025\/10\/WhatsApp-Image-2025-10-29-at-10.21.35-2-768x1024.jpeg\" alt=\"Whatsapp image 2025 10 29 at 10.21.35 (2)\" class=\"wp-image-92904\" srcset=\"https:\/\/giurgiu-net.ro\/wp-content\/uploads\/2025\/10\/WhatsApp-Image-2025-10-29-at-10.21.35-2-768x1024.jpeg 768w, https:\/\/giurgiu-net.ro\/wp-content\/uploads\/2025\/10\/WhatsApp-Image-2025-10-29-at-10.21.35-2-225x300.jpeg 225w, https:\/\/giurgiu-net.ro\/wp-content\/uploads\/2025\/10\/WhatsApp-Image-2025-10-29-at-10.21.35-2-1152x1536.jpeg 1152w, https:\/\/giurgiu-net.ro\/wp-content\/uploads\/2025\/10\/WhatsApp-Image-2025-10-29-at-10.21.35-2-696x928.jpeg 696w, https:\/\/giurgiu-net.ro\/wp-content\/uploads\/2025\/10\/WhatsApp-Image-2025-10-29-at-10.21.35-2-1068x1424.jpeg 1068w, https:\/\/giurgiu-net.ro\/wp-content\/uploads\/2025\/10\/WhatsApp-Image-2025-10-29-at-10.21.35-2.jpeg 1200w\" sizes=\"auto, (max-width: 768px) 100vw, 768px\" \/><\/figure>\n\n\n\n<figure class=\"wp-block-image size-large\"><img loading=\"lazy\" decoding=\"async\" width=\"768\" height=\"1024\" data-id=\"92907\" src=\"https:\/\/giurgiu-net.ro\/wp-content\/uploads\/2025\/10\/WhatsApp-Image-2025-10-29-at-10.21.35-768x1024.jpeg\" alt=\"Whatsapp image 2025 10 29 at 10.21.35\" class=\"wp-image-92907\" srcset=\"https:\/\/giurgiu-net.ro\/wp-content\/uploads\/2025\/10\/WhatsApp-Image-2025-10-29-at-10.21.35-768x1024.jpeg 768w, https:\/\/giurgiu-net.ro\/wp-content\/uploads\/2025\/10\/WhatsApp-Image-2025-10-29-at-10.21.35-225x300.jpeg 225w, https:\/\/giurgiu-net.ro\/wp-content\/uploads\/2025\/10\/WhatsApp-Image-2025-10-29-at-10.21.35-1152x1536.jpeg 1152w, https:\/\/giurgiu-net.ro\/wp-content\/uploads\/2025\/10\/WhatsApp-Image-2025-10-29-at-10.21.35-696x928.jpeg 696w, https:\/\/giurgiu-net.ro\/wp-content\/uploads\/2025\/10\/WhatsApp-Image-2025-10-29-at-10.21.35-1068x1424.jpeg 1068w, https:\/\/giurgiu-net.ro\/wp-content\/uploads\/2025\/10\/WhatsApp-Image-2025-10-29-at-10.21.35.jpeg 1200w\" sizes=\"auto, (max-width: 768px) 100vw, 768px\" \/><\/figure>\n<\/figure>\n\n\n\n<p><strong><em>\u00cen imagini avem gr\u0103dini\u0163a din Putineiu, blocul \u015fi gardul \u015fcolii<\/em><\/strong><\/p>\n\n\n\n<p>Consilierul local ne-a spus c\u0103, \u00een mandatul trecut, Prim\u0103ria Putineiu ar fi primit 46 de miliarde de lei vechi, prin PNDL, ca s\u0103 modernizeze dispensarul din localitate: \u201e<em>\u015ei acum are lac\u0103tul pus. Ce s-a \u00eent\u00e2mplat cu banii? Doar \u00een campanie, a venit primarul cu c\u00e2\u0163iva muncitori, au \u00eenceput s\u0103 dea cu lavabil\u0103. Imediat ce s-a terminat campania, au oprit \u015fi lucrarea. Condi\u0163ii deplorabile sunt \u015fi la blocul din localitate, acolo unde medicul de familie din Putineiu \u00ee\u015fi desf\u0103\u015foar\u0103 activitatea. Primarul Breazu n-a finalizat niciun proiect. Ba da, singurul este&#8230; strada pe care locuie\u015fte, e f\u0103cut\u0103 ca la carte, pentru c\u0103 face parte dintr-un drum jude\u0163ean. At\u00e2t. Suntem singura comun\u0103 care NU ARE FARMACIE! V\u0103 da\u0163i seama c\u00e2t de greu le este celor \u00een v\u00e2rst\u0103 s\u0103 se deplaseze \u00een afara localit\u0103\u0163ii ca s\u0103 \u00ee\u015fi procure medicamentele?\u201d.<\/em><\/p>\n\n\n\n<p><strong>Cadouri pentru copii, de Cr\u0103ciun \u015fi 1 iunie, de 190.000 de lei&#8230;<\/strong><\/p>\n\n\n\n<p>George Balaban ne-a mai spus c\u0103, printr-un proiect de hot\u0103r\u00e2re, anul trecut, de Cr\u0103ciun, au fost aloca\u0163i 90.000 de lei ca s\u0103 fie cump\u0103rate cadouri pentru copii: <em>\u201eL-am \u00eentrebat pe primar pentru c\u00e2\u0163i copii aloc\u0103m suma aceasta. A zis c\u0103 nu \u015ftie, c\u0103 nu i-a num\u0103rat. Apoi, pentru 1 iunie 2025, am alocat 100.000 de lei, iar\u0103\u015fi pentru cadouri, iar\u0103\u015fi f\u0103r\u0103 s\u0103 \u015ftim pentru cine \u015fi ce cump\u0103r\u0103m. Am aflat eu c\u0103, \u00een programul mas\u0103 cald\u0103, de exemplu sunt 174 de copii\u201d<\/em>.<\/p>\n\n\n\n<p>A\u015fadar, de Cr\u0103ciun \u015fi de 1 Iunie, au fost aloca\u0163i de la bugetul local aproape 2 miliarde de lei vechi. Dac\u0103 sunt 174 de copii, \u00eenseamn\u0103 c\u00e2te 11 milioane de lei vechi pentru fiecare.<\/p>\n\n\n\n<p><em>\u201eDe Cr\u0103ciun, copiii au primit o pung\u0103 cu dulciuri cu 13 produse, iar de 1 Iunie, c\u00e2te o pereche de adida\u015fi, un trening \u015fi iar\u0103\u015fi o pung\u0103 cu dulciuri. Am verificat, iar articolele de \u00eembr\u0103c\u0103minte \u015fi \u00eenc\u0103l\u0163\u0103minte cump\u0103rate erau undeva la 120-180 de lei. Deci, vreo 500 de lei per total. Ce s-a \u00eent\u00e2mplat cu restul de p\u00e2n\u0103 la 1.100 de lei?\u201d<\/em>, se \u00eentreab\u0103 pe bun\u0103 dreptate George Balaban.<\/p>\n\n\n\n<p><strong>Solicit\u0103m \u015fi noi conducerii Prim\u0103riei Putineiu s\u0103 transmit\u0103 public un punct de vedere asupra a toate cele relatate mai sus!<\/strong><\/p>\n","protected":false},"excerpt":{"rendered":"<p>Consilierul local PSD George Balaban ne-a contactat pentru a ne relata mai multe probleme din comuna Putineiu. \u00cen primul r\u00e2nd, el sus\u0163ine c\u0103 primarul(PNL) Gheorghe Breazu ar \u00eencalca legea, \u00een mai multe privin\u0163e. De altfel, Balaban a f\u0103cut \u015fi o pl\u00e2ngere penal\u0103, dar a depus \u015fi o ac\u0163iune \u00een instan\u0163\u0103, pe dou\u0103 spe\u0163e. De 1 [&hellip;]<\/p>\n","protected":false},"author":1,"featured_media":92901,"comment_status":"open","ping_status":"open","sticky":false,"template":"","format":"standard","meta":{"slim_seo":{"title":"FOTO\/VIDEO: Comuna Putineiu, f\u0103r\u0103 investi\u0163ii, dar cu un primar care se comport\u0103 de parc\u0103 \u015fi-a luat institu\u0163ia pe persoan\u0103 fizic\u0103. Un consilier local PSD rupe t\u0103cerea - GIURGIU NET","description":"Consilierul local PSD George Balaban ne-a contactat pentru a ne relata mai multe probleme din comuna Putineiu. \u00cen primul r\u00e2nd, el sus\u0163ine c\u0103 primarul(PNL) Gheor"},"footnotes":""},"categories":[18,19,25],"tags":[1224,2268],"class_list":{"0":"post-92899","1":"post","2":"type-post","3":"status-publish","4":"format-standard","5":"has-post-thumbnail","7":"category-actual","8":"category-adm","9":"category-pol","10":"tag-gheorghe-breazu","11":"tag-putineiu"},"_links":{"self":[{"href":"https:\/\/giurgiu-net.ro\/index.php\/wp-json\/wp\/v2\/posts\/92899","targetHints":{"allow":["GET"]}}],"collection":[{"href":"https:\/\/giurgiu-net.ro\/index.php\/wp-json\/wp\/v2\/posts"}],"about":[{"href":"https:\/\/giurgiu-net.ro\/index.php\/wp-json\/wp\/v2\/types\/post"}],"author":[{"embeddable":true,"href":"https:\/\/giurgiu-net.ro\/index.php\/wp-json\/wp\/v2\/users\/1"}],"replies":[{"embeddable":true,"href":"https:\/\/giurgiu-net.ro\/index.php\/wp-json\/wp\/v2\/comments?post=92899"}],"version-history":[{"count":0,"href":"https:\/\/giurgiu-net.ro\/index.php\/wp-json\/wp\/v2\/posts\/92899\/revisions"}],"wp:featuredmedia":[{"embeddable":true,"href":"https:\/\/giurgiu-net.ro\/index.php\/wp-json\/wp\/v2\/media\/92901"}],"wp:attachment":[{"href":"https:\/\/giurgiu-net.ro\/index.php\/wp-json\/wp\/v2\/media?parent=92899"}],"wp:term":[{"taxonomy":"category","embeddable":true,"href":"https:\/\/giurgiu-net.ro\/index.php\/wp-json\/wp\/v2\/categories?post=92899"},{"taxonomy":"post_tag","embeddable":true,"href":"https:\/\/giurgiu-net.ro\/index.php\/wp-json\/wp\/v2\/tags?post=92899"}],"curies":[{"name":"wp","href":"https:\/\/api.w.org\/{rel}","templated":true}]}}