{"id":92896,"date":"2025-10-29T09:58:49","date_gmt":"2025-10-29T07:58:49","guid":{"rendered":"https:\/\/giurgiu-net.ro\/?p=92896"},"modified":"2025-10-29T09:58:50","modified_gmt":"2025-10-29T07:58:50","slug":"video-perchezitii-la-primaria-stanesti-intr-un-dosar-penal-de-abuz-in-serviciu-si-delapidare","status":"publish","type":"post","link":"https:\/\/giurgiu-net.ro\/index.php\/2025\/10\/29\/video-perchezitii-la-primaria-stanesti-intr-un-dosar-penal-de-abuz-in-serviciu-si-delapidare\/","title":{"rendered":"VIDEO: Perchezi\u0163ii la Prim\u0103ria St\u0103ne\u015fti, \u00eentr-un dosar penal de abuz \u00een serviciu \u015fi delapidare"},"content":{"rendered":"\n<p>Poli\u0163i\u015ftii Inspectoratului de Poli\u021bie Jude\u021bean Giurgiu, sub coordonarea procurorului de caz din cadrul Parchetului de pe l\u00e2ng\u0103 Judec\u0103toria Giurgiu, au pus \u00een executare, \u00een aceast\u0103 diminea\u0163\u0103, 14 mandate de perchezi\u021bie domiciliar\u0103, la sediul unei institu\u021bii publice din localitatea St\u0103ne\u0219ti, jude\u021bul Giurgiu, la domiciliile unor func\u021bionari publici din aceea\u0219i localitate, precum \u0219i la sediile sociale ale unor societ\u0103\u021bi comerciale, din jude\u021bele Giurgiu, Constan\u021ba, C\u0103l\u0103ra\u0219i \u0219i Buz\u0103u.<\/p>\n\n\n\n<p>\u201e\u00cen fapt, se efectueaz\u0103 cercet\u0103ri \u00een cadrul unui dosar penal, sub aspectul s\u0103v\u00e2r\u0219irii infrac\u021biunilor de abuz \u00een serviciu \u0219i delapidare.<\/p>\n\n\n\n<figure class=\"wp-block-video\"><video height=\"480\" style=\"aspect-ratio: 848 \/ 480;\" width=\"848\" controls src=\"https:\/\/giurgiu-net.ro\/wp-content\/uploads\/2025\/10\/WhatsApp-Video-2025-10-29-at-09.27.10.mp4\"><\/video><\/figure>\n\n\n\n<p>Ac\u021biunea a beneficiat de sprijinul lupt\u0103torilor Serviciului pentru Ac\u021biuni Speciale din Giurgiu \u0219i a poli\u021bi\u0219tilor de investigare a criminalit\u0103\u021bii economice din cadrul Inspectoratelor de Poli\u021bie Jude\u021bene din Constan\u021ba, C\u0103l\u0103ra\u0219i \u0219i Buz\u0103u\u201d, anun\u0163\u0103 POli\u0163ia Giurgiu.<\/p>\n\n\n\n<p>Surse ne-au declarat c\u0103 perchezi\u0163iile au fost f\u0103cute chiar la sediul Prim\u0103riei St\u0103ne\u015fti. Vom reveni cu am\u0103nunte!<\/p>\n","protected":false},"excerpt":{"rendered":"<p>Poli\u0163i\u015ftii Inspectoratului de Poli\u021bie Jude\u021bean Giurgiu, sub coordonarea procurorului de caz din cadrul Parchetului de pe l\u00e2ng\u0103 Judec\u0103toria Giurgiu, au pus \u00een executare, \u00een aceast\u0103 diminea\u0163\u0103, 14 mandate de perchezi\u021bie domiciliar\u0103, la sediul unei institu\u021bii publice din localitatea St\u0103ne\u0219ti, jude\u021bul Giurgiu, la domiciliile unor func\u021bionari publici din aceea\u0219i localitate, precum \u0219i la sediile sociale ale [&hellip;]<\/p>\n","protected":false},"author":1,"featured_media":68864,"comment_status":"open","ping_status":"open","sticky":false,"template":"","format":"standard","meta":{"slim_seo":{"title":"VIDEO: Perchezi\u0163ii la Prim\u0103ria St\u0103ne\u015fti, \u00eentr-un dosar penal de abuz \u00een serviciu \u015fi delapidare - GIURGIU NET","description":"Poli\u0163i\u015ftii Inspectoratului de Poli\u021bie Jude\u021bean Giurgiu, sub coordonarea procurorului de caz din cadrul Parchetului de pe l\u00e2ng\u0103 Judec\u0103toria Giurgiu, au pus \u00een ex"},"footnotes":""},"categories":[18,19,28],"tags":[2981],"class_list":{"0":"post-92896","1":"post","2":"type-post","3":"status-publish","4":"format-standard","5":"has-post-thumbnail","7":"category-actual","8":"category-adm","9":"category-uo","10":"tag-perchezitii-stanesti"},"_links":{"self":[{"href":"https:\/\/giurgiu-net.ro\/index.php\/wp-json\/wp\/v2\/posts\/92896","targetHints":{"allow":["GET"]}}],"collection":[{"href":"https:\/\/giurgiu-net.ro\/index.php\/wp-json\/wp\/v2\/posts"}],"about":[{"href":"https:\/\/giurgiu-net.ro\/index.php\/wp-json\/wp\/v2\/types\/post"}],"author":[{"embeddable":true,"href":"https:\/\/giurgiu-net.ro\/index.php\/wp-json\/wp\/v2\/users\/1"}],"replies":[{"embeddable":true,"href":"https:\/\/giurgiu-net.ro\/index.php\/wp-json\/wp\/v2\/comments?post=92896"}],"version-history":[{"count":0,"href":"https:\/\/giurgiu-net.ro\/index.php\/wp-json\/wp\/v2\/posts\/92896\/revisions"}],"wp:featuredmedia":[{"embeddable":true,"href":"https:\/\/giurgiu-net.ro\/index.php\/wp-json\/wp\/v2\/media\/68864"}],"wp:attachment":[{"href":"https:\/\/giurgiu-net.ro\/index.php\/wp-json\/wp\/v2\/media?parent=92896"}],"wp:term":[{"taxonomy":"category","embeddable":true,"href":"https:\/\/giurgiu-net.ro\/index.php\/wp-json\/wp\/v2\/categories?post=92896"},{"taxonomy":"post_tag","embeddable":true,"href":"https:\/\/giurgiu-net.ro\/index.php\/wp-json\/wp\/v2\/tags?post=92896"}],"curies":[{"name":"wp","href":"https:\/\/api.w.org\/{rel}","templated":true}]}}