{"id":92828,"date":"2025-10-25T16:44:29","date_gmt":"2025-10-25T13:44:29","guid":{"rendered":"https:\/\/giurgiu-net.ro\/?p=92828"},"modified":"2025-10-25T16:44:30","modified_gmt":"2025-10-25T13:44:30","slug":"social-democratii-giurgiuveni-conferinta-extraordinara-inainte-de-congresul-psd-presedintele-marian-mina-nu-trebuie-sa-ne-fie-rusine-ca-suntem-psd-isti-dimpotriva-noi-suntem-cei-care-am","status":"publish","type":"post","link":"https:\/\/giurgiu-net.ro\/index.php\/2025\/10\/25\/social-democratii-giurgiuveni-conferinta-extraordinara-inainte-de-congresul-psd-presedintele-marian-mina-nu-trebuie-sa-ne-fie-rusine-ca-suntem-psd-isti-dimpotriva-noi-suntem-cei-care-am\/","title":{"rendered":"Social-democra\u0163ii giurgiuveni, Conferin\u0163\u0103 Extraordinar\u0103 \u00eenainte de Congresul PSD. Pre\u015fedintele Marian Mina: \u201cNu trebuie s\u0103 ne fie ru\u0219ine c\u0103 suntem PSD-i\u015fti, dimpotriv\u0103. Noi suntem cei care am crescut salariul minim, am majorat pensiile, am investit \u00een \u0219coli, spitale, drumuri \u0219i comunit\u0103\u021bi!\u201d"},"content":{"rendered":"\n<p class=\"has-text-align-center wp-block-paragraph\"><em>Social-democra\u0163ii giurgiuveni s-au reunit, joi, 23 octombrie, \u00eentr-o Conferin\u0163\u0103 Extraordinar\u0103, \u00eenainte de Congresul partidului, ce va avea loc pe 7 noiembrie, la Romexpo. PSD Giurgiu a votat, \u00een cadrul acestei \u015fedin\u0163e, lista cu delega\u0163ii care vor merge la congres, dar \u015fi-au exprimat \u015fi sus\u0163inerea pentru candidatul Sorin Grindeanu la func\u0163ia de pre\u015fedinte al partidului, vot\u00e2nd mo\u0163iunea acestuia \u201cUni\u0163i pentru rom\u00e2ni. Puternici, dar \u00eempreun\u0103!\u201d.<\/em><\/p>\n\n\n\n<p class=\"wp-block-paragraph\">La eveniment, giurgiuvenii i-au avut ca oaspe\u0163i pe doi dintre colegii lor din sud, Corneliu \u0218tefan, pre\u0219edinte al Consiliului Jude\u021bean D\u00e2mbovi\u021ba, \u0219i Adrian G\u00e2dea, pre\u0219edinte al Consiliului Jude\u021bean Teleorman.<\/p>\n\n\n\n<p class=\"wp-block-paragraph\">De asemenea, la Conferin\u0163a Extraordinar\u0103 a PSD, \u00een afar\u0103 de cei care alc\u0103tuiesc echipa de conducere, au fost prezen\u0163i \u015fi tineri de la TSD, de la Liga Elevilor, doamne din OFSD, pensionari, social-democra\u0163i din municipiu \u015fi din jude\u0163.<\/p>\n\n\n\n<figure class=\"wp-block-gallery has-nested-images columns-2 is-cropped wp-block-gallery-1 is-layout-flex wp-block-gallery-is-layout-flex\">\n<figure class=\"wp-block-image size-large\"><img loading=\"lazy\" decoding=\"async\" width=\"800\" height=\"378\" data-id=\"92830\" src=\"https:\/\/giurgiu-net.ro\/wp-content\/uploads\/2025\/10\/DSC04553.jpg\" alt=\"Dsc04553\" class=\"wp-image-92830\" srcset=\"https:\/\/giurgiu-net.ro\/wp-content\/uploads\/2025\/10\/DSC04553.jpg 800w, https:\/\/giurgiu-net.ro\/wp-content\/uploads\/2025\/10\/DSC04553-300x142.jpg 300w, https:\/\/giurgiu-net.ro\/wp-content\/uploads\/2025\/10\/DSC04553-768x363.jpg 768w, https:\/\/giurgiu-net.ro\/wp-content\/uploads\/2025\/10\/DSC04553-696x329.jpg 696w\" sizes=\"auto, (max-width: 800px) 100vw, 800px\" \/><\/figure>\n\n\n\n<figure class=\"wp-block-image size-large\"><img loading=\"lazy\" decoding=\"async\" width=\"800\" height=\"638\" data-id=\"92831\" src=\"https:\/\/giurgiu-net.ro\/wp-content\/uploads\/2025\/10\/DSC04557.jpg\" alt=\"Dsc04557\" class=\"wp-image-92831\" srcset=\"https:\/\/giurgiu-net.ro\/wp-content\/uploads\/2025\/10\/DSC04557.jpg 800w, https:\/\/giurgiu-net.ro\/wp-content\/uploads\/2025\/10\/DSC04557-300x239.jpg 300w, https:\/\/giurgiu-net.ro\/wp-content\/uploads\/2025\/10\/DSC04557-768x612.jpg 768w, https:\/\/giurgiu-net.ro\/wp-content\/uploads\/2025\/10\/DSC04557-696x555.jpg 696w\" sizes=\"auto, (max-width: 800px) 100vw, 800px\" \/><\/figure>\n\n\n\n<figure class=\"wp-block-image size-large\"><img loading=\"lazy\" decoding=\"async\" width=\"800\" height=\"534\" data-id=\"92829\" src=\"https:\/\/giurgiu-net.ro\/wp-content\/uploads\/2025\/10\/DSC04559.jpg\" alt=\"Dsc04559\" class=\"wp-image-92829\" srcset=\"https:\/\/giurgiu-net.ro\/wp-content\/uploads\/2025\/10\/DSC04559.jpg 800w, https:\/\/giurgiu-net.ro\/wp-content\/uploads\/2025\/10\/DSC04559-300x200.jpg 300w, https:\/\/giurgiu-net.ro\/wp-content\/uploads\/2025\/10\/DSC04559-768x513.jpg 768w, https:\/\/giurgiu-net.ro\/wp-content\/uploads\/2025\/10\/DSC04559-696x465.jpg 696w\" sizes=\"auto, (max-width: 800px) 100vw, 800px\" \/><\/figure>\n\n\n\n<figure class=\"wp-block-image size-large\"><img loading=\"lazy\" decoding=\"async\" width=\"800\" height=\"612\" data-id=\"92832\" src=\"https:\/\/giurgiu-net.ro\/wp-content\/uploads\/2025\/10\/DSC04560.jpg\" alt=\"Dsc04560\" class=\"wp-image-92832\" srcset=\"https:\/\/giurgiu-net.ro\/wp-content\/uploads\/2025\/10\/DSC04560.jpg 800w, https:\/\/giurgiu-net.ro\/wp-content\/uploads\/2025\/10\/DSC04560-300x230.jpg 300w, https:\/\/giurgiu-net.ro\/wp-content\/uploads\/2025\/10\/DSC04560-768x588.jpg 768w, https:\/\/giurgiu-net.ro\/wp-content\/uploads\/2025\/10\/DSC04560-696x532.jpg 696w\" sizes=\"auto, (max-width: 800px) 100vw, 800px\" \/><\/figure>\n\n\n\n<figure class=\"wp-block-image size-large\"><img loading=\"lazy\" decoding=\"async\" width=\"800\" height=\"407\" data-id=\"92834\" src=\"https:\/\/giurgiu-net.ro\/wp-content\/uploads\/2025\/10\/DSC04566.jpg\" alt=\"Dsc04566\" class=\"wp-image-92834\" srcset=\"https:\/\/giurgiu-net.ro\/wp-content\/uploads\/2025\/10\/DSC04566.jpg 800w, https:\/\/giurgiu-net.ro\/wp-content\/uploads\/2025\/10\/DSC04566-300x153.jpg 300w, https:\/\/giurgiu-net.ro\/wp-content\/uploads\/2025\/10\/DSC04566-768x391.jpg 768w, https:\/\/giurgiu-net.ro\/wp-content\/uploads\/2025\/10\/DSC04566-696x354.jpg 696w\" sizes=\"auto, (max-width: 800px) 100vw, 800px\" \/><\/figure>\n\n\n\n<figure class=\"wp-block-image size-large\"><img loading=\"lazy\" decoding=\"async\" width=\"800\" height=\"534\" data-id=\"92837\" src=\"https:\/\/giurgiu-net.ro\/wp-content\/uploads\/2025\/10\/DSC04567.jpg\" alt=\"Dsc04567\" class=\"wp-image-92837\" srcset=\"https:\/\/giurgiu-net.ro\/wp-content\/uploads\/2025\/10\/DSC04567.jpg 800w, https:\/\/giurgiu-net.ro\/wp-content\/uploads\/2025\/10\/DSC04567-300x200.jpg 300w, https:\/\/giurgiu-net.ro\/wp-content\/uploads\/2025\/10\/DSC04567-768x513.jpg 768w, https:\/\/giurgiu-net.ro\/wp-content\/uploads\/2025\/10\/DSC04567-696x465.jpg 696w\" sizes=\"auto, (max-width: 800px) 100vw, 800px\" \/><\/figure>\n\n\n\n<figure class=\"wp-block-image size-large\"><img loading=\"lazy\" decoding=\"async\" width=\"800\" height=\"534\" data-id=\"92836\" src=\"https:\/\/giurgiu-net.ro\/wp-content\/uploads\/2025\/10\/DSC04571.jpg\" alt=\"Dsc04571\" class=\"wp-image-92836\" srcset=\"https:\/\/giurgiu-net.ro\/wp-content\/uploads\/2025\/10\/DSC04571.jpg 800w, https:\/\/giurgiu-net.ro\/wp-content\/uploads\/2025\/10\/DSC04571-300x200.jpg 300w, https:\/\/giurgiu-net.ro\/wp-content\/uploads\/2025\/10\/DSC04571-768x513.jpg 768w, https:\/\/giurgiu-net.ro\/wp-content\/uploads\/2025\/10\/DSC04571-696x465.jpg 696w\" sizes=\"auto, (max-width: 800px) 100vw, 800px\" \/><\/figure>\n\n\n\n<figure class=\"wp-block-image size-large\"><img loading=\"lazy\" decoding=\"async\" width=\"800\" height=\"534\" data-id=\"92833\" src=\"https:\/\/giurgiu-net.ro\/wp-content\/uploads\/2025\/10\/DSC04574.jpg\" alt=\"Dsc04574\" class=\"wp-image-92833\" srcset=\"https:\/\/giurgiu-net.ro\/wp-content\/uploads\/2025\/10\/DSC04574.jpg 800w, https:\/\/giurgiu-net.ro\/wp-content\/uploads\/2025\/10\/DSC04574-300x200.jpg 300w, https:\/\/giurgiu-net.ro\/wp-content\/uploads\/2025\/10\/DSC04574-768x513.jpg 768w, https:\/\/giurgiu-net.ro\/wp-content\/uploads\/2025\/10\/DSC04574-696x465.jpg 696w\" sizes=\"auto, (max-width: 800px) 100vw, 800px\" \/><\/figure>\n\n\n\n<figure class=\"wp-block-image size-large\"><img loading=\"lazy\" decoding=\"async\" width=\"800\" height=\"534\" data-id=\"92835\" src=\"https:\/\/giurgiu-net.ro\/wp-content\/uploads\/2025\/10\/DSC04576.jpg\" alt=\"Dsc04576\" class=\"wp-image-92835\" srcset=\"https:\/\/giurgiu-net.ro\/wp-content\/uploads\/2025\/10\/DSC04576.jpg 800w, https:\/\/giurgiu-net.ro\/wp-content\/uploads\/2025\/10\/DSC04576-300x200.jpg 300w, https:\/\/giurgiu-net.ro\/wp-content\/uploads\/2025\/10\/DSC04576-768x513.jpg 768w, https:\/\/giurgiu-net.ro\/wp-content\/uploads\/2025\/10\/DSC04576-696x465.jpg 696w\" sizes=\"auto, (max-width: 800px) 100vw, 800px\" \/><\/figure>\n\n\n\n<figure class=\"wp-block-image size-large\"><img loading=\"lazy\" decoding=\"async\" width=\"800\" height=\"676\" data-id=\"92838\" src=\"https:\/\/giurgiu-net.ro\/wp-content\/uploads\/2025\/10\/DSC04578.jpg\" alt=\"Dsc04578\" class=\"wp-image-92838\" srcset=\"https:\/\/giurgiu-net.ro\/wp-content\/uploads\/2025\/10\/DSC04578.jpg 800w, https:\/\/giurgiu-net.ro\/wp-content\/uploads\/2025\/10\/DSC04578-300x254.jpg 300w, https:\/\/giurgiu-net.ro\/wp-content\/uploads\/2025\/10\/DSC04578-768x649.jpg 768w, https:\/\/giurgiu-net.ro\/wp-content\/uploads\/2025\/10\/DSC04578-696x588.jpg 696w\" sizes=\"auto, (max-width: 800px) 100vw, 800px\" \/><\/figure>\n\n\n\n<figure class=\"wp-block-image size-large\"><img loading=\"lazy\" decoding=\"async\" width=\"800\" height=\"534\" data-id=\"92841\" src=\"https:\/\/giurgiu-net.ro\/wp-content\/uploads\/2025\/10\/DSC04581.jpg\" alt=\"Dsc04581\" class=\"wp-image-92841\" srcset=\"https:\/\/giurgiu-net.ro\/wp-content\/uploads\/2025\/10\/DSC04581.jpg 800w, https:\/\/giurgiu-net.ro\/wp-content\/uploads\/2025\/10\/DSC04581-300x200.jpg 300w, https:\/\/giurgiu-net.ro\/wp-content\/uploads\/2025\/10\/DSC04581-768x513.jpg 768w, https:\/\/giurgiu-net.ro\/wp-content\/uploads\/2025\/10\/DSC04581-696x465.jpg 696w\" sizes=\"auto, (max-width: 800px) 100vw, 800px\" \/><\/figure>\n\n\n\n<figure class=\"wp-block-image size-large\"><img loading=\"lazy\" decoding=\"async\" width=\"800\" height=\"534\" data-id=\"92840\" src=\"https:\/\/giurgiu-net.ro\/wp-content\/uploads\/2025\/10\/DSC04582.jpg\" alt=\"Dsc04582\" class=\"wp-image-92840\" srcset=\"https:\/\/giurgiu-net.ro\/wp-content\/uploads\/2025\/10\/DSC04582.jpg 800w, https:\/\/giurgiu-net.ro\/wp-content\/uploads\/2025\/10\/DSC04582-300x200.jpg 300w, https:\/\/giurgiu-net.ro\/wp-content\/uploads\/2025\/10\/DSC04582-768x513.jpg 768w, https:\/\/giurgiu-net.ro\/wp-content\/uploads\/2025\/10\/DSC04582-696x465.jpg 696w\" sizes=\"auto, (max-width: 800px) 100vw, 800px\" \/><\/figure>\n\n\n\n<figure class=\"wp-block-image size-large\"><img loading=\"lazy\" decoding=\"async\" width=\"800\" height=\"464\" data-id=\"92839\" src=\"https:\/\/giurgiu-net.ro\/wp-content\/uploads\/2025\/10\/DSC04583.jpg\" alt=\"Dsc04583\" class=\"wp-image-92839\" srcset=\"https:\/\/giurgiu-net.ro\/wp-content\/uploads\/2025\/10\/DSC04583.jpg 800w, https:\/\/giurgiu-net.ro\/wp-content\/uploads\/2025\/10\/DSC04583-300x174.jpg 300w, https:\/\/giurgiu-net.ro\/wp-content\/uploads\/2025\/10\/DSC04583-768x445.jpg 768w, https:\/\/giurgiu-net.ro\/wp-content\/uploads\/2025\/10\/DSC04583-696x404.jpg 696w\" sizes=\"auto, (max-width: 800px) 100vw, 800px\" \/><\/figure>\n\n\n\n<figure class=\"wp-block-image size-large\"><img loading=\"lazy\" decoding=\"async\" width=\"800\" height=\"534\" data-id=\"92842\" src=\"https:\/\/giurgiu-net.ro\/wp-content\/uploads\/2025\/10\/DSC04584.jpg\" alt=\"Dsc04584\" class=\"wp-image-92842\" srcset=\"https:\/\/giurgiu-net.ro\/wp-content\/uploads\/2025\/10\/DSC04584.jpg 800w, https:\/\/giurgiu-net.ro\/wp-content\/uploads\/2025\/10\/DSC04584-300x200.jpg 300w, https:\/\/giurgiu-net.ro\/wp-content\/uploads\/2025\/10\/DSC04584-768x513.jpg 768w, https:\/\/giurgiu-net.ro\/wp-content\/uploads\/2025\/10\/DSC04584-696x465.jpg 696w\" sizes=\"auto, (max-width: 800px) 100vw, 800px\" \/><\/figure>\n\n\n\n<figure class=\"wp-block-image size-large\"><img loading=\"lazy\" decoding=\"async\" width=\"800\" height=\"534\" data-id=\"92845\" src=\"https:\/\/giurgiu-net.ro\/wp-content\/uploads\/2025\/10\/DSC04591.jpg\" alt=\"Dsc04591\" class=\"wp-image-92845\" srcset=\"https:\/\/giurgiu-net.ro\/wp-content\/uploads\/2025\/10\/DSC04591.jpg 800w, https:\/\/giurgiu-net.ro\/wp-content\/uploads\/2025\/10\/DSC04591-300x200.jpg 300w, https:\/\/giurgiu-net.ro\/wp-content\/uploads\/2025\/10\/DSC04591-768x513.jpg 768w, https:\/\/giurgiu-net.ro\/wp-content\/uploads\/2025\/10\/DSC04591-696x465.jpg 696w\" sizes=\"auto, (max-width: 800px) 100vw, 800px\" \/><\/figure>\n\n\n\n<figure class=\"wp-block-image size-large\"><img loading=\"lazy\" decoding=\"async\" width=\"800\" height=\"571\" data-id=\"92848\" src=\"https:\/\/giurgiu-net.ro\/wp-content\/uploads\/2025\/10\/DSC04601.jpg\" alt=\"Dsc04601\" class=\"wp-image-92848\" srcset=\"https:\/\/giurgiu-net.ro\/wp-content\/uploads\/2025\/10\/DSC04601.jpg 800w, https:\/\/giurgiu-net.ro\/wp-content\/uploads\/2025\/10\/DSC04601-300x214.jpg 300w, https:\/\/giurgiu-net.ro\/wp-content\/uploads\/2025\/10\/DSC04601-768x548.jpg 768w, https:\/\/giurgiu-net.ro\/wp-content\/uploads\/2025\/10\/DSC04601-696x497.jpg 696w\" sizes=\"auto, (max-width: 800px) 100vw, 800px\" \/><\/figure>\n\n\n\n<figure class=\"wp-block-image size-large\"><img loading=\"lazy\" decoding=\"async\" width=\"800\" height=\"534\" data-id=\"92843\" src=\"https:\/\/giurgiu-net.ro\/wp-content\/uploads\/2025\/10\/DSC04605.jpg\" alt=\"Dsc04605\" class=\"wp-image-92843\" srcset=\"https:\/\/giurgiu-net.ro\/wp-content\/uploads\/2025\/10\/DSC04605.jpg 800w, https:\/\/giurgiu-net.ro\/wp-content\/uploads\/2025\/10\/DSC04605-300x200.jpg 300w, https:\/\/giurgiu-net.ro\/wp-content\/uploads\/2025\/10\/DSC04605-768x513.jpg 768w, https:\/\/giurgiu-net.ro\/wp-content\/uploads\/2025\/10\/DSC04605-696x465.jpg 696w\" sizes=\"auto, (max-width: 800px) 100vw, 800px\" \/><\/figure>\n\n\n\n<figure class=\"wp-block-image size-large\"><img loading=\"lazy\" decoding=\"async\" width=\"800\" height=\"534\" data-id=\"92847\" src=\"https:\/\/giurgiu-net.ro\/wp-content\/uploads\/2025\/10\/DSC04606.jpg\" alt=\"Dsc04606\" class=\"wp-image-92847\" srcset=\"https:\/\/giurgiu-net.ro\/wp-content\/uploads\/2025\/10\/DSC04606.jpg 800w, https:\/\/giurgiu-net.ro\/wp-content\/uploads\/2025\/10\/DSC04606-300x200.jpg 300w, https:\/\/giurgiu-net.ro\/wp-content\/uploads\/2025\/10\/DSC04606-768x513.jpg 768w, https:\/\/giurgiu-net.ro\/wp-content\/uploads\/2025\/10\/DSC04606-696x465.jpg 696w\" sizes=\"auto, (max-width: 800px) 100vw, 800px\" \/><\/figure>\n\n\n\n<figure class=\"wp-block-image size-large\"><img loading=\"lazy\" decoding=\"async\" width=\"800\" height=\"534\" data-id=\"92844\" src=\"https:\/\/giurgiu-net.ro\/wp-content\/uploads\/2025\/10\/DSC04612.jpg\" alt=\"Dsc04612\" class=\"wp-image-92844\" srcset=\"https:\/\/giurgiu-net.ro\/wp-content\/uploads\/2025\/10\/DSC04612.jpg 800w, https:\/\/giurgiu-net.ro\/wp-content\/uploads\/2025\/10\/DSC04612-300x200.jpg 300w, https:\/\/giurgiu-net.ro\/wp-content\/uploads\/2025\/10\/DSC04612-768x513.jpg 768w, https:\/\/giurgiu-net.ro\/wp-content\/uploads\/2025\/10\/DSC04612-696x465.jpg 696w\" sizes=\"auto, (max-width: 800px) 100vw, 800px\" \/><\/figure>\n\n\n\n<figure class=\"wp-block-image size-large\"><img loading=\"lazy\" decoding=\"async\" width=\"800\" height=\"534\" data-id=\"92849\" src=\"https:\/\/giurgiu-net.ro\/wp-content\/uploads\/2025\/10\/DSC04614.jpg\" alt=\"Dsc04614\" class=\"wp-image-92849\" srcset=\"https:\/\/giurgiu-net.ro\/wp-content\/uploads\/2025\/10\/DSC04614.jpg 800w, https:\/\/giurgiu-net.ro\/wp-content\/uploads\/2025\/10\/DSC04614-300x200.jpg 300w, https:\/\/giurgiu-net.ro\/wp-content\/uploads\/2025\/10\/DSC04614-768x513.jpg 768w, https:\/\/giurgiu-net.ro\/wp-content\/uploads\/2025\/10\/DSC04614-696x465.jpg 696w\" sizes=\"auto, (max-width: 800px) 100vw, 800px\" \/><\/figure>\n\n\n\n<figure class=\"wp-block-image size-large\"><img loading=\"lazy\" decoding=\"async\" width=\"800\" height=\"534\" data-id=\"92846\" src=\"https:\/\/giurgiu-net.ro\/wp-content\/uploads\/2025\/10\/DSC04615.jpg\" alt=\"Dsc04615\" class=\"wp-image-92846\" srcset=\"https:\/\/giurgiu-net.ro\/wp-content\/uploads\/2025\/10\/DSC04615.jpg 800w, https:\/\/giurgiu-net.ro\/wp-content\/uploads\/2025\/10\/DSC04615-300x200.jpg 300w, https:\/\/giurgiu-net.ro\/wp-content\/uploads\/2025\/10\/DSC04615-768x513.jpg 768w, https:\/\/giurgiu-net.ro\/wp-content\/uploads\/2025\/10\/DSC04615-696x465.jpg 696w\" sizes=\"auto, (max-width: 800px) 100vw, 800px\" \/><\/figure>\n\n\n\n<figure class=\"wp-block-image size-large\"><img loading=\"lazy\" decoding=\"async\" width=\"800\" height=\"534\" data-id=\"92850\" src=\"https:\/\/giurgiu-net.ro\/wp-content\/uploads\/2025\/10\/DSC04618.jpg\" alt=\"Dsc04618\" class=\"wp-image-92850\" srcset=\"https:\/\/giurgiu-net.ro\/wp-content\/uploads\/2025\/10\/DSC04618.jpg 800w, https:\/\/giurgiu-net.ro\/wp-content\/uploads\/2025\/10\/DSC04618-300x200.jpg 300w, https:\/\/giurgiu-net.ro\/wp-content\/uploads\/2025\/10\/DSC04618-768x513.jpg 768w, https:\/\/giurgiu-net.ro\/wp-content\/uploads\/2025\/10\/DSC04618-696x465.jpg 696w\" sizes=\"auto, (max-width: 800px) 100vw, 800px\" \/><\/figure>\n<\/figure>\n\n\n\n<p class=\"wp-block-paragraph\"><strong>Pre\u015fedintele PSD Giurgiu, deputat Marian Mina:<\/strong><\/p>\n\n\n\n<figure class=\"wp-block-image size-full\"><img loading=\"lazy\" decoding=\"async\" width=\"800\" height=\"534\" src=\"https:\/\/giurgiu-net.ro\/wp-content\/uploads\/2025\/10\/DSC04559-1.jpg\" alt=\"Dsc04559\" class=\"wp-image-92851\" srcset=\"https:\/\/giurgiu-net.ro\/wp-content\/uploads\/2025\/10\/DSC04559-1.jpg 800w, https:\/\/giurgiu-net.ro\/wp-content\/uploads\/2025\/10\/DSC04559-1-300x200.jpg 300w, https:\/\/giurgiu-net.ro\/wp-content\/uploads\/2025\/10\/DSC04559-1-768x513.jpg 768w, https:\/\/giurgiu-net.ro\/wp-content\/uploads\/2025\/10\/DSC04559-1-696x465.jpg 696w\" sizes=\"auto, (max-width: 800px) 100vw, 800px\" \/><\/figure>\n\n\n\n<p class=\"wp-block-paragraph\">\u201c<em>Ast\u0103zi, mai mult dec\u00e2t oric\u00e2nd, Rom\u00e2nia are nevoie de stabilitate real\u0103, de echilibru \u0219i de maturitate politic\u0103. Iar PSD a demonstrat c\u0103 \u0219tie c\u0103 Rom\u00e2nia se construie\u0219te cu responsabilitate, solidaritate \u0219i grij\u0103 fa\u021b\u0103 de cei mul\u021bi. F\u0103r\u0103 PSD, f\u0103r\u0103 voturile \u0219i implicarea PSD, NU poate exista un guvern care s\u0103 protejeze interesele rom\u00e2nilor \u0219i s\u0103 apere drepturile celor mai vulnerabili!<\/em><\/p>\n\n\n\n<p class=\"wp-block-paragraph\"><em>Am f\u0103cut \u0219i facem tot ce este necesar pentru a opri m\u0103surile dure care lovesc familii, pensionari \u0219i oameni simpli. Pentru c\u0103 PSD este partidul care ofer\u0103, care protejeaz\u0103 \u0219i care construie\u0219te, nu partidul care taie \u0219i distruge.<\/em><\/p>\n\n\n\n<p class=\"wp-block-paragraph\"><em>Le-am reamintit colegilor mei c\u0103 nu trebuie s\u0103 ne fie ru\u0219ine c\u0103 suntem PSD-i\u015fti, dimpotriv\u0103. Noi suntem cei care am crescut salariul minim, am majorat pensiile, am investit \u00een \u0219coli, spitale, drumuri \u0219i comunit\u0103\u021bi. Noi am ar\u0103tat c\u0103 politica se face cu inim\u0103 \u0219i cu minte, nu cu populism \u0219i t\u0103ieri nemiloase.<\/em><\/p>\n\n\n\n<p class=\"wp-block-paragraph\"><em>Au existat opinii diferite despre drumul pe care trebuie s\u0103 mearg\u0103 PSD. Unii spun c\u0103 opozi\u021bia ar fi fost mai u\u0219oar\u0103 \u0219i o alegere comod\u0103. \u00cens\u0103 PSD a ales responsabilitatea \u0219i asumarea!<\/em><\/p>\n\n\n\n<p class=\"wp-block-paragraph\"><em>Viitorul congres al PSD va fi momentul \u00een care social-democra\u021bia \u00een Rom\u00e2nia \u00ee\u0219i reafirm\u0103 valorile. Rom\u00e2nia are nevoie de o st\u00e2nga puternic\u0103, o alternativ\u0103 credibil\u0103 la dezastrul de dreapta \u0219i la populismul f\u0103r\u0103 solu\u021bii \u0219i f\u0103r\u0103 substan\u021b\u0103 al celorlal\u021bi. Congresul PSD va fi momentul \u00een care se va uni experien\u021ba cu t\u00e2n\u0103ra genera\u021bie, tradi\u021bia cu viitorul, competen\u021ba cu apropierea fa\u021b\u0103 de oameni.<\/em><\/p>\n\n\n\n<p class=\"wp-block-paragraph\"><em>Cred c\u0103 PSD are nevoie de unitate \u0219i disciplin\u0103, iar PSD va \u00eencepe un nou drum, al\u0103turi de viitorul pre\u0219edinte al partidului &#8211; Sorin Grindeanu<\/em>!\u201d.<\/p>\n\n\n\n<p class=\"wp-block-paragraph\"><strong>Adrian G\u00e2dea \u2013 candidat la func\u0163ia de vicepre\u015fedinte al PSD:<\/strong><\/p>\n\n\n\n<figure class=\"wp-block-image size-full\"><img loading=\"lazy\" decoding=\"async\" width=\"800\" height=\"534\" src=\"https:\/\/giurgiu-net.ro\/wp-content\/uploads\/2025\/10\/DSC04648.jpg\" alt=\"Dsc04648\" class=\"wp-image-92853\" srcset=\"https:\/\/giurgiu-net.ro\/wp-content\/uploads\/2025\/10\/DSC04648.jpg 800w, https:\/\/giurgiu-net.ro\/wp-content\/uploads\/2025\/10\/DSC04648-300x200.jpg 300w, https:\/\/giurgiu-net.ro\/wp-content\/uploads\/2025\/10\/DSC04648-768x513.jpg 768w, https:\/\/giurgiu-net.ro\/wp-content\/uploads\/2025\/10\/DSC04648-696x465.jpg 696w\" sizes=\"auto, (max-width: 800px) 100vw, 800px\" \/><\/figure>\n\n\n\n<p class=\"wp-block-paragraph\"><em>\u201e\u00cemi voi pune \u00een slujba dumneavoastr\u0103, a partidului, a echipei buna mea credin\u0163\u0103, toat\u0103 experien\u0163a mea politic\u0103 \u015fi administrativ\u0103, acumulat\u0103 p\u00e2n\u0103 acum. Ast\u0103zi, PSD nu este \u00eentr-o situa\u0163ie tocmai fericit\u0103, dar cred c\u0103 nu este momentul s\u0103 mai c\u0103ut\u0103m vinova\u0163i, justific\u0103ri, ci este momentul ca PSD s\u0103 fie mai unit ca niciodat\u0103. Doar din unitate \u015fi responsabilitate putem construi, \u00eentr-adev\u0103r, o echip\u0103 mai puternic\u0103 \u015fi care s\u0103 se bat\u0103 pentru primari, pentru comunit\u0103\u0163i, pentru proiecte, pentru cet\u0103\u0163enii acestei regiuni \u015fi pentru problemele reale ale oamenilor. Este imperios necesar ca, imediat dup\u0103 Congres, aceast\u0103 nou\u0103 echip\u0103 s\u0103 ac\u0163ioneze unitar, \u00een sprijinul tuturor oamenilor! S\u0103 se bat\u0103 mai mult pentru ca PSD s\u0103 r\u0103m\u00e2n\u0103 for\u0163a num\u0103rul 1 pe scena politic\u0103 din Rom\u00e2nia!<\/em>\u201d.<\/p>\n\n\n\n<p class=\"wp-block-paragraph\"><strong>Corneliu \u015etefan \u2013 candidat la func\u0163ia de prim-vicepre\u015fedinte al PSD:<\/strong><\/p>\n\n\n\n<figure class=\"wp-block-image size-full\"><img loading=\"lazy\" decoding=\"async\" width=\"800\" height=\"534\" src=\"https:\/\/giurgiu-net.ro\/wp-content\/uploads\/2025\/10\/DSC04652.jpg\" alt=\"Dsc04652\" class=\"wp-image-92854\" srcset=\"https:\/\/giurgiu-net.ro\/wp-content\/uploads\/2025\/10\/DSC04652.jpg 800w, https:\/\/giurgiu-net.ro\/wp-content\/uploads\/2025\/10\/DSC04652-300x200.jpg 300w, https:\/\/giurgiu-net.ro\/wp-content\/uploads\/2025\/10\/DSC04652-768x513.jpg 768w, https:\/\/giurgiu-net.ro\/wp-content\/uploads\/2025\/10\/DSC04652-696x465.jpg 696w\" sizes=\"auto, (max-width: 800px) 100vw, 800px\" \/><\/figure>\n\n\n\n<p class=\"wp-block-paragraph\"><em>\u201eTrebuie s\u0103 facem o analiz\u0103 a momentelor gre\u015fite pe care le-am avut \u015fi s\u0103 stabilim clar ce trebuie s\u0103 facem de acum \u00eenainte. Eu cred c\u0103 Sorin Grindeanu a avut curajul de a-\u015fi asuma un moment \u00een care PSD trebuie s\u0103 se reconstruiasc\u0103. Noi, ast\u0103zi, trebuie s\u0103 uit\u0103m de trecutul pe care le-am gre\u015fit, dar nu trebuie s\u0103 uit\u0103m de trecutul nostru ca \u015fi membri de partid, ca oameni care, \u00eentotdeauna, am vrut binele oamenilor. Eu cred c\u0103 echipa nou\u0103 propus\u0103 de Sorin Grindeanu va avea o mare responsabilitate. \u00cen primul r\u00e2nd, aceea de a lua fiecare organiza\u0163ie local\u0103 \u00een parte, din fiecare jude\u0163, \u015fi s\u0103 ne preg\u0103tim cu to\u0163ii pentru anul 2028!<\/em><\/p>\n\n\n\n<p class=\"wp-block-paragraph\"><em>De asemenea, trebuie s\u0103 ne stabilim pozi\u0163ia din cadrul alian\u0163ei de guvernare. Eu am votat \u00eempotriva intr\u0103rii la guvernare, dup\u0103 cum \u015fti\u0163i, dar, dac\u0103 tot am intrat, trebuie s\u0103 fim un partid respectat! Merit\u0103m s\u0103 fim aprecia\u0163i \u015fi pu\u015fi la mas\u0103 acolo unde este locul nostru. Am demonstrat c\u0103 suntem partidul serios, care \u00ee\u015fi dore\u015fte stabilitate \u00een \u0163ar\u0103 iar Sorin Grindeanu este un om de echilibru \u015fi care \u015fi-a asumat ceea ce vom avea de f\u0103cut, de acum \u00eenainte<\/em>!\u201d<\/p>\n\n\n\n<p class=\"wp-block-paragraph\">Mai multe imagini de la eveniment, <a href=\"https:\/\/www.facebook.com\/media\/set\/?vanity=100063563770981&amp;set=a.1436804358448343\" target=\"_blank\" rel=\"noopener\" title=\"\">AICI <\/a><\/p>\n","protected":false},"excerpt":{"rendered":"<p>Social-democra\u0163ii giurgiuveni s-au reunit, joi, 23 octombrie, \u00eentr-o Conferin\u0163\u0103 Extraordinar\u0103, \u00eenainte de Congresul partidului, ce va avea loc pe 7 noiembrie, la Romexpo. PSD Giurgiu a votat, \u00een cadrul acestei \u015fedin\u0163e, lista cu delega\u0163ii care vor merge la congres, dar \u015fi-au exprimat \u015fi sus\u0163inerea pentru candidatul Sorin Grindeanu la func\u0163ia de pre\u015fedinte al partidului, vot\u00e2nd [&hellip;]<\/p>\n","protected":false},"author":1,"featured_media":92855,"comment_status":"open","ping_status":"open","sticky":false,"template":"","format":"standard","meta":{"slim_seo":{"title":"Social-democra\u0163ii giurgiuveni, Conferin\u0163\u0103 Extraordinar\u0103 \u00eenainte de Congresul PSD. Pre\u015fedintele Marian Mina: \u201cNu trebuie s\u0103 ne fie ru\u0219ine c\u0103 suntem PSD-i\u015fti, dimpotriv\u0103. Noi suntem cei care am crescut salariul minim, am majorat pensiile, am investit \u00een \u0219coli, spitale, drumuri \u0219i comunit\u0103\u021bi!\u201d - GIURGIU NET","description":"Social-democra\u0163ii giurgiuveni s-au reunit, joi, 23 octombrie, \u00eentr-o Conferin\u0163\u0103 Extraordinar\u0103, \u00eenainte de Congresul partidului, ce va avea loc pe 7 noiembrie, l"},"footnotes":""},"categories":[18,19,25],"tags":[2256],"class_list":["post-92828","post","type-post","status-publish","format-standard","has-post-thumbnail","category-actual","category-adm","category-pol","tag-psd-giurgiu"],"_links":{"self":[{"href":"https:\/\/giurgiu-net.ro\/index.php\/wp-json\/wp\/v2\/posts\/92828","targetHints":{"allow":["GET"]}}],"collection":[{"href":"https:\/\/giurgiu-net.ro\/index.php\/wp-json\/wp\/v2\/posts"}],"about":[{"href":"https:\/\/giurgiu-net.ro\/index.php\/wp-json\/wp\/v2\/types\/post"}],"author":[{"embeddable":true,"href":"https:\/\/giurgiu-net.ro\/index.php\/wp-json\/wp\/v2\/users\/1"}],"replies":[{"embeddable":true,"href":"https:\/\/giurgiu-net.ro\/index.php\/wp-json\/wp\/v2\/comments?post=92828"}],"version-history":[{"count":0,"href":"https:\/\/giurgiu-net.ro\/index.php\/wp-json\/wp\/v2\/posts\/92828\/revisions"}],"wp:featuredmedia":[{"embeddable":true,"href":"https:\/\/giurgiu-net.ro\/index.php\/wp-json\/wp\/v2\/media\/92855"}],"wp:attachment":[{"href":"https:\/\/giurgiu-net.ro\/index.php\/wp-json\/wp\/v2\/media?parent=92828"}],"wp:term":[{"taxonomy":"category","embeddable":true,"href":"https:\/\/giurgiu-net.ro\/index.php\/wp-json\/wp\/v2\/categories?post=92828"},{"taxonomy":"post_tag","embeddable":true,"href":"https:\/\/giurgiu-net.ro\/index.php\/wp-json\/wp\/v2\/tags?post=92828"}],"curies":[{"name":"wp","href":"https:\/\/api.w.org\/{rel}","templated":true}]}}