{"id":92814,"date":"2025-10-23T14:05:44","date_gmt":"2025-10-23T11:05:44","guid":{"rendered":"https:\/\/giurgiu-net.ro\/?p=92814"},"modified":"2025-10-23T14:05:45","modified_gmt":"2025-10-23T11:05:45","slug":"deputat-marian-mina-un-pas-important-pentru-siguranta-energetica-a-romaniei-tara-noastra-isi-pastreaza-termocentralele-pe-carbune-in-functiune-cu-acordul-comisiei-europene","status":"publish","type":"post","link":"https:\/\/giurgiu-net.ro\/index.php\/2025\/10\/23\/deputat-marian-mina-un-pas-important-pentru-siguranta-energetica-a-romaniei-tara-noastra-isi-pastreaza-termocentralele-pe-carbune-in-functiune-cu-acordul-comisiei-europene\/","title":{"rendered":"Deputat Marian Mina: &#8222;Un pas important pentru siguran\u0163a energetic\u0103 a Rom\u00e2niei: \u0163ara noastr\u0103 \u00ee\u015fi p\u0103streaz\u0103 termocentralele pe c\u0103rbune \u00een func\u021biune, cu acordul Comisiei Europene&#8221;"},"content":{"rendered":"\n<p>&#8222;Un pas important pentru siguran\u0163a energetic\u0103 a Rom\u00e2niei: \u0163ara noastr\u0103 \u00ee\u015fi p\u0103streaz\u0103 termocentralele pe c\u0103rbune \u00een func\u021biune, cu acordul Comisiei Europene! Decizia este, \u00eenainte de toate, o reu\u0219it\u0103 pentru to\u0163i rom\u00e2nii care depind de un pre\u021b corect la energie.<br><br>Ministrul Energiei, Bogdan Ivan (PSD), \u015fi-a f\u0103cut datoria \u015fi a reu\u0219it s\u0103 conving\u0103 Comisia European\u0103 c\u0103 Rom\u00e2nia are nevoie, \u00eenc\u0103, de aceste capacit\u0103\u021bi pentru a-\u0219i \u021bine sistemul energetic stabil \u0219i pre\u021burile sub control. Implicarea sa a fost total\u0103 \u0219i a reu\u0219it acolo unde anteriorii mini\u0219tri PNL ai Energiei n-au f\u0103cut nimic.<br><br>Asta \u00eenseamn\u0103 siguran\u021b\u0103 pentru oameni, stabilitate pentru economie \u0219i un viitor mai verde, construit \u00een ritmul corect. Asta \u00eenseamn\u0103 s\u0103 nu te dai b\u0103tut \u015fi s\u0103 pui interesul Rom\u00e2niei pe primul loc.<br><br>3 grupuri energetice vor func\u021biona p\u00e2n\u0103 \u00een 2030, iar alte 2 cel pu\u021bin p\u00e2n\u0103 la finalul lui august 2026.<br>900 MW din cei 1.425 MW care urmau s\u0103 fie opri\u021bi r\u0103m\u00e2n \u00een func\u021biune.<br>Peste 4.500 de locuri de munc\u0103 sunt p\u0103strate la CE Oltenia, Govora \u0219i Craiova.<\/p>\n\n\n\n<p>Rom\u00e2nia evit\u0103 riscul de blackout, facturi uria\u0219e \u0219i pierderi de miliarde de euro.<br><br>\u00cen acela\u0219i timp, \u021bara c\u00e2\u0219tig\u0103 timp pentru a-\u015fi dezvolta \u015fi consolida sistemul energetic prin finalizarea hidrocentralor, a investi\u021biilor \u00een grupuri energetice pe gaz ori \u00een baterii de stocare de mare capacitate.<br><br>Este deja asigurat\u0103 finan\u021barea cu 850 de milioane de euro, din Fondul de Modernizare, pentru noi grupuri pe gaz la Turceni &#8211; 475 MW \u0219i I\u0219alni\u021ba &#8211; 850 MW \u015fi este deja \u00een derulare o investi\u021bie la CE Oltenia &#8211; care va asigura 735 MW de energie regenerabil\u0103 &#8211; solar \u0219i eolian&#8221; -pre\u015fedinte PSD Giurgiu, deputat Marian Mina.<\/p>\n","protected":false},"excerpt":{"rendered":"<p>&#8222;Un pas important pentru siguran\u0163a energetic\u0103 a Rom\u00e2niei: \u0163ara noastr\u0103 \u00ee\u015fi p\u0103streaz\u0103 termocentralele pe c\u0103rbune \u00een func\u021biune, cu acordul Comisiei Europene! Decizia este, \u00eenainte de toate, o reu\u0219it\u0103 pentru to\u0163i rom\u00e2nii care depind de un pre\u021b corect la energie. Ministrul Energiei, Bogdan Ivan (PSD), \u015fi-a f\u0103cut datoria \u015fi a reu\u0219it s\u0103 conving\u0103 Comisia European\u0103 c\u0103 [&hellip;]<\/p>\n","protected":false},"author":1,"featured_media":92815,"comment_status":"open","ping_status":"open","sticky":false,"template":"","format":"standard","meta":{"slim_seo":{"title":"Deputat Marian Mina: \"Un pas important pentru siguran\u0163a energetic\u0103 a Rom\u00e2niei: \u0163ara noastr\u0103 \u00ee\u015fi p\u0103streaz\u0103 termocentralele pe c\u0103rbune \u00een func\u021biune, cu acordul Comisiei Europene\" - GIURGIU NET","description":"\"Un pas important pentru siguran\u0163a energetic\u0103 a Rom\u00e2niei: \u0163ara noastr\u0103 \u00ee\u015fi p\u0103streaz\u0103 termocentralele pe c\u0103rbune \u00een func\u021biune, cu acordul Comisiei Europene! Deci"},"footnotes":""},"categories":[18,19,22,25],"tags":[1626],"class_list":{"0":"post-92814","1":"post","2":"type-post","3":"status-publish","4":"format-standard","5":"has-post-thumbnail","7":"category-actual","8":"category-adm","9":"category-nt","10":"category-pol","11":"tag-marian-mina"},"_links":{"self":[{"href":"https:\/\/giurgiu-net.ro\/index.php\/wp-json\/wp\/v2\/posts\/92814","targetHints":{"allow":["GET"]}}],"collection":[{"href":"https:\/\/giurgiu-net.ro\/index.php\/wp-json\/wp\/v2\/posts"}],"about":[{"href":"https:\/\/giurgiu-net.ro\/index.php\/wp-json\/wp\/v2\/types\/post"}],"author":[{"embeddable":true,"href":"https:\/\/giurgiu-net.ro\/index.php\/wp-json\/wp\/v2\/users\/1"}],"replies":[{"embeddable":true,"href":"https:\/\/giurgiu-net.ro\/index.php\/wp-json\/wp\/v2\/comments?post=92814"}],"version-history":[{"count":0,"href":"https:\/\/giurgiu-net.ro\/index.php\/wp-json\/wp\/v2\/posts\/92814\/revisions"}],"wp:featuredmedia":[{"embeddable":true,"href":"https:\/\/giurgiu-net.ro\/index.php\/wp-json\/wp\/v2\/media\/92815"}],"wp:attachment":[{"href":"https:\/\/giurgiu-net.ro\/index.php\/wp-json\/wp\/v2\/media?parent=92814"}],"wp:term":[{"taxonomy":"category","embeddable":true,"href":"https:\/\/giurgiu-net.ro\/index.php\/wp-json\/wp\/v2\/categories?post=92814"},{"taxonomy":"post_tag","embeddable":true,"href":"https:\/\/giurgiu-net.ro\/index.php\/wp-json\/wp\/v2\/tags?post=92814"}],"curies":[{"name":"wp","href":"https:\/\/api.w.org\/{rel}","templated":true}]}}