{"id":92779,"date":"2025-10-17T10:17:10","date_gmt":"2025-10-17T07:17:10","guid":{"rendered":"https:\/\/giurgiu-net.ro\/?p=92779"},"modified":"2025-10-17T10:17:10","modified_gmt":"2025-10-17T07:17:10","slug":"deputat-marian-mina-psd-sustine-ferm-cresterea-salariului-minim-brut-de-la-1-ianuarie-2026-dar-si-pastrarea-facilitatii-celor-300-de-lei-neimpozabili","status":"publish","type":"post","link":"https:\/\/giurgiu-net.ro\/index.php\/2025\/10\/17\/deputat-marian-mina-psd-sustine-ferm-cresterea-salariului-minim-brut-de-la-1-ianuarie-2026-dar-si-pastrarea-facilitatii-celor-300-de-lei-neimpozabili\/","title":{"rendered":"Deputat Marian Mina: &#8222;PSD sus\u021bine ferm cre\u0219terea salariului minim brut, de la 1 ianuarie 2026, dar \u0219i p\u0103strarea facilit\u0103\u021bii celor 300 de lei neimpozabili&#8221;"},"content":{"rendered":"\n<p>Munca cinstit\u0103 merit\u0103 s\u0103 fie r\u0103spl\u0103tit\u0103 pe m\u0103sur\u0103!<br><\/p>\n\n\n\n<p>Partidul Social Democrat sus\u021bine ferm cre\u0219terea salariului minim brut, de la 1 ianuarie 2026, dar \u0219i p\u0103strarea facilit\u0103\u021bii celor 300 de lei neimpozabili. Este o m\u0103sur\u0103 care \u00eei ajut\u0103 direct pe cei mai mul\u021bi dintre rom\u00e2nii care duc greul: oamenii care merg zi de zi la munc\u0103 \u0219i care \u00eencearc\u0103 s\u0103-\u0219i \u00eentre\u021bin\u0103 familia.<br>Cele mai recente date oficiale arat\u0103 c\u0103, \u00een ultimii ani, puterea de cump\u0103rare a sc\u0103zut mult, mai ales pentru cei cu salarii mici. Pre\u021burile cresc, facturile cresc, dar veniturile r\u0103m\u00e2n aproape la fel. Cre\u0219terea salariului minim nu este un moft \u2014 este o gur\u0103 de aer pentru peste un milion de rom\u00e2ni.<\/p>\n\n\n\n<p>Ce ar \u00eensemna asta:<\/p>\n\n\n\n<ul class=\"wp-block-list\">\n<li>companiile ar avea mai pu\u021bine motive s\u0103 piard\u0103 angaja\u021bi;<\/li>\n\n\n\n<li>banii ar r\u0103m\u00e2ne \u00een economie, nu ar disp\u0103rea prin migra\u021bie;<\/li>\n\n\n\n<li>statul ar \u00eencasa mai mult f\u0103r\u0103 s\u0103-i loveasc\u0103 pe cei vulnerabili.<\/li>\n<\/ul>\n\n\n\n<p>Dac\u0103 salariul minim NU cre\u0219te \u0219i nu se p\u0103streaz\u0103 facilitatea celor 300 de lei, angaja\u021bii ar pierde 124 de lei pe lun\u0103, companiile ar pl\u0103ti mai multe taxe, iar costul vie\u021bii ar deveni \u0219i mai greu de suportat.<\/p>\n\n\n\n<p>Cu un salariu minim de 4.325 lei \u0219i p\u0103strarea facilit\u0103\u021bii fiscale, fiecare angajat ar avea 167 de lei \u00een plus \u00een fiecare lun\u0103 \u2014 o minim\u0103 compensare \u0219i suport \u00een fa\u021ba pre\u021burilor actuale.<\/p>\n\n\n\n<p>PSD sus\u0163ine o m\u0103sur\u0103 corect\u0103, echitabil\u0103 \u0219i necesar\u0103. Pentru c\u0103 #Rom\u00e2nia trebuie s\u0103-i protejeze pe oamenii care muncesc din greu, nu s\u0103 le ia \u0219i pu\u021binul pe care \u00eel au -pre\u015fedinte PSD Giurgiu, deputat Marian Mina.<\/p>\n","protected":false},"excerpt":{"rendered":"<p>Munca cinstit\u0103 merit\u0103 s\u0103 fie r\u0103spl\u0103tit\u0103 pe m\u0103sur\u0103! Partidul Social Democrat sus\u021bine ferm cre\u0219terea salariului minim brut, de la 1 ianuarie 2026, dar \u0219i p\u0103strarea facilit\u0103\u021bii celor 300 de lei neimpozabili. Este o m\u0103sur\u0103 care \u00eei ajut\u0103 direct pe cei mai mul\u021bi dintre rom\u00e2nii care duc greul: oamenii care merg zi de zi la munc\u0103 [&hellip;]<\/p>\n","protected":false},"author":1,"featured_media":92780,"comment_status":"open","ping_status":"open","sticky":false,"template":"","format":"standard","meta":{"slim_seo":{"title":"Deputat Marian Mina: \"PSD sus\u021bine ferm cre\u0219terea salariului minim brut, de la 1 ianuarie 2026, dar \u0219i p\u0103strarea facilit\u0103\u021bii celor 300 de lei neimpozabili\" - GIURGIU NET","description":"Munca cinstit\u0103 merit\u0103 s\u0103 fie r\u0103spl\u0103tit\u0103 pe m\u0103sur\u0103! Partidul Social Democrat sus\u021bine ferm cre\u0219terea salariului minim brut, de la 1 ianuarie 2026, dar \u0219i p\u0103strare"},"footnotes":""},"categories":[18,19,25,26],"tags":[1626],"class_list":{"0":"post-92779","1":"post","2":"type-post","3":"status-publish","4":"format-standard","5":"has-post-thumbnail","7":"category-actual","8":"category-adm","9":"category-pol","10":"category-soc","11":"tag-marian-mina"},"_links":{"self":[{"href":"https:\/\/giurgiu-net.ro\/index.php\/wp-json\/wp\/v2\/posts\/92779","targetHints":{"allow":["GET"]}}],"collection":[{"href":"https:\/\/giurgiu-net.ro\/index.php\/wp-json\/wp\/v2\/posts"}],"about":[{"href":"https:\/\/giurgiu-net.ro\/index.php\/wp-json\/wp\/v2\/types\/post"}],"author":[{"embeddable":true,"href":"https:\/\/giurgiu-net.ro\/index.php\/wp-json\/wp\/v2\/users\/1"}],"replies":[{"embeddable":true,"href":"https:\/\/giurgiu-net.ro\/index.php\/wp-json\/wp\/v2\/comments?post=92779"}],"version-history":[{"count":0,"href":"https:\/\/giurgiu-net.ro\/index.php\/wp-json\/wp\/v2\/posts\/92779\/revisions"}],"wp:featuredmedia":[{"embeddable":true,"href":"https:\/\/giurgiu-net.ro\/index.php\/wp-json\/wp\/v2\/media\/92780"}],"wp:attachment":[{"href":"https:\/\/giurgiu-net.ro\/index.php\/wp-json\/wp\/v2\/media?parent=92779"}],"wp:term":[{"taxonomy":"category","embeddable":true,"href":"https:\/\/giurgiu-net.ro\/index.php\/wp-json\/wp\/v2\/categories?post=92779"},{"taxonomy":"post_tag","embeddable":true,"href":"https:\/\/giurgiu-net.ro\/index.php\/wp-json\/wp\/v2\/tags?post=92779"}],"curies":[{"name":"wp","href":"https:\/\/api.w.org\/{rel}","templated":true}]}}