{"id":92776,"date":"2025-10-17T10:13:50","date_gmt":"2025-10-17T07:13:50","guid":{"rendered":"https:\/\/giurgiu-net.ro\/?p=92776"},"modified":"2025-10-17T10:13:50","modified_gmt":"2025-10-17T07:13:50","slug":"ultima-ora-o-persoana-a-murit-iar-alte-doua-au-fost-ranite-intr-un-accident-petrecut-la-popesti","status":"publish","type":"post","link":"https:\/\/giurgiu-net.ro\/index.php\/2025\/10\/17\/ultima-ora-o-persoana-a-murit-iar-alte-doua-au-fost-ranite-intr-un-accident-petrecut-la-popesti\/","title":{"rendered":"ULTIMA OR\u0102: O persoan\u0103 a murit iar alte dou\u0103 au fost r\u0103nite, \u00eentr-un accident petrecut la Pope\u015fti"},"content":{"rendered":"\n<p>O persoan\u0103 \u0219i-a pierdut via\u021ba, iar alte dou\u0103 au fost r\u0103nite \u00een urma unui accident rutier ce s-a produs, \u00een aceast\u0103 diminea\u021b\u0103, pe DJ 412 A, \u00een afara localit\u0103\u021bii Pope\u0219ti. \u00cen eveniment au fost implicate un autoturism \u0219i un autocamion.<\/p>\n\n\n\n<p>La fa\u021ba locului s-au deplasat pompierii din cadrul Sec\u021biei Mih\u0103ile\u0219ti \u0219i Inspectoratului pentru Situa\u021bii de Urgen\u021b\u0103 Bucure\u0219ti-Ilfov, cu o autospecial\u0103 de stingere dotat\u0103 cu modul de descarcerare, o unitate de terapie intensiv\u0103 mobil\u0103, trei ambulan\u021be SAJ, elicopterul SMURD \u0219i poli\u021bia.<\/p>\n\n\n\n<p>Echipajele medicale au g\u0103sit un b\u0103rbat incon\u0219tient, fiind \u00eencepute imediat manevrele de resuscitare. \u00cen ciuda eforturilor depuse, b\u0103rbatul \u00een v\u00e2rst\u0103 de 46 de ani, nu a mai putut fi salvat.<\/p>\n\n\n\n<p>Al\u021bi doi b\u0103rba\u021bi, de aproximativ 30 de ani, au fost transporta\u021bi la spitale din capital\u0103.<\/p>\n\n\n\n<p>Pompierii au asigurat m\u0103surile de prevenire a incendiilor, iar cazul a r\u0103mas \u00een aten\u021bia Poli\u021biei pentru cercet\u0103ri.<\/p>\n\n\n\n<p>Comunicat \u015fi foto: ISU Giurgiu<\/p>\n\n\n\n<p>Potrivit Poli\u0163iei Giurgiu, din primele cercet\u0103ri a reie\u0219it faptul c\u0103 \u0219oferul autoturismului nu ar fi adaptat viteza \u00eentr-o curb\u0103 \u0219i ar fi intrat pe contrasens, \u00een coliziune cu un autocamion.<\/p>\n","protected":false},"excerpt":{"rendered":"<p>O persoan\u0103 \u0219i-a pierdut via\u021ba, iar alte dou\u0103 au fost r\u0103nite \u00een urma unui accident rutier ce s-a produs, \u00een aceast\u0103 diminea\u021b\u0103, pe DJ 412 A, \u00een afara localit\u0103\u021bii Pope\u0219ti. \u00cen eveniment au fost implicate un autoturism \u0219i un autocamion. La fa\u021ba locului s-au deplasat pompierii din cadrul Sec\u021biei Mih\u0103ile\u0219ti \u0219i Inspectoratului pentru Situa\u021bii de [&hellip;]<\/p>\n","protected":false},"author":1,"featured_media":92777,"comment_status":"open","ping_status":"open","sticky":false,"template":"","format":"standard","meta":{"slim_seo":{"title":"ULTIMA OR\u0102: O persoan\u0103 a murit iar alte dou\u0103 au fost r\u0103nite, \u00eentr-un accident petrecut la Pope\u015fti - GIURGIU NET","description":"O persoan\u0103 \u0219i-a pierdut via\u021ba, iar alte dou\u0103 au fost r\u0103nite \u00een urma unui accident rutier ce s-a produs, \u00een aceast\u0103 diminea\u021b\u0103, pe DJ 412 A, \u00een afara localit\u0103\u021bii"},"footnotes":""},"categories":[18,26],"tags":[],"class_list":{"0":"post-92776","1":"post","2":"type-post","3":"status-publish","4":"format-standard","5":"has-post-thumbnail","7":"category-actual","8":"category-soc"},"_links":{"self":[{"href":"https:\/\/giurgiu-net.ro\/index.php\/wp-json\/wp\/v2\/posts\/92776","targetHints":{"allow":["GET"]}}],"collection":[{"href":"https:\/\/giurgiu-net.ro\/index.php\/wp-json\/wp\/v2\/posts"}],"about":[{"href":"https:\/\/giurgiu-net.ro\/index.php\/wp-json\/wp\/v2\/types\/post"}],"author":[{"embeddable":true,"href":"https:\/\/giurgiu-net.ro\/index.php\/wp-json\/wp\/v2\/users\/1"}],"replies":[{"embeddable":true,"href":"https:\/\/giurgiu-net.ro\/index.php\/wp-json\/wp\/v2\/comments?post=92776"}],"version-history":[{"count":0,"href":"https:\/\/giurgiu-net.ro\/index.php\/wp-json\/wp\/v2\/posts\/92776\/revisions"}],"wp:featuredmedia":[{"embeddable":true,"href":"https:\/\/giurgiu-net.ro\/index.php\/wp-json\/wp\/v2\/media\/92777"}],"wp:attachment":[{"href":"https:\/\/giurgiu-net.ro\/index.php\/wp-json\/wp\/v2\/media?parent=92776"}],"wp:term":[{"taxonomy":"category","embeddable":true,"href":"https:\/\/giurgiu-net.ro\/index.php\/wp-json\/wp\/v2\/categories?post=92776"},{"taxonomy":"post_tag","embeddable":true,"href":"https:\/\/giurgiu-net.ro\/index.php\/wp-json\/wp\/v2\/tags?post=92776"}],"curies":[{"name":"wp","href":"https:\/\/api.w.org\/{rel}","templated":true}]}}