{"id":92773,"date":"2025-10-16T20:37:13","date_gmt":"2025-10-16T17:37:13","guid":{"rendered":"https:\/\/giurgiu-net.ro\/?p=92773"},"modified":"2025-10-16T20:37:14","modified_gmt":"2025-10-16T17:37:14","slug":"deputat-marian-mina-despre-majorarea-pretului-biletelor-de-autobuze-din-ridicol-in-penal-la-primaria-giurgiu","status":"publish","type":"post","link":"https:\/\/giurgiu-net.ro\/index.php\/2025\/10\/16\/deputat-marian-mina-despre-majorarea-pretului-biletelor-de-autobuze-din-ridicol-in-penal-la-primaria-giurgiu\/","title":{"rendered":"Deputat Marian Mina, despre majorarea pre\u0163ului biletelor de autobuze: &#8222;Din ridicol, \u00een penal, la Prim\u0103ria Giurgiu&#8221;"},"content":{"rendered":"\n<p>&#8222;Din ridicol, \u00een PENAL, la Prim\u0103ria <a href=\"https:\/\/www.facebook.com\/hashtag\/giurgiu?__eep__=6&amp;__cft__[0]=AZUJZHQYZM99x8nHRWPxj0mDqE3dU3x8QxOGo-hoM3EujshKTqeiZg5gDQ-ymu4ZcBw-25XeFs2lFX8O4saaPyARQYnPJdQU5E8wTuBNUGDVXMBh_x7-65Bo7I4LoPqiYKC6uS_XNO1nOPp9Nlx69p_47NznRTNg-t9MRRooycgZ9l7V6zSEgyWa4wqYGTb9RCct0l3bbKvaPdn3sIih-O7IoHgUSQL1QvlPcgokueU7PA&amp;__tn__=*NK-y-R\">#Giurgiu<\/a>!<\/p>\n\n\n\n<p>PNL prezint\u0103: Sarabanda pre\u0163ului biletelor pentru transportul \u00een comun. Incompeten\u0163\u0103 \u015fi disperare, prostie c\u00e2t \u00eencape, <a><\/a>despre asta este vorba. Ce alt\u0103 explica\u0163ie poate exista, dac\u0103 au recurs la asemenea \u201eartificii\u201d financiare, poate-poate mai acoper\u0103 din gaura pe care tot EI au f\u0103cut-o la bugetul de stat \u015fi trebuie s\u0103 dea acum \u00eenapoi la ANAF zeci de milioane de lei din banii no\u015ftri? S\u0103 \u00eencalci legea cu non\u0219alan\u021b\u0103 a devenit ceva normal \u00een Prim\u0103ria Giurgiu.<\/p>\n\n\n\n<p>Investi\u0163ii n-au fost \u00een stare s\u0103 atrag\u0103, a\u015fa c\u0103, ce fac acum? Mut\u0103 povara tot pe spatele giurgiuvenilor \u015fi s-au g\u00e2ndit s\u0103 majoreze \u015eI pre\u0163ul biletului pentru transportul \u00een comun. De la 3 la 4 lei.<\/p>\n\n\n\n<p>P\u0103i, asta mai r\u0103m\u0103sese nemajorat, c\u0103 doar au dublat deja pre\u0163ul apei, dar \u015fi taxele \u015fi impozitele locale. Numai c\u0103 acum e cam PENAL\u0102 treaba. Se pare c\u0103 NU puteau face asta, dec\u00e2t dup\u0103 ce Consiliul Local Giurgiu adopta o hot\u0103r\u00e2re \u00een acest sens!<\/p>\n\n\n\n<p>Conducerea Tracum vine la \u015fedin\u0163\u0103 \u015fi zice cu senin\u0103tate: aproba\u0163i \u015fi voi ce-am decis noi \u00eenainte. Doar c\u0103 \u00eei contrazice grav Legea 51\/2006 &#8211; art.43, alineatele 5, 6 si 7:<\/p>\n\n\n\n<p>(5) Pre\u0163urile \u015fi tarifele pentru plata serviciilor de utilit\u0103\u0163i publice se propun de operatori \u015fi se stabilesc, se ajusteaz\u0103 sau se modific\u0103 prin hot\u0103r\u00e2ri ale autorit\u0103\u0163ilor deliberative ale unit\u0103\u0163ilor administrativ-teritoriale ori, dup\u0103 caz, ale asocia\u0163iilor de dezvoltare intercomunitar\u0103 av\u00e2nd ca scop serviciile de utilit\u0103\u0163i publice, \u00een condi\u0163iile legilor speciale, cu respectarea metodologiilor elaborate de autoritatea de reglementare competent\u0103.<\/p>\n\n\n\n<p>(&#8230;) (7) Pre\u0163urile, tarifele \u015fi taxele stabilite \u015fi practicate cu \u00eenc\u0103lcarea dispozi\u0163iilor prezentei legi sunt nelegale, iar sumele \u00eencasate necuvenit \u015fi constatate ca atare de c\u0103tre autorit\u0103\u0163ile de reglementare se restituie utilizatorilor de la care au fost colectate sau la bugetele locale, dup\u0103 caz.<\/p>\n\n\n\n<p>Problema este c\u0103 oamenii au pl\u0103tit deja 4 lei pe bilet, din data de 8 octombrie. Dac\u0103 se dovede\u015fte c\u0103 n-a fost legal\u0103 majorarea, cine \u015fi cum le d\u0103 banii \u00eenapoi? \u015ei ca s\u0103 \u00een\u0163elege\u0163i c\u00e2t de grav\u0103, dar \u015fi de ridicol\u0103 este situa\u0163ia, a doua zi dup\u0103 \u015fedin\u0163\u0103, iar s-a modificat pre\u0163ul. De la 4 la 3,63 de lei, majorarea acoperind doar TVA-ul. Cum ar veni, rotunjiser\u0103 \u015fi ei suma \u201epu\u0163in\u201d, c\u0103 a\u015fa func\u0163ioneaz\u0103 contabilitatea la PNL Giurgiu&#8230;<\/p>\n\n\n\n<p>Nu vom r\u0103m\u00e2ne indiferen\u0163i la asemenea nereguli \u015fi \u00eei felicit pe colegii mei consilieri <a href=\"https:\/\/www.facebook.com\/hashtag\/psd?__eep__=6&amp;__cft__[0]=AZUJZHQYZM99x8nHRWPxj0mDqE3dU3x8QxOGo-hoM3EujshKTqeiZg5gDQ-ymu4ZcBw-25XeFs2lFX8O4saaPyARQYnPJdQU5E8wTuBNUGDVXMBh_x7-65Bo7I4LoPqiYKC6uS_XNO1nOPp9Nlx69p_47NznRTNg-t9MRRooycgZ9l7V6zSEgyWa4wqYGTb9RCct0l3bbKvaPdn3sIih-O7IoHgUSQL1QvlPcgokueU7PA&amp;__tn__=*NK-y-R\">#PSD<\/a> din Consiliul Local care au luat atitudine \u015fi fa\u0163\u0103 de aceast\u0103 situa\u0163ie!&#8221; -pre\u015fedinte PSD Giurgiu, deputat Marian Mina.<\/p>\n\n\n\n<figure class=\"wp-block-image size-full\"><img loading=\"lazy\" decoding=\"async\" width=\"704\" height=\"755\" src=\"https:\/\/giurgiu-net.ro\/wp-content\/uploads\/2025\/10\/560539805_1290859436386756_4471953989471548569_n.jpg\" alt=\"560539805 1290859436386756 4471953989471548569 n\" class=\"wp-image-92774\" srcset=\"https:\/\/giurgiu-net.ro\/wp-content\/uploads\/2025\/10\/560539805_1290859436386756_4471953989471548569_n.jpg 704w, https:\/\/giurgiu-net.ro\/wp-content\/uploads\/2025\/10\/560539805_1290859436386756_4471953989471548569_n-280x300.jpg 280w, https:\/\/giurgiu-net.ro\/wp-content\/uploads\/2025\/10\/560539805_1290859436386756_4471953989471548569_n-696x746.jpg 696w\" sizes=\"auto, (max-width: 704px) 100vw, 704px\" \/><\/figure>\n","protected":false},"excerpt":{"rendered":"<p>&#8222;Din ridicol, \u00een PENAL, la Prim\u0103ria #Giurgiu! PNL prezint\u0103: Sarabanda pre\u0163ului biletelor pentru transportul \u00een comun. Incompeten\u0163\u0103 \u015fi disperare, prostie c\u00e2t \u00eencape, despre asta este vorba. Ce alt\u0103 explica\u0163ie poate exista, dac\u0103 au recurs la asemenea \u201eartificii\u201d financiare, poate-poate mai acoper\u0103 din gaura pe care tot EI au f\u0103cut-o la bugetul de stat \u015fi trebuie [&hellip;]<\/p>\n","protected":false},"author":1,"featured_media":92774,"comment_status":"open","ping_status":"open","sticky":false,"template":"","format":"standard","meta":{"slim_seo":{"title":"Deputat Marian Mina, despre majorarea pre\u0163ului biletelor de autobuze: \"Din ridicol, \u00een penal, la Prim\u0103ria Giurgiu\" - GIURGIU NET","description":"\"Din ridicol, \u00een PENAL, la Prim\u0103ria #Giurgiu ! PNL prezint\u0103: Sarabanda pre\u0163ului biletelor pentru transportul \u00een comun. Incompeten\u0163\u0103 \u015fi disperare, prostie c\u00e2t \u00een"},"footnotes":""},"categories":[18,19,25],"tags":[1626],"class_list":{"0":"post-92773","1":"post","2":"type-post","3":"status-publish","4":"format-standard","5":"has-post-thumbnail","7":"category-actual","8":"category-adm","9":"category-pol","10":"tag-marian-mina"},"_links":{"self":[{"href":"https:\/\/giurgiu-net.ro\/index.php\/wp-json\/wp\/v2\/posts\/92773","targetHints":{"allow":["GET"]}}],"collection":[{"href":"https:\/\/giurgiu-net.ro\/index.php\/wp-json\/wp\/v2\/posts"}],"about":[{"href":"https:\/\/giurgiu-net.ro\/index.php\/wp-json\/wp\/v2\/types\/post"}],"author":[{"embeddable":true,"href":"https:\/\/giurgiu-net.ro\/index.php\/wp-json\/wp\/v2\/users\/1"}],"replies":[{"embeddable":true,"href":"https:\/\/giurgiu-net.ro\/index.php\/wp-json\/wp\/v2\/comments?post=92773"}],"version-history":[{"count":0,"href":"https:\/\/giurgiu-net.ro\/index.php\/wp-json\/wp\/v2\/posts\/92773\/revisions"}],"wp:featuredmedia":[{"embeddable":true,"href":"https:\/\/giurgiu-net.ro\/index.php\/wp-json\/wp\/v2\/media\/92774"}],"wp:attachment":[{"href":"https:\/\/giurgiu-net.ro\/index.php\/wp-json\/wp\/v2\/media?parent=92773"}],"wp:term":[{"taxonomy":"category","embeddable":true,"href":"https:\/\/giurgiu-net.ro\/index.php\/wp-json\/wp\/v2\/categories?post=92773"},{"taxonomy":"post_tag","embeddable":true,"href":"https:\/\/giurgiu-net.ro\/index.php\/wp-json\/wp\/v2\/tags?post=92773"}],"curies":[{"name":"wp","href":"https:\/\/api.w.org\/{rel}","templated":true}]}}