{"id":92760,"date":"2025-10-15T09:33:02","date_gmt":"2025-10-15T06:33:02","guid":{"rendered":"https:\/\/giurgiu-net.ro\/?p=92760"},"modified":"2025-10-15T09:33:22","modified_gmt":"2025-10-15T06:33:22","slug":"deputat-psd-marian-mina-la-intalnirea-de-la-ruse-pe-tema-incineratorului-voi-face-tot-ce-tine-de-mine-pentru-ca-acest-incinerator-sa-nu-devina-realitate","status":"publish","type":"post","link":"https:\/\/giurgiu-net.ro\/index.php\/2025\/10\/15\/deputat-psd-marian-mina-la-intalnirea-de-la-ruse-pe-tema-incineratorului-voi-face-tot-ce-tine-de-mine-pentru-ca-acest-incinerator-sa-nu-devina-realitate\/","title":{"rendered":"Deputat PSD Marian Mina, la \u00eent\u00e2lnirea de la Ruse: &#8222;Voi face tot ce \u021bine de mine pentru ca acest incinerator s\u0103 nu devin\u0103 realitate&#8221;"},"content":{"rendered":"\n<p>Deputatul PSD de Giurgiu Marian Mina a participat, ieri, la Ruse, la o dezbatere pe tema incineratorului de de\u015feuri ce ar putea fi construit la Giurgiu. \u00cent\u00e2lnirea a fost organizat\u0103 de Prim\u0103ria Ruse.<\/p>\n\n\n\n<p>&#8222;S\u0103n\u0103tatea oamenilor este mai presus de orice iar Giurgiu NU este groapa de gunoi a nim\u0103nui!<\/p>\n\n\n\n<p>Sunt giurgiuvean, sunt un om care iube\u015fte acest ora\u015f, aici locuiesc, la fel \u015fi familia mea, a\u015fa c\u0103 repet: NU voi sta indiferent \u00een fa\u021ba unei decizii care pune \u00een pericol s\u0103n\u0103tatea \u0219i siguran\u021ba noastr\u0103 \u015fi sunt \u00eentru totul \u00ceMPOTRIVA construirii INCINERATORULUI de de\u015feuri, la Giurgiu!<\/p>\n\n\n\n<p>Nu are nimeni dreptul s\u0103 pun\u0103 \u00een pericol s\u0103n\u0103tatea \u0219i siguran\u021ba noastr\u0103 \u015fi pe cea a copiilor no\u015ftri. <a><\/a>Construirea unui incinerator de de\u0219euri l\u00e2ng\u0103 casele \u0219i familiile noastre este o problem\u0103 uria\u0219\u0103 at\u00e2t pentru Giurgiu, c\u00e2t \u015fi pentru vecinii bulgari.<\/p>\n\n\n\n<p>Asta am discutat, ast\u0103zi, la \u00eent\u00e2lnirea de la Ruse la care am participat, fiind invitat de primarul Pencho Milkov, c\u0103ruia \u00eei mul\u0163umesc pentru sus\u0163inere!<\/p>\n\n\n\n<figure class=\"wp-block-gallery has-nested-images columns-1 is-cropped wp-block-gallery-1 is-layout-flex wp-block-gallery-is-layout-flex\">\n<figure class=\"wp-block-image size-large\"><img loading=\"lazy\" decoding=\"async\" width=\"1024\" height=\"684\" data-id=\"92761\" src=\"https:\/\/giurgiu-net.ro\/wp-content\/uploads\/2025\/10\/559544680_24821370464186929_796250878726877263_n-1024x684.jpg\" alt=\"559544680 24821370464186929 796250878726877263 n\" class=\"wp-image-92761\" srcset=\"https:\/\/giurgiu-net.ro\/wp-content\/uploads\/2025\/10\/559544680_24821370464186929_796250878726877263_n-1024x684.jpg 1024w, https:\/\/giurgiu-net.ro\/wp-content\/uploads\/2025\/10\/559544680_24821370464186929_796250878726877263_n-300x200.jpg 300w, https:\/\/giurgiu-net.ro\/wp-content\/uploads\/2025\/10\/559544680_24821370464186929_796250878726877263_n-768x513.jpg 768w, https:\/\/giurgiu-net.ro\/wp-content\/uploads\/2025\/10\/559544680_24821370464186929_796250878726877263_n-1536x1025.jpg 1536w, https:\/\/giurgiu-net.ro\/wp-content\/uploads\/2025\/10\/559544680_24821370464186929_796250878726877263_n-696x465.jpg 696w, https:\/\/giurgiu-net.ro\/wp-content\/uploads\/2025\/10\/559544680_24821370464186929_796250878726877263_n-1068x713.jpg 1068w, https:\/\/giurgiu-net.ro\/wp-content\/uploads\/2025\/10\/559544680_24821370464186929_796250878726877263_n.jpg 1600w\" sizes=\"auto, (max-width: 1024px) 100vw, 1024px\" \/><\/figure>\n\n\n\n<figure class=\"wp-block-image size-large\"><img loading=\"lazy\" decoding=\"async\" width=\"818\" height=\"1024\" data-id=\"92762\" src=\"https:\/\/giurgiu-net.ro\/wp-content\/uploads\/2025\/10\/559836949_24821369880853654_6283784590587392598_n-818x1024.jpg\" alt=\"559836949 24821369880853654 6283784590587392598 n\" class=\"wp-image-92762\" srcset=\"https:\/\/giurgiu-net.ro\/wp-content\/uploads\/2025\/10\/559836949_24821369880853654_6283784590587392598_n-818x1024.jpg 818w, https:\/\/giurgiu-net.ro\/wp-content\/uploads\/2025\/10\/559836949_24821369880853654_6283784590587392598_n-240x300.jpg 240w, https:\/\/giurgiu-net.ro\/wp-content\/uploads\/2025\/10\/559836949_24821369880853654_6283784590587392598_n-768x962.jpg 768w, https:\/\/giurgiu-net.ro\/wp-content\/uploads\/2025\/10\/559836949_24821369880853654_6283784590587392598_n-1227x1536.jpg 1227w, https:\/\/giurgiu-net.ro\/wp-content\/uploads\/2025\/10\/559836949_24821369880853654_6283784590587392598_n-696x871.jpg 696w, https:\/\/giurgiu-net.ro\/wp-content\/uploads\/2025\/10\/559836949_24821369880853654_6283784590587392598_n-1068x1337.jpg 1068w, https:\/\/giurgiu-net.ro\/wp-content\/uploads\/2025\/10\/559836949_24821369880853654_6283784590587392598_n.jpg 1278w\" sizes=\"auto, (max-width: 818px) 100vw, 818px\" \/><\/figure>\n\n\n\n<figure class=\"wp-block-image size-large\"><img loading=\"lazy\" decoding=\"async\" width=\"1024\" height=\"684\" data-id=\"92763\" src=\"https:\/\/giurgiu-net.ro\/wp-content\/uploads\/2025\/10\/560191166_24821370734186902_6729015926304894233_n-1024x684.jpg\" alt=\"560191166 24821370734186902 6729015926304894233 n\" class=\"wp-image-92763\" srcset=\"https:\/\/giurgiu-net.ro\/wp-content\/uploads\/2025\/10\/560191166_24821370734186902_6729015926304894233_n-1024x684.jpg 1024w, https:\/\/giurgiu-net.ro\/wp-content\/uploads\/2025\/10\/560191166_24821370734186902_6729015926304894233_n-300x200.jpg 300w, https:\/\/giurgiu-net.ro\/wp-content\/uploads\/2025\/10\/560191166_24821370734186902_6729015926304894233_n-768x513.jpg 768w, https:\/\/giurgiu-net.ro\/wp-content\/uploads\/2025\/10\/560191166_24821370734186902_6729015926304894233_n-1536x1025.jpg 1536w, https:\/\/giurgiu-net.ro\/wp-content\/uploads\/2025\/10\/560191166_24821370734186902_6729015926304894233_n-696x465.jpg 696w, https:\/\/giurgiu-net.ro\/wp-content\/uploads\/2025\/10\/560191166_24821370734186902_6729015926304894233_n-1068x713.jpg 1068w, https:\/\/giurgiu-net.ro\/wp-content\/uploads\/2025\/10\/560191166_24821370734186902_6729015926304894233_n.jpg 1600w\" sizes=\"auto, (max-width: 1024px) 100vw, 1024px\" \/><\/figure>\n\n\n\n<figure class=\"wp-block-image size-large\"><img loading=\"lazy\" decoding=\"async\" width=\"1024\" height=\"684\" data-id=\"92764\" src=\"https:\/\/giurgiu-net.ro\/wp-content\/uploads\/2025\/10\/560243916_24821370154186960_3026826502194373044_n-1024x684.jpg\" alt=\"560243916 24821370154186960 3026826502194373044 n\" class=\"wp-image-92764\" srcset=\"https:\/\/giurgiu-net.ro\/wp-content\/uploads\/2025\/10\/560243916_24821370154186960_3026826502194373044_n-1024x684.jpg 1024w, https:\/\/giurgiu-net.ro\/wp-content\/uploads\/2025\/10\/560243916_24821370154186960_3026826502194373044_n-300x200.jpg 300w, https:\/\/giurgiu-net.ro\/wp-content\/uploads\/2025\/10\/560243916_24821370154186960_3026826502194373044_n-768x513.jpg 768w, https:\/\/giurgiu-net.ro\/wp-content\/uploads\/2025\/10\/560243916_24821370154186960_3026826502194373044_n-1536x1025.jpg 1536w, https:\/\/giurgiu-net.ro\/wp-content\/uploads\/2025\/10\/560243916_24821370154186960_3026826502194373044_n-696x465.jpg 696w, https:\/\/giurgiu-net.ro\/wp-content\/uploads\/2025\/10\/560243916_24821370154186960_3026826502194373044_n-1068x713.jpg 1068w, https:\/\/giurgiu-net.ro\/wp-content\/uploads\/2025\/10\/560243916_24821370154186960_3026826502194373044_n.jpg 1600w\" sizes=\"auto, (max-width: 1024px) 100vw, 1024px\" \/><\/figure>\n<\/figure>\n\n\n\n<p>Am ar\u0103tat faptul c\u0103 am f\u0103cut, p\u00e2n\u0103 acum, tot ce depinde de mine, \u00een calitate de deputat, pentru ca institu\u0163iile cu atribu\u0163ii \u00een domeniu &#8211; Ministerul S\u0103n\u0103t\u0103\u0163ii \u015fi Ministerul Mediului &#8211; se sesizeze \u015fi s\u0103 ia m\u0103suri, astfel \u00eenc\u00e2t incineratorul s\u0103 NU fie construit la Giurgiu.<\/p>\n\n\n\n<p>Giurgiuvenii, dar \u0219i vecinii no\u0219tri din Bulgaria s-au unit deja \u00eempotriva acestui proiect. Nu vor fum, nu vor poluare, nu vor pericole pentru copii \u0219i pentru viitor!<\/p>\n\n\n\n<p>Le sunt al\u0103turi \u015fi le spun din nou: voi face tot ce \u021bine de mine pentru ca acest incinerator s\u0103 nu devin\u0103 realitate. Giurgiu are nevoie de investi\u021bii \u00een dezvoltare, NU \u00ceN POLUARE!&#8221;, a scris deputatul Marian Mina, pe Facebook, ieri, la finalul evenimentului.<\/p>\n","protected":false},"excerpt":{"rendered":"<p>Deputatul PSD de Giurgiu Marian Mina a participat, ieri, la Ruse, la o dezbatere pe tema incineratorului de de\u015feuri ce ar putea fi construit la Giurgiu. \u00cent\u00e2lnirea a fost organizat\u0103 de Prim\u0103ria Ruse. &#8222;S\u0103n\u0103tatea oamenilor este mai presus de orice iar Giurgiu NU este groapa de gunoi a nim\u0103nui! Sunt giurgiuvean, sunt un om care [&hellip;]<\/p>\n","protected":false},"author":1,"featured_media":92761,"comment_status":"open","ping_status":"open","sticky":false,"template":"","format":"standard","meta":{"slim_seo":{"title":"Deputat PSD Marian Mina, la \u00eent\u00e2lnirea de la Ruse: \"Voi face tot ce \u021bine de mine pentru ca acest incinerator s\u0103 nu devin\u0103 realitate\" - GIURGIU NET","description":"Deputatul PSD de Giurgiu Marian Mina a participat, ieri, la Ruse, la o dezbatere pe tema incineratorului de de\u015feuri ce ar putea fi construit la Giurgiu. \u00cent\u00e2lni"},"footnotes":""},"categories":[18,19,2877,26],"tags":[1626],"class_list":{"0":"post-92760","1":"post","2":"type-post","3":"status-publish","4":"format-standard","5":"has-post-thumbnail","7":"category-actual","8":"category-adm","9":"category-sanatate","10":"category-soc","11":"tag-marian-mina"},"_links":{"self":[{"href":"https:\/\/giurgiu-net.ro\/index.php\/wp-json\/wp\/v2\/posts\/92760","targetHints":{"allow":["GET"]}}],"collection":[{"href":"https:\/\/giurgiu-net.ro\/index.php\/wp-json\/wp\/v2\/posts"}],"about":[{"href":"https:\/\/giurgiu-net.ro\/index.php\/wp-json\/wp\/v2\/types\/post"}],"author":[{"embeddable":true,"href":"https:\/\/giurgiu-net.ro\/index.php\/wp-json\/wp\/v2\/users\/1"}],"replies":[{"embeddable":true,"href":"https:\/\/giurgiu-net.ro\/index.php\/wp-json\/wp\/v2\/comments?post=92760"}],"version-history":[{"count":0,"href":"https:\/\/giurgiu-net.ro\/index.php\/wp-json\/wp\/v2\/posts\/92760\/revisions"}],"wp:featuredmedia":[{"embeddable":true,"href":"https:\/\/giurgiu-net.ro\/index.php\/wp-json\/wp\/v2\/media\/92761"}],"wp:attachment":[{"href":"https:\/\/giurgiu-net.ro\/index.php\/wp-json\/wp\/v2\/media?parent=92760"}],"wp:term":[{"taxonomy":"category","embeddable":true,"href":"https:\/\/giurgiu-net.ro\/index.php\/wp-json\/wp\/v2\/categories?post=92760"},{"taxonomy":"post_tag","embeddable":true,"href":"https:\/\/giurgiu-net.ro\/index.php\/wp-json\/wp\/v2\/tags?post=92760"}],"curies":[{"name":"wp","href":"https:\/\/api.w.org\/{rel}","templated":true}]}}