{"id":92693,"date":"2025-10-08T14:33:23","date_gmt":"2025-10-08T11:33:23","guid":{"rendered":"https:\/\/giurgiu-net.ro\/?p=92693"},"modified":"2025-10-08T14:33:23","modified_gmt":"2025-10-08T11:33:23","slug":"video-municipiul-giurgiu-sub-apa-si-nici-macar-n-a-prea-fost-ciclonul-va-dati-seama-ce-se-intampla-daca-ne-lovea-barbara-pe-bune","status":"publish","type":"post","link":"https:\/\/giurgiu-net.ro\/index.php\/2025\/10\/08\/video-municipiul-giurgiu-sub-apa-si-nici-macar-n-a-prea-fost-ciclonul-va-dati-seama-ce-se-intampla-daca-ne-lovea-barbara-pe-bune\/","title":{"rendered":"VIDEO: Municipiul Giurgiu, sub ap\u0103. \u015ei nici m\u0103car n-a prea fost ciclonul&#8230; Va da\u0163i seama ce se \u00eent\u00e2mpla dac\u0103 ne lovea \u201cBarbara\u201d pe bune?"},"content":{"rendered":"\n<p class=\"has-text-align-center\"><strong>Tarife \u015fi impozite \u201cde lux\u201d, servicii de\u2026 nimic. Au \u015ftiut s\u0103 ne m\u0103reasc\u0103 taxele \u015fi impozitele, au \u015ftiut s\u0103 dubleze pre\u0163ul la ap\u0103-canal, dar se pare c\u0103 habar n-au s\u0103 administreze municipiul Giurgiu. Sau nu vor. Sau ambele. Administra\u0163ia PNL a e\u015fuat cu succes \u015fi \u00een lupta cu \u2026 \u201cciclonul\u201d Barbara. <\/strong><\/p>\n\n\n\n<p>Cu fratele mai mic al acesteia, de fapt, slav\u0103 Domnului! C\u0103ci ne g\u00e2ndim cu groaz\u0103 ce-ar fi fost dac\u0103 acest Cod Ro\u015fu ar fi sem\u0103nat cu ceea ce s-a \u00eent\u00e2mplat \u00een Bulgaria.<\/p>\n\n\n\n<p>\u00centr-adev\u0103r, au c\u0103zut cantit\u0103\u0163i mari de precipita\u0163ii, dar tot pe nepreg\u0103tite par s\u0103 fi fost luate autorit\u0103\u0163ile locale. Nici nu mai po\u0163i s\u0103 zici c\u0103 e cli\u015feu, pentru c\u0103 s-a transformat \u00eentr-o stare de fapt. Am ajuns s\u0103 consider\u0103m o \u015ftire veritabil\u0103 dac\u0103 autorit\u0103\u0163ile N-AR MAI FI luate prin surprindere \u015fi n-am mai avea situa\u0163ii ca cele din ultimele ore.<\/p>\n\n\n\n<p>Gospod\u0103rii, subsoluri ale unor institu\u0163ii, apartamente &#8211; toate inundate, str\u0103zi pe care nu se mai poate circula. Noi am \u00een\u0163eles c\u0103 ne-a\u0163i promis c\u0103 \u201cdezvolta\u0163i\u201d Giurgiu, dar nu dorim, pe cuv\u00e2nt, s\u0103 ne transforma\u0163i \u00eentr-o mic\u0103 Vene\u0163ie \u015fi, evident, doar atunci c\u00e2nd plou\u0103.<\/p>\n\n\n\n<p>Canalizarea a dat chix. Tuturor acelora care au p\u0103gubit din aceast\u0103 cauz\u0103, n-ar fi corect s\u0103 nu le mai lua\u0163i banii pe urm\u0103toarele facturi?<\/p>\n\n\n\n<figure class=\"wp-block-video\"><video height=\"480\" style=\"aspect-ratio: 640 \/ 480;\" width=\"640\" controls src=\"https:\/\/giurgiu-net.ro\/wp-content\/uploads\/2025\/10\/WhatsApp-Video-2025-10-08-at-13.57.16.mp4\"><\/video><\/figure>\n\n\n\n<p><em>\u015ei mai bine, n-ar trebui s\u0103 v\u0103 apuca\u0163i odat\u0103 de treab\u0103, s\u0103 moderniza\u0163i (\u015fi)sistemul de canalizare? C\u0103 tot ne-a\u0163i f\u0103cut facturile mai mari dec\u00e2t cele de la curent, \u00een unele cazuri.<\/em><\/p>\n\n\n\n<figure class=\"wp-block-video\"><video height=\"832\" style=\"aspect-ratio: 464 \/ 832;\" width=\"464\" controls src=\"https:\/\/giurgiu-net.ro\/wp-content\/uploads\/2025\/10\/WhatsApp-Video-2025-10-08-at-13.51.52.mp4\"><\/video><\/figure>\n\n\n\n<p>N-ar trebui s\u0103 v\u0103 asigura\u0163i c\u0103 toate cl\u0103dirile sunt puse la punct, c\u0103 arborii de pe domeniul public nu reprezint\u0103 un pericol pentru oameni, pentru ma\u015fini, pentru case? Pentru c\u0103 de asta sunte\u0163i pu\u015fi acolo. Asta \u00eenseamn\u0103 s\u0103 administrezi un municipiu.<\/p>\n\n\n\n<p>\u015etim c\u0103 din avion altfel se vede chestiunea asta, dar aici, pe p\u0103m\u00e2nt, lucrurile sunt grave. Ori te pricepi \u015fi faci ceea ce ai promis, ori te duci acas\u0103. De scuze \u015fi de &#8222;amenin\u0163\u0103ri cu demisia&#8221; ne-am s\u0103turat to\u0163i!<\/p>\n\n\n\n<p>S\u0103 \u00eei mul\u0163umim lui Dumnezeu c\u0103 s-a cam f\u00e2s\u00e2it \u201cBarbara\u201d p\u00e2n\u0103 la noi \u015fi s\u0103 le mul\u0163umim pompierilor pentru eforturile (chiar supraomene\u015fti) pe care le depun de ieri, \u00eencontinuu.<\/p>\n\n\n\n<p>Surs\u0103 video: Facebook<\/p>\n","protected":false},"excerpt":{"rendered":"<p>Tarife \u015fi impozite \u201cde lux\u201d, servicii de\u2026 nimic. Au \u015ftiut s\u0103 ne m\u0103reasc\u0103 taxele \u015fi impozitele, au \u015ftiut s\u0103 dubleze pre\u0163ul la ap\u0103-canal, dar se pare c\u0103 habar n-au s\u0103 administreze municipiul Giurgiu. Sau nu vor. Sau ambele. Administra\u0163ia PNL a e\u015fuat cu succes \u015fi \u00een lupta cu \u2026 \u201cciclonul\u201d Barbara. Cu fratele mai mic [&hellip;]<\/p>\n","protected":false},"author":1,"featured_media":92696,"comment_status":"open","ping_status":"open","sticky":false,"template":"","format":"standard","meta":{"slim_seo":{"title":"VIDEO: Municipiul Giurgiu, sub ap\u0103. \u015ei nici m\u0103car n-a prea fost ciclonul... Va da\u0163i seama ce se \u00eent\u00e2mpla dac\u0103 ne lovea \u201cBarbara\u201d pe bune? - GIURGIU NET","description":"Tarife \u015fi impozite \u201cde lux\u201d, servicii de\u2026 nimic. Au \u015ftiut s\u0103 ne m\u0103reasc\u0103 taxele \u015fi impozitele, au \u015ftiut s\u0103 dubleze pre\u0163ul la ap\u0103-canal, dar se pare c\u0103 habar n-a"},"footnotes":""},"categories":[18,19,20,26],"tags":[],"class_list":{"0":"post-92693","1":"post","2":"type-post","3":"status-publish","4":"format-standard","5":"has-post-thumbnail","7":"category-actual","8":"category-adm","9":"category-edit","10":"category-soc"},"_links":{"self":[{"href":"https:\/\/giurgiu-net.ro\/index.php\/wp-json\/wp\/v2\/posts\/92693","targetHints":{"allow":["GET"]}}],"collection":[{"href":"https:\/\/giurgiu-net.ro\/index.php\/wp-json\/wp\/v2\/posts"}],"about":[{"href":"https:\/\/giurgiu-net.ro\/index.php\/wp-json\/wp\/v2\/types\/post"}],"author":[{"embeddable":true,"href":"https:\/\/giurgiu-net.ro\/index.php\/wp-json\/wp\/v2\/users\/1"}],"replies":[{"embeddable":true,"href":"https:\/\/giurgiu-net.ro\/index.php\/wp-json\/wp\/v2\/comments?post=92693"}],"version-history":[{"count":0,"href":"https:\/\/giurgiu-net.ro\/index.php\/wp-json\/wp\/v2\/posts\/92693\/revisions"}],"wp:featuredmedia":[{"embeddable":true,"href":"https:\/\/giurgiu-net.ro\/index.php\/wp-json\/wp\/v2\/media\/92696"}],"wp:attachment":[{"href":"https:\/\/giurgiu-net.ro\/index.php\/wp-json\/wp\/v2\/media?parent=92693"}],"wp:term":[{"taxonomy":"category","embeddable":true,"href":"https:\/\/giurgiu-net.ro\/index.php\/wp-json\/wp\/v2\/categories?post=92693"},{"taxonomy":"post_tag","embeddable":true,"href":"https:\/\/giurgiu-net.ro\/index.php\/wp-json\/wp\/v2\/tags?post=92693"}],"curies":[{"name":"wp","href":"https:\/\/api.w.org\/{rel}","templated":true}]}}