{"id":92628,"date":"2025-10-01T08:11:00","date_gmt":"2025-10-01T05:11:00","guid":{"rendered":"https:\/\/giurgiu-net.ro\/?p=92628"},"modified":"2025-10-01T10:13:29","modified_gmt":"2025-10-01T07:13:29","slug":"subprefectul-de-giurgiu-dragos-udvuleanu-mesaj-cu-prilejul-zilei-persoanelor-varstnice","status":"publish","type":"post","link":"https:\/\/giurgiu-net.ro\/index.php\/2025\/10\/01\/subprefectul-de-giurgiu-dragos-udvuleanu-mesaj-cu-prilejul-zilei-persoanelor-varstnice\/","title":{"rendered":"Subprefectul de Giurgiu, Drago\u015f Udvuleanu, mesaj cu prilejul Zilei Persoanelor V\u00e2rstnice"},"content":{"rendered":"\n<p>&#8222;Ast\u0103zi, de 1 octombrie, celebr\u0103m Ziua Persoanelor V\u00e2rstnice, o zi dedicat\u0103 celor care au cl\u0103dit cu <a href=\"https:\/\/www.facebook.com\/hashtag\/trud%C4%83?__cft__[0]=AZUNJecxM4eQccPuuNolRDMOYeoi4aHJ1plt2Rs-FLyRG16mwii_orgOcVAHOGqnxK3mFYr_AMX6UeGHNOycRbCTlx_tewhlOMHkgF4bCOLPM6dUM_hbq-FMRr064HGVgfmnF2WhJJ4Wp3jIx8TUOkYYzlNsbIim1_LNFOVmNAerr2nFOz_3NXgKNfRVmzxEGwY&amp;__tn__=*NK-R\">#trud\u0103<\/a>, <a href=\"https:\/\/www.facebook.com\/hashtag\/r%C4%83bdare?__cft__[0]=AZUNJecxM4eQccPuuNolRDMOYeoi4aHJ1plt2Rs-FLyRG16mwii_orgOcVAHOGqnxK3mFYr_AMX6UeGHNOycRbCTlx_tewhlOMHkgF4bCOLPM6dUM_hbq-FMRr064HGVgfmnF2WhJJ4Wp3jIx8TUOkYYzlNsbIim1_LNFOVmNAerr2nFOz_3NXgKNfRVmzxEGwY&amp;__tn__=*NK-R\">#r\u0103bdare<\/a> \u0219i <a href=\"https:\/\/www.facebook.com\/hashtag\/sacrificiu?__cft__[0]=AZUNJecxM4eQccPuuNolRDMOYeoi4aHJ1plt2Rs-FLyRG16mwii_orgOcVAHOGqnxK3mFYr_AMX6UeGHNOycRbCTlx_tewhlOMHkgF4bCOLPM6dUM_hbq-FMRr064HGVgfmnF2WhJJ4Wp3jIx8TUOkYYzlNsbIim1_LNFOVmNAerr2nFOz_3NXgKNfRVmzxEGwY&amp;__tn__=*NK-R\">#sacrificiu<\/a> via\u021ba comunit\u0103\u021bilor \u0219i a <a href=\"https:\/\/www.facebook.com\/hashtag\/%C8%9B%C4%83rii?__cft__[0]=AZUNJecxM4eQccPuuNolRDMOYeoi4aHJ1plt2Rs-FLyRG16mwii_orgOcVAHOGqnxK3mFYr_AMX6UeGHNOycRbCTlx_tewhlOMHkgF4bCOLPM6dUM_hbq-FMRr064HGVgfmnF2WhJJ4Wp3jIx8TUOkYYzlNsbIim1_LNFOVmNAerr2nFOz_3NXgKNfRVmzxEGwY&amp;__tn__=*NK-R\">#\u021b\u0103rii<\/a>noastre. \u00cen privirea \u0219i pa\u0219ii lor se citesc lec\u021bii de <a href=\"https:\/\/www.facebook.com\/hashtag\/curaj?__cft__[0]=AZUNJecxM4eQccPuuNolRDMOYeoi4aHJ1plt2Rs-FLyRG16mwii_orgOcVAHOGqnxK3mFYr_AMX6UeGHNOycRbCTlx_tewhlOMHkgF4bCOLPM6dUM_hbq-FMRr064HGVgfmnF2WhJJ4Wp3jIx8TUOkYYzlNsbIim1_LNFOVmNAerr2nFOz_3NXgKNfRVmzxEGwY&amp;__tn__=*NK-R\">#curaj<\/a>, <a href=\"https:\/\/www.facebook.com\/hashtag\/demnitate?__cft__[0]=AZUNJecxM4eQccPuuNolRDMOYeoi4aHJ1plt2Rs-FLyRG16mwii_orgOcVAHOGqnxK3mFYr_AMX6UeGHNOycRbCTlx_tewhlOMHkgF4bCOLPM6dUM_hbq-FMRr064HGVgfmnF2WhJJ4Wp3jIx8TUOkYYzlNsbIim1_LNFOVmNAerr2nFOz_3NXgKNfRVmzxEGwY&amp;__tn__=*NK-R\">#demnitate<\/a> \u0219i <a href=\"https:\/\/www.facebook.com\/hashtag\/iubire?__cft__[0]=AZUNJecxM4eQccPuuNolRDMOYeoi4aHJ1plt2Rs-FLyRG16mwii_orgOcVAHOGqnxK3mFYr_AMX6UeGHNOycRbCTlx_tewhlOMHkgF4bCOLPM6dUM_hbq-FMRr064HGVgfmnF2WhJJ4Wp3jIx8TUOkYYzlNsbIim1_LNFOVmNAerr2nFOz_3NXgKNfRVmzxEGwY&amp;__tn__=*NK-R\">#iubire<\/a> de neam, lec\u021bii pe care nu avem voie s\u0103 le uit\u0103m. Ei sunt st\u00e2lpii comunit\u0103\u021bilor noastre, martorii unei vie\u021bi \u00eentregi \u0219i farurile care ne arat\u0103 drumul drept \u0219i cinstit.<\/p>\n\n\n\n<p>Cred c\u0103 promisiunile nu mai au rost dac\u0103 nu le \u0219i \u00eendeplinim. Eu nu promit, \u00eens\u0103 m\u0103 voi str\u0103dui s\u0103 asigur c\u00e2t mai mult\u0103 bun\u0103stare \u0219i sprijin real pentru v\u00e2rstnicii no\u0219tri. S\u0103 trecem la <a href=\"https:\/\/www.facebook.com\/hashtag\/fapte?__cft__[0]=AZUNJecxM4eQccPuuNolRDMOYeoi4aHJ1plt2Rs-FLyRG16mwii_orgOcVAHOGqnxK3mFYr_AMX6UeGHNOycRbCTlx_tewhlOMHkgF4bCOLPM6dUM_hbq-FMRr064HGVgfmnF2WhJJ4Wp3jIx8TUOkYYzlNsbIim1_LNFOVmNAerr2nFOz_3NXgKNfRVmzxEGwY&amp;__tn__=*NK-R\">#fapte<\/a>, s\u0103 fim sprijin constant \u0219i temeinic pentru cei care ne-au oferit totul, s\u0103 le oferim <a href=\"https:\/\/www.facebook.com\/hashtag\/protec%C8%9Bie?__cft__[0]=AZUNJecxM4eQccPuuNolRDMOYeoi4aHJ1plt2Rs-FLyRG16mwii_orgOcVAHOGqnxK3mFYr_AMX6UeGHNOycRbCTlx_tewhlOMHkgF4bCOLPM6dUM_hbq-FMRr064HGVgfmnF2WhJJ4Wp3jIx8TUOkYYzlNsbIim1_LNFOVmNAerr2nFOz_3NXgKNfRVmzxEGwY&amp;__tn__=*NK-R\">#protec\u021bie<\/a>, <a href=\"https:\/\/www.facebook.com\/hashtag\/respect?__cft__[0]=AZUNJecxM4eQccPuuNolRDMOYeoi4aHJ1plt2Rs-FLyRG16mwii_orgOcVAHOGqnxK3mFYr_AMX6UeGHNOycRbCTlx_tewhlOMHkgF4bCOLPM6dUM_hbq-FMRr064HGVgfmnF2WhJJ4Wp3jIx8TUOkYYzlNsbIim1_LNFOVmNAerr2nFOz_3NXgKNfRVmzxEGwY&amp;__tn__=*NK-R\">#respect<\/a> \u0219i <a href=\"https:\/\/www.facebook.com\/hashtag\/demnitate?__cft__[0]=AZUNJecxM4eQccPuuNolRDMOYeoi4aHJ1plt2Rs-FLyRG16mwii_orgOcVAHOGqnxK3mFYr_AMX6UeGHNOycRbCTlx_tewhlOMHkgF4bCOLPM6dUM_hbq-FMRr064HGVgfmnF2WhJJ4Wp3jIx8TUOkYYzlNsbIim1_LNFOVmNAerr2nFOz_3NXgKNfRVmzxEGwY&amp;__tn__=*NK-R\">#demnitate<\/a>. Este datoria noastr\u0103 s\u0103 fim pilon de baz\u0103 pentru ei, s\u0103 nu l\u0103s\u0103m niciun efort ne\u00eemplinit.<\/p>\n\n\n\n<p>\u00cen vremurile tot mai grele prin care trecem, s\u0103 fim un <a href=\"https:\/\/www.facebook.com\/hashtag\/sprijin?__cft__[0]=AZUNJecxM4eQccPuuNolRDMOYeoi4aHJ1plt2Rs-FLyRG16mwii_orgOcVAHOGqnxK3mFYr_AMX6UeGHNOycRbCTlx_tewhlOMHkgF4bCOLPM6dUM_hbq-FMRr064HGVgfmnF2WhJJ4Wp3jIx8TUOkYYzlNsbIim1_LNFOVmNAerr2nFOz_3NXgKNfRVmzxEGwY&amp;__tn__=*NK-R\">#sprijin<\/a> real pentru v\u00e2rstnicii no\u0219tri, s\u0103 le u\u0219ur\u0103m poverile \u0219i s\u0103 le oferim <a href=\"https:\/\/www.facebook.com\/hashtag\/siguran%C8%9B%C4%83?__cft__[0]=AZUNJecxM4eQccPuuNolRDMOYeoi4aHJ1plt2Rs-FLyRG16mwii_orgOcVAHOGqnxK3mFYr_AMX6UeGHNOycRbCTlx_tewhlOMHkgF4bCOLPM6dUM_hbq-FMRr064HGVgfmnF2WhJJ4Wp3jIx8TUOkYYzlNsbIim1_LNFOVmNAerr2nFOz_3NXgKNfRVmzxEGwY&amp;__tn__=*NK-R\">#siguran\u021b\u0103<\/a>, <a href=\"https:\/\/www.facebook.com\/hashtag\/lini%C8%99te?__cft__[0]=AZUNJecxM4eQccPuuNolRDMOYeoi4aHJ1plt2Rs-FLyRG16mwii_orgOcVAHOGqnxK3mFYr_AMX6UeGHNOycRbCTlx_tewhlOMHkgF4bCOLPM6dUM_hbq-FMRr064HGVgfmnF2WhJJ4Wp3jIx8TUOkYYzlNsbIim1_LNFOVmNAerr2nFOz_3NXgKNfRVmzxEGwY&amp;__tn__=*NK-R\">#lini\u0219te<\/a> \u0219i <a href=\"https:\/\/www.facebook.com\/hashtag\/respect?__cft__[0]=AZUNJecxM4eQccPuuNolRDMOYeoi4aHJ1plt2Rs-FLyRG16mwii_orgOcVAHOGqnxK3mFYr_AMX6UeGHNOycRbCTlx_tewhlOMHkgF4bCOLPM6dUM_hbq-FMRr064HGVgfmnF2WhJJ4Wp3jIx8TUOkYYzlNsbIim1_LNFOVmNAerr2nFOz_3NXgKNfRVmzxEGwY&amp;__tn__=*NK-R\">#respect<\/a>. S\u0103 le ar\u0103t\u0103m c\u0103 nu sunt singuri, c\u0103 ne pas\u0103 \u0219i c\u0103 \u00eei pre\u021buim pentru tot ce au f\u0103cut pentru noi \u0219i pentru comunitate.<\/p>\n\n\n\n<p>Persoanele v\u00e2rstnice nu sunt doar parte din trecutul nostru, ci \u0219i puntea care leag\u0103 trecutul de viitor. S\u0103 le ascult\u0103m glasul, s\u0103 le pre\u021buim experien\u021ba \u0219i s\u0103 transform\u0103m respectul \u00een ac\u021biuni concrete, vizibile \u0219i palpabile, care s\u0103 vorbeasc\u0103 despre recuno\u0219tin\u021b\u0103 \u0219i responsabilitate.<\/p>\n\n\n\n<p>Ast\u0103zi, le dator\u0103m nu doar cuvinte, ci hot\u0103r\u00e2rea de a ac\u021biona.<\/p>\n\n\n\n<p>La mul\u021bi ani tuturor v\u00e2rstnicilor, adev\u0103ra\u021bii arhitec\u021bi ai comunit\u0103\u021bii \u0219i ai neamului nostru, c\u0103rora le dator\u0103m <a href=\"https:\/\/www.facebook.com\/hashtag\/respect?__cft__[0]=AZUNJecxM4eQccPuuNolRDMOYeoi4aHJ1plt2Rs-FLyRG16mwii_orgOcVAHOGqnxK3mFYr_AMX6UeGHNOycRbCTlx_tewhlOMHkgF4bCOLPM6dUM_hbq-FMRr064HGVgfmnF2WhJJ4Wp3jIx8TUOkYYzlNsbIim1_LNFOVmNAerr2nFOz_3NXgKNfRVmzxEGwY&amp;__tn__=*NK-R\">#respect<\/a>, <a href=\"https:\/\/www.facebook.com\/hashtag\/grij%C4%83?__cft__[0]=AZUNJecxM4eQccPuuNolRDMOYeoi4aHJ1plt2Rs-FLyRG16mwii_orgOcVAHOGqnxK3mFYr_AMX6UeGHNOycRbCTlx_tewhlOMHkgF4bCOLPM6dUM_hbq-FMRr064HGVgfmnF2WhJJ4Wp3jIx8TUOkYYzlNsbIim1_LNFOVmNAerr2nFOz_3NXgKNfRVmzxEGwY&amp;__tn__=*NK-R\">#grij\u0103<\/a> \u0219i angajamentul nostru ferm de a le fi <a href=\"https:\/\/www.facebook.com\/hashtag\/mereu?__cft__[0]=AZUNJecxM4eQccPuuNolRDMOYeoi4aHJ1plt2Rs-FLyRG16mwii_orgOcVAHOGqnxK3mFYr_AMX6UeGHNOycRbCTlx_tewhlOMHkgF4bCOLPM6dUM_hbq-FMRr064HGVgfmnF2WhJJ4Wp3jIx8TUOkYYzlNsbIim1_LNFOVmNAerr2nFOz_3NXgKNfRVmzxEGwY&amp;__tn__=*NK-R\">#mereu<\/a><a href=\"https:\/\/www.facebook.com\/hashtag\/al%C4%83turi?__cft__[0]=AZUNJecxM4eQccPuuNolRDMOYeoi4aHJ1plt2Rs-FLyRG16mwii_orgOcVAHOGqnxK3mFYr_AMX6UeGHNOycRbCTlx_tewhlOMHkgF4bCOLPM6dUM_hbq-FMRr064HGVgfmnF2WhJJ4Wp3jIx8TUOkYYzlNsbIim1_LNFOVmNAerr2nFOz_3NXgKNfRVmzxEGwY&amp;__tn__=*NK-R\">#al\u0103turi<\/a>!&#8221; &#8211; Subprefectul jude\u0163ului Giurgiu, Drago\u015f Udvuleanu<\/p>\n","protected":false},"excerpt":{"rendered":"<p>&#8222;Ast\u0103zi, de 1 octombrie, celebr\u0103m Ziua Persoanelor V\u00e2rstnice, o zi dedicat\u0103 celor care au cl\u0103dit cu #trud\u0103, #r\u0103bdare \u0219i #sacrificiu via\u021ba comunit\u0103\u021bilor \u0219i a #\u021b\u0103riinoastre. \u00cen privirea \u0219i pa\u0219ii lor se citesc lec\u021bii de #curaj, #demnitate \u0219i #iubire de neam, lec\u021bii pe care nu avem voie s\u0103 le uit\u0103m. Ei sunt st\u00e2lpii comunit\u0103\u021bilor noastre, martorii [&hellip;]<\/p>\n","protected":false},"author":1,"featured_media":92629,"comment_status":"open","ping_status":"open","sticky":false,"template":"","format":"standard","meta":{"slim_seo":{"title":"Subprefectul de Giurgiu, Drago\u015f Udvuleanu, mesaj cu prilejul Zilei Persoanelor V\u00e2rstnice - GIURGIU NET","description":"\"Ast\u0103zi, de 1 octombrie, celebr\u0103m Ziua Persoanelor V\u00e2rstnice, o zi dedicat\u0103 celor care au cl\u0103dit cu #trud\u0103 , #r\u0103bdare \u0219i #sacrificiu via\u021ba comunit\u0103\u021bilor \u0219i a #\u021b"},"footnotes":""},"categories":[18,26],"tags":[],"class_list":{"0":"post-92628","1":"post","2":"type-post","3":"status-publish","4":"format-standard","5":"has-post-thumbnail","7":"category-actual","8":"category-soc"},"_links":{"self":[{"href":"https:\/\/giurgiu-net.ro\/index.php\/wp-json\/wp\/v2\/posts\/92628","targetHints":{"allow":["GET"]}}],"collection":[{"href":"https:\/\/giurgiu-net.ro\/index.php\/wp-json\/wp\/v2\/posts"}],"about":[{"href":"https:\/\/giurgiu-net.ro\/index.php\/wp-json\/wp\/v2\/types\/post"}],"author":[{"embeddable":true,"href":"https:\/\/giurgiu-net.ro\/index.php\/wp-json\/wp\/v2\/users\/1"}],"replies":[{"embeddable":true,"href":"https:\/\/giurgiu-net.ro\/index.php\/wp-json\/wp\/v2\/comments?post=92628"}],"version-history":[{"count":0,"href":"https:\/\/giurgiu-net.ro\/index.php\/wp-json\/wp\/v2\/posts\/92628\/revisions"}],"wp:featuredmedia":[{"embeddable":true,"href":"https:\/\/giurgiu-net.ro\/index.php\/wp-json\/wp\/v2\/media\/92629"}],"wp:attachment":[{"href":"https:\/\/giurgiu-net.ro\/index.php\/wp-json\/wp\/v2\/media?parent=92628"}],"wp:term":[{"taxonomy":"category","embeddable":true,"href":"https:\/\/giurgiu-net.ro\/index.php\/wp-json\/wp\/v2\/categories?post=92628"},{"taxonomy":"post_tag","embeddable":true,"href":"https:\/\/giurgiu-net.ro\/index.php\/wp-json\/wp\/v2\/tags?post=92628"}],"curies":[{"name":"wp","href":"https:\/\/api.w.org\/{rel}","templated":true}]}}