{"id":92622,"date":"2025-10-01T09:49:10","date_gmt":"2025-10-01T06:49:10","guid":{"rendered":"https:\/\/giurgiu-net.ro\/?p=92622"},"modified":"2025-10-01T09:49:11","modified_gmt":"2025-10-01T06:49:11","slug":"mesajul-deputatului-marian-mina-cu-prilejul-zilei-internationale-a-varstnicilor","status":"publish","type":"post","link":"https:\/\/giurgiu-net.ro\/index.php\/2025\/10\/01\/mesajul-deputatului-marian-mina-cu-prilejul-zilei-internationale-a-varstnicilor\/","title":{"rendered":"Mesajul deputatului Marian Mina, cu prilejul Zilei Interna\u0163ionale a V\u00e2rstnicilor"},"content":{"rendered":"\n<p>&#8222;Ast\u0103zi este despre cei care ne-au deschis drumurile, despre cei care au pus piatra de temelie a comunit\u0103\u021bilor noastre \u0219i care ne-au l\u0103sat mo\u0219tenire valori, experien\u021b\u0103 \u0219i \u00een\u021belepciune.<\/p>\n\n\n\n<p>Ziua Persoanelor V\u00e2rstnice este un prilej de profund\u0103 recuno\u0219tin\u021b\u0103 \u0219i respect pentru munca, sacrificiile \u0219i dragostea cu care genera\u021biile de dinaintea noastr\u0103 au construit prezentul \u00een care tr\u0103im.<\/p>\n\n\n\n<p>Fiecare z\u00e2mbet, fiecare sfat \u0219i fiecare poveste de via\u021b\u0103 a seniorilor no\u0219tri reprezint\u0103 o lec\u021bie nepre\u021buit\u0103. Le dator\u0103m grij\u0103, sprijin \u0219i afec\u021biune, a\u0219a cum \u0219i ei ne-au oferit nou\u0103 totul, cu r\u0103bdare \u0219i d\u0103ruire, de-a lungul vie\u021bii.<\/p>\n\n\n\n<p>Le mul\u021bumim tuturor v\u00e2rstnicilor pentru puterea de a ne inspira \u0219i pentru c\u0103 ne amintesc, zi de zi, ce \u00eenseamn\u0103 adev\u0103rata demnitate \u0219i \u00een\u021belepciune.<\/p>\n\n\n\n<p>La Mul\u0163i Ani binecuv\u00e2nta\u021bi, cu s\u0103n\u0103tate \u0219i bucurii!&#8221; &#8211; pre\u015fedinte PSD Giurgiu, deputat Marian Mina.<\/p>\n","protected":false},"excerpt":{"rendered":"<p>&#8222;Ast\u0103zi este despre cei care ne-au deschis drumurile, despre cei care au pus piatra de temelie a comunit\u0103\u021bilor noastre \u0219i care ne-au l\u0103sat mo\u0219tenire valori, experien\u021b\u0103 \u0219i \u00een\u021belepciune. Ziua Persoanelor V\u00e2rstnice este un prilej de profund\u0103 recuno\u0219tin\u021b\u0103 \u0219i respect pentru munca, sacrificiile \u0219i dragostea cu care genera\u021biile de dinaintea noastr\u0103 au construit prezentul \u00een care [&hellip;]<\/p>\n","protected":false},"author":1,"featured_media":92623,"comment_status":"open","ping_status":"open","sticky":false,"template":"","format":"standard","meta":{"slim_seo":{"title":"Mesajul deputatului Marian Mina, cu prilejul Zilei Interna\u0163ionale a V\u00e2rstnicilor - GIURGIU NET","description":"\"Ast\u0103zi este despre cei care ne-au deschis drumurile, despre cei care au pus piatra de temelie a comunit\u0103\u021bilor noastre \u0219i care ne-au l\u0103sat mo\u0219tenire valori, exp"},"footnotes":""},"categories":[18,26],"tags":[1626],"class_list":{"0":"post-92622","1":"post","2":"type-post","3":"status-publish","4":"format-standard","5":"has-post-thumbnail","7":"category-actual","8":"category-soc","9":"tag-marian-mina"},"_links":{"self":[{"href":"https:\/\/giurgiu-net.ro\/index.php\/wp-json\/wp\/v2\/posts\/92622","targetHints":{"allow":["GET"]}}],"collection":[{"href":"https:\/\/giurgiu-net.ro\/index.php\/wp-json\/wp\/v2\/posts"}],"about":[{"href":"https:\/\/giurgiu-net.ro\/index.php\/wp-json\/wp\/v2\/types\/post"}],"author":[{"embeddable":true,"href":"https:\/\/giurgiu-net.ro\/index.php\/wp-json\/wp\/v2\/users\/1"}],"replies":[{"embeddable":true,"href":"https:\/\/giurgiu-net.ro\/index.php\/wp-json\/wp\/v2\/comments?post=92622"}],"version-history":[{"count":0,"href":"https:\/\/giurgiu-net.ro\/index.php\/wp-json\/wp\/v2\/posts\/92622\/revisions"}],"wp:featuredmedia":[{"embeddable":true,"href":"https:\/\/giurgiu-net.ro\/index.php\/wp-json\/wp\/v2\/media\/92623"}],"wp:attachment":[{"href":"https:\/\/giurgiu-net.ro\/index.php\/wp-json\/wp\/v2\/media?parent=92622"}],"wp:term":[{"taxonomy":"category","embeddable":true,"href":"https:\/\/giurgiu-net.ro\/index.php\/wp-json\/wp\/v2\/categories?post=92622"},{"taxonomy":"post_tag","embeddable":true,"href":"https:\/\/giurgiu-net.ro\/index.php\/wp-json\/wp\/v2\/tags?post=92622"}],"curies":[{"name":"wp","href":"https:\/\/api.w.org\/{rel}","templated":true}]}}