{"id":92619,"date":"2025-10-01T09:47:10","date_gmt":"2025-10-01T06:47:10","guid":{"rendered":"https:\/\/giurgiu-net.ro\/?p=92619"},"modified":"2025-10-01T09:47:11","modified_gmt":"2025-10-01T06:47:11","slug":"presedintele-ofsd-giurgiu-dr-cristina-elena-dinu-este-timpul-ca-romania-sa-fie-o-tara-in-care-fiecare-femeie-si-copil-sa-traiasca-fara-teama","status":"publish","type":"post","link":"https:\/\/giurgiu-net.ro\/index.php\/2025\/10\/01\/presedintele-ofsd-giurgiu-dr-cristina-elena-dinu-este-timpul-ca-romania-sa-fie-o-tara-in-care-fiecare-femeie-si-copil-sa-traiasca-fara-teama\/","title":{"rendered":"Pre\u015fedintele OFSD Giurgiu, dr. Cristina Elena Dinu: &#8222;Este timpul ca Rom\u00e2nia s\u0103 fie o \u021bar\u0103 \u00een care fiecare femeie \u0219i copil s\u0103 tr\u0103iasc\u0103 f\u0103r\u0103 team\u0103!&#8221;"},"content":{"rendered":"\n<p>&#8222;Este timpul ca <a href=\"https:\/\/www.facebook.com\/hashtag\/rom%C3%A2nia?__cft__[0]=AZVt4HoQJ8PYkbThDPm-Wh2sztwK7Y7DRzjQ3Zj8H6JGnOmotRze7PaPEh3A7DaeHjA4wceFzFsjS0eXyxx0ABSy1AA4dhwFJAI9X89DMoJW9Du9771Xnz-2igAejxOotrQ4mAZVpZHpOEIHGW0xYdmiJh7ea5eMGRRkd0xhAqDiSTkL5P_xy6PpcEPnLwe9mFw&amp;__tn__=*NK-R\">#Rom\u00e2nia<\/a> s\u0103 fie o \u021bar\u0103 \u00een care fiecare femeie \u0219i copil s\u0103 tr\u0103iasc\u0103 f\u0103r\u0103 team\u0103!<\/p>\n\n\n\n<p>Am fost, ast\u0103zi(mar\u0163i, 30 septembrie, n.r.), al\u0103turi de colegele mele din Organiza\u0163ia Femeilor Social-Democrate Rom\u00e2nia, \u00een \u0219edin\u021ba reunit\u0103 a Camerei Deputa\u021bilor \u0219i Senatului, \u00een cadrul c\u0103reia a fost adoptat\u0103 Declara\u0163ia \u201cRom\u00e2nia f\u0103r\u0103 violen\u021b\u0103 domestic\u0103\u201d.<\/p>\n\n\n\n<p>Am transmis \u00eempreun\u0103 un mesaj ferm: violen\u021ba domestic\u0103, indiferent de formele de manifestare, NU mai poate fi ignorat\u0103!<\/p>\n\n\n\n<p>Realitatea din \u0163ara noastr\u0103 este una crunt\u0103: aproape \u00een fiecare s\u0103pt\u0103m\u00e2n\u0103, o femeie este ucis\u0103 iar sute de mii de <a href=\"https:\/\/www.facebook.com\/hashtag\/femei?__cft__[0]=AZVt4HoQJ8PYkbThDPm-Wh2sztwK7Y7DRzjQ3Zj8H6JGnOmotRze7PaPEh3A7DaeHjA4wceFzFsjS0eXyxx0ABSy1AA4dhwFJAI9X89DMoJW9Du9771Xnz-2igAejxOotrQ4mAZVpZHpOEIHGW0xYdmiJh7ea5eMGRRkd0xhAqDiSTkL5P_xy6PpcEPnLwe9mFw&amp;__tn__=*NK-R\">#femei<\/a> \u0219i copii tr\u0103iesc, zilnic, sub teroarea agresiunilor.<\/p>\n\n\n\n<p>Dincolo de statistici, \u00eens\u0103, sunt femei \u0219i copii care tr\u0103iesc drame profunde. OAMENI care sufer\u0103 \u00een t\u0103cere \u0219i pentru care spaima a devenit obi\u0219nuin\u021ba zilnic\u0103. Ajunge!<\/p>\n\n\n\n<p>Declara\u021bia adoptat\u0103 azi de Parlament stabile\u0219te cadrul necesar ini\u021bierii de acte normative clare pentru a proteja victimele violen\u021bei domestice, pentru a preveni violen\u021ba \u0219i pentru a trage la r\u0103spundere agresorii. Aceasta face referiri la necesitatea unor m\u0103suri de sprijin concret prin ad\u0103posturi, servicii sociale \u0219i psihologice, programe de educa\u021bie \u0219i con\u0219tientizare, precum \u0219i prin num\u0103rul unic de urgen\u021b\u0103 0800.500.333.<\/p>\n\n\n\n<p>Este un semnal clar, de la cel mai \u00eenalt nivel, c\u0103 Rom\u00e2nia spune \u201cStop violen\u021bei domestice!\u201d. Respectul, empatia \u0219i demnitatea \u00eencep de la familie! Violen\u021ba nu este iubire, nu este educa\u021bie, este crim\u0103!<\/p>\n\n\n\n<p>Reamintim c\u0103 <a href=\"https:\/\/www.facebook.com\/hashtag\/ofsd?__cft__[0]=AZVt4HoQJ8PYkbThDPm-Wh2sztwK7Y7DRzjQ3Zj8H6JGnOmotRze7PaPEh3A7DaeHjA4wceFzFsjS0eXyxx0ABSy1AA4dhwFJAI9X89DMoJW9Du9771Xnz-2igAejxOotrQ4mAZVpZHpOEIHGW0xYdmiJh7ea5eMGRRkd0xhAqDiSTkL5P_xy6PpcEPnLwe9mFw&amp;__tn__=*NK-R\">#OFSD<\/a> a \u00eenceput demersurile pentru reglementarea prin lege a femicidului \u2013 o m\u0103sur\u0103 esen\u021bial\u0103 pentru protec\u021bia femeilor \u00eempotriva violen\u021bei extreme. Femicidul se refer\u0103 la uciderea unei femei din motive de prejudecat\u0103 bazat\u0103 pe gen sau \u00een contextul violen\u021bei domestice.<\/p>\n\n\n\n<p>OFSD va continua s\u0103 fac\u0103 toate demersurile necesare pentru un cadru legal clar \u0219i ferm \u0219i pentru <a href=\"https:\/\/www.facebook.com\/hashtag\/protec%C8%9Bia?__cft__[0]=AZVt4HoQJ8PYkbThDPm-Wh2sztwK7Y7DRzjQ3Zj8H6JGnOmotRze7PaPEh3A7DaeHjA4wceFzFsjS0eXyxx0ABSy1AA4dhwFJAI9X89DMoJW9Du9771Xnz-2igAejxOotrQ4mAZVpZHpOEIHGW0xYdmiJh7ea5eMGRRkd0xhAqDiSTkL5P_xy6PpcEPnLwe9mFw&amp;__tn__=*NK-R\">#protec\u021bia<\/a> real\u0103 a tuturor femeilor \u0219i copiilor.<\/p>\n\n\n\n<p>Declara\u021bia de ast\u0103zi a Parlamentului a fost adoptat\u0103 \u00een contextul \u00een care, pe 2 octombrie, este marcat\u0103 la nivel mondial Ziua Interna\u021bional\u0103 a Nonviolen\u021bei&#8221; -pre\u015fedinte OFSD Giurgiu, dr. Cristina Elena Dinu.<\/p>\n","protected":false},"excerpt":{"rendered":"<p>&#8222;Este timpul ca #Rom\u00e2nia s\u0103 fie o \u021bar\u0103 \u00een care fiecare femeie \u0219i copil s\u0103 tr\u0103iasc\u0103 f\u0103r\u0103 team\u0103! Am fost, ast\u0103zi(mar\u0163i, 30 septembrie, n.r.), al\u0103turi de colegele mele din Organiza\u0163ia Femeilor Social-Democrate Rom\u00e2nia, \u00een \u0219edin\u021ba reunit\u0103 a Camerei Deputa\u021bilor \u0219i Senatului, \u00een cadrul c\u0103reia a fost adoptat\u0103 Declara\u0163ia \u201cRom\u00e2nia f\u0103r\u0103 violen\u021b\u0103 domestic\u0103\u201d. Am transmis \u00eempreun\u0103 [&hellip;]<\/p>\n","protected":false},"author":1,"featured_media":92620,"comment_status":"open","ping_status":"open","sticky":false,"template":"","format":"standard","meta":{"slim_seo":{"title":"Pre\u015fedintele OFSD Giurgiu, dr. Cristina Elena Dinu: \"Este timpul ca Rom\u00e2nia s\u0103 fie o \u021bar\u0103 \u00een care fiecare femeie \u0219i copil s\u0103 tr\u0103iasc\u0103 f\u0103r\u0103 team\u0103!\" - GIURGIU NET","description":"\"Este timpul ca #Rom\u00e2nia s\u0103 fie o \u021bar\u0103 \u00een care fiecare femeie \u0219i copil s\u0103 tr\u0103iasc\u0103 f\u0103r\u0103 team\u0103! Am fost, ast\u0103zi(mar\u0163i, 30 septembrie, n.r.), al\u0103turi de colegele"},"footnotes":""},"categories":[18,25,26],"tags":[1025],"class_list":{"0":"post-92619","1":"post","2":"type-post","3":"status-publish","4":"format-standard","5":"has-post-thumbnail","7":"category-actual","8":"category-pol","9":"category-soc","10":"tag-elena-dinu"},"_links":{"self":[{"href":"https:\/\/giurgiu-net.ro\/index.php\/wp-json\/wp\/v2\/posts\/92619","targetHints":{"allow":["GET"]}}],"collection":[{"href":"https:\/\/giurgiu-net.ro\/index.php\/wp-json\/wp\/v2\/posts"}],"about":[{"href":"https:\/\/giurgiu-net.ro\/index.php\/wp-json\/wp\/v2\/types\/post"}],"author":[{"embeddable":true,"href":"https:\/\/giurgiu-net.ro\/index.php\/wp-json\/wp\/v2\/users\/1"}],"replies":[{"embeddable":true,"href":"https:\/\/giurgiu-net.ro\/index.php\/wp-json\/wp\/v2\/comments?post=92619"}],"version-history":[{"count":0,"href":"https:\/\/giurgiu-net.ro\/index.php\/wp-json\/wp\/v2\/posts\/92619\/revisions"}],"wp:featuredmedia":[{"embeddable":true,"href":"https:\/\/giurgiu-net.ro\/index.php\/wp-json\/wp\/v2\/media\/92620"}],"wp:attachment":[{"href":"https:\/\/giurgiu-net.ro\/index.php\/wp-json\/wp\/v2\/media?parent=92619"}],"wp:term":[{"taxonomy":"category","embeddable":true,"href":"https:\/\/giurgiu-net.ro\/index.php\/wp-json\/wp\/v2\/categories?post=92619"},{"taxonomy":"post_tag","embeddable":true,"href":"https:\/\/giurgiu-net.ro\/index.php\/wp-json\/wp\/v2\/tags?post=92619"}],"curies":[{"name":"wp","href":"https:\/\/api.w.org\/{rel}","templated":true}]}}