{"id":92615,"date":"2025-09-30T15:15:51","date_gmt":"2025-09-30T12:15:51","guid":{"rendered":"https:\/\/giurgiu-net.ro\/?p=92615"},"modified":"2025-09-30T15:15:52","modified_gmt":"2025-09-30T12:15:52","slug":"deputat-marian-mina-peste-2-750-000-de-varstnici-vor-primi-a-doua-transa-a-sprijinului-in-valoare-de-400-de-lei","status":"publish","type":"post","link":"https:\/\/giurgiu-net.ro\/index.php\/2025\/09\/30\/deputat-marian-mina-peste-2-750-000-de-varstnici-vor-primi-a-doua-transa-a-sprijinului-in-valoare-de-400-de-lei\/","title":{"rendered":"Deputat Marian Mina: &#8222;Peste 2.750.000 de v\u00e2rstnici vor primi a doua tran\u015f\u0103 a sprijinului \u00een valoare de 400 de lei!&#8221;"},"content":{"rendered":"\n<p>P\u0103rin\u0163ilor \u015fi bunicilor no\u015ftri le dator\u0103m totul. Ei au avut grij\u0103 de noi o via\u0163\u0103 \u00eentreag\u0103, iar acum este r\u00e2ndul nostru s\u0103 ne asigur\u0103m c\u0103 sunt bine.<\/p>\n\n\n\n<p>Indiferent c\u00e2t dificil\u0103 este situa\u0163ia economic\u0103 a \u0163\u0103rii, nu exist\u0103 scuze s\u0103 nu g\u0103sim SOLU\u0162II pentru ca ei s\u0103 \u00ee\u015fi asigure traiul de zi cu zi. Asta este treaba noastr\u0103, acum, s\u0103 \u00eei sprijinim cu tot ce putem \u015fi asta facem.<\/p>\n\n\n\n<p>PSD r\u0103m\u00e2ne al\u0103turi de oamenii simpli, de pensionarii cu venituri mici, de persoanele vulnerabile.<\/p>\n\n\n\n<figure class=\"wp-block-image size-large\"><img loading=\"lazy\" decoding=\"async\" width=\"1024\" height=\"1024\" src=\"https:\/\/giurgiu-net.ro\/wp-content\/uploads\/2025\/09\/26e6d2c5-4a80-44bc-a8ea-531c7f10be5e-1024x1024.jpeg\" alt=\"26e6d2c5 4a80 44bc a8ea 531c7f10be5e\" class=\"wp-image-92616\" srcset=\"https:\/\/giurgiu-net.ro\/wp-content\/uploads\/2025\/09\/26e6d2c5-4a80-44bc-a8ea-531c7f10be5e-1024x1024.jpeg 1024w, https:\/\/giurgiu-net.ro\/wp-content\/uploads\/2025\/09\/26e6d2c5-4a80-44bc-a8ea-531c7f10be5e-300x300.jpeg 300w, https:\/\/giurgiu-net.ro\/wp-content\/uploads\/2025\/09\/26e6d2c5-4a80-44bc-a8ea-531c7f10be5e-150x150.jpeg 150w, https:\/\/giurgiu-net.ro\/wp-content\/uploads\/2025\/09\/26e6d2c5-4a80-44bc-a8ea-531c7f10be5e-768x767.jpeg 768w, https:\/\/giurgiu-net.ro\/wp-content\/uploads\/2025\/09\/26e6d2c5-4a80-44bc-a8ea-531c7f10be5e-696x695.jpeg 696w, https:\/\/giurgiu-net.ro\/wp-content\/uploads\/2025\/09\/26e6d2c5-4a80-44bc-a8ea-531c7f10be5e-1068x1067.jpeg 1068w, https:\/\/giurgiu-net.ro\/wp-content\/uploads\/2025\/09\/26e6d2c5-4a80-44bc-a8ea-531c7f10be5e.jpeg 1201w\" sizes=\"auto, (max-width: 1024px) 100vw, 1024px\" \/><\/figure>\n\n\n\n<p>Dup\u0103 ce am reu\u015fit s\u0103 impunem men\u0163inerea m\u0103surii privind plafonarea adaosului la alimentele de baz\u0103, avem o nou\u0103 veste bun\u0103. Peste 2.750.000 de v\u00e2rstnici &#8211; a c\u0103ror pensie este sub valoarea salariului minim net de 2.574 de lei &#8211; &nbsp;vor primi a doua tran\u015f\u0103 a sprijinului \u00een valoare de 400 de lei.<\/p>\n\n\n\n<p>Prin m\u0103sura adoptat\u0103 de Guvernul Ciolacu, primii bani i-au primit \u00een aprilie, iar cea de-a doua tran\u015f\u0103 va ajunge la pensionari \u00een luna decembrie.<\/p>\n\n\n\n<p>Este evident c\u0103, dac\u0103 PSD nu ar fi fost prezent \u00een aceast\u0103 guvernare, lucrurile ar fi fost dezastruoase.<\/p>\n\n\n\n<p>Suntem aici pentru fiecare rom\u00e2n, pentru c\u0103 noi \u00een\u0163elegem c\u0103 oamenii nu sunt doar ni\u015fte cifre pe h\u00e2rtie!<\/p>\n","protected":false},"excerpt":{"rendered":"<p>P\u0103rin\u0163ilor \u015fi bunicilor no\u015ftri le dator\u0103m totul. Ei au avut grij\u0103 de noi o via\u0163\u0103 \u00eentreag\u0103, iar acum este r\u00e2ndul nostru s\u0103 ne asigur\u0103m c\u0103 sunt bine. Indiferent c\u00e2t dificil\u0103 este situa\u0163ia economic\u0103 a \u0163\u0103rii, nu exist\u0103 scuze s\u0103 nu g\u0103sim SOLU\u0162II pentru ca ei s\u0103 \u00ee\u015fi asigure traiul de zi cu zi. Asta este [&hellip;]<\/p>\n","protected":false},"author":1,"featured_media":92617,"comment_status":"open","ping_status":"open","sticky":false,"template":"","format":"standard","meta":{"slim_seo":{"title":"Deputat Marian Mina: \"Peste 2.750.000 de v\u00e2rstnici vor primi a doua tran\u015f\u0103 a sprijinului \u00een valoare de 400 de lei!\" - GIURGIU NET","description":"P\u0103rin\u0163ilor \u015fi bunicilor no\u015ftri le dator\u0103m totul. Ei au avut grij\u0103 de noi o via\u0163\u0103 \u00eentreag\u0103, iar acum este r\u00e2ndul nostru s\u0103 ne asigur\u0103m c\u0103 sunt bine. Indiferent c"},"footnotes":""},"categories":[18,25,26],"tags":[1626],"class_list":{"0":"post-92615","1":"post","2":"type-post","3":"status-publish","4":"format-standard","5":"has-post-thumbnail","7":"category-actual","8":"category-pol","9":"category-soc","10":"tag-marian-mina"},"_links":{"self":[{"href":"https:\/\/giurgiu-net.ro\/index.php\/wp-json\/wp\/v2\/posts\/92615","targetHints":{"allow":["GET"]}}],"collection":[{"href":"https:\/\/giurgiu-net.ro\/index.php\/wp-json\/wp\/v2\/posts"}],"about":[{"href":"https:\/\/giurgiu-net.ro\/index.php\/wp-json\/wp\/v2\/types\/post"}],"author":[{"embeddable":true,"href":"https:\/\/giurgiu-net.ro\/index.php\/wp-json\/wp\/v2\/users\/1"}],"replies":[{"embeddable":true,"href":"https:\/\/giurgiu-net.ro\/index.php\/wp-json\/wp\/v2\/comments?post=92615"}],"version-history":[{"count":0,"href":"https:\/\/giurgiu-net.ro\/index.php\/wp-json\/wp\/v2\/posts\/92615\/revisions"}],"wp:featuredmedia":[{"embeddable":true,"href":"https:\/\/giurgiu-net.ro\/index.php\/wp-json\/wp\/v2\/media\/92617"}],"wp:attachment":[{"href":"https:\/\/giurgiu-net.ro\/index.php\/wp-json\/wp\/v2\/media?parent=92615"}],"wp:term":[{"taxonomy":"category","embeddable":true,"href":"https:\/\/giurgiu-net.ro\/index.php\/wp-json\/wp\/v2\/categories?post=92615"},{"taxonomy":"post_tag","embeddable":true,"href":"https:\/\/giurgiu-net.ro\/index.php\/wp-json\/wp\/v2\/tags?post=92615"}],"curies":[{"name":"wp","href":"https:\/\/api.w.org\/{rel}","templated":true}]}}