{"id":92584,"date":"2025-09-29T07:35:00","date_gmt":"2025-09-29T04:35:00","guid":{"rendered":"https:\/\/giurgiu-net.ro\/?p=92584"},"modified":"2025-09-29T09:36:34","modified_gmt":"2025-09-29T06:36:34","slug":"un-tanar-de-27-de-ani-din-roata-de-jos-pus-sub-control-judiciar-dupa-ce-si-ar-fi-amenintat-fosta-iubita-cu-un-pistol","status":"publish","type":"post","link":"https:\/\/giurgiu-net.ro\/index.php\/2025\/09\/29\/un-tanar-de-27-de-ani-din-roata-de-jos-pus-sub-control-judiciar-dupa-ce-si-ar-fi-amenintat-fosta-iubita-cu-un-pistol\/","title":{"rendered":"Un t\u00e2n\u0103r de 27 de ani din Roata de Jos, pus sub control judiciar, dup\u0103 ce \u015fi-ar fi amenin\u0163at fosta iubit\u0103 cu un pistol"},"content":{"rendered":"\n<p>O t\u00e2n\u0103r\u0103 de 25 de ani din Cartojani a sunat la Poli\u0163ie, dup\u0103 ce fostul iubit ar fi amenin\u0163at-o cu un pistol. S-a \u00eent\u00e2mplat pe 25 septembrie iar oamenii legii anun\u0163\u0103 c\u0103 t\u00e2n\u0103rul, \u00een v\u00e2rst\u0103 de 27 de ani, din Roata de Jos, a fost pus sub control judiciar pentru 60 de zile.<\/p>\n\n\n\n<p>\u201cDin primele cercet\u0103ri, a reie\u0219it faptul c\u0103, apelanta, \u00een timp ce conducea un autoturism, \u00een localitatea Roata de Jos, l-ar fi observat pe fostul s\u0103u iubit, un t\u00e2n\u0103r, de 27 de ani, din aceia\u0219i localitate, \u00een timp ce conducea o motociclet\u0103, moment \u00een care ar fi scos un pistol \u0219i ar fi amenin\u021bat-o cu moartea.<\/p>\n\n\n\n<p>La scurt timp, t\u00e2n\u0103rul a fost identificat, iar \u00een urma verific\u0103rilor efectuate, a reie\u0219it faptul c\u0103 acesta nu de\u021binea permis de conducere pentru nicio categorie de vehicule.<\/p>\n\n\n\n<p>De asemenea, asupra sa a fost descoperit un pistol, tip airsoft, fiind indisponibilizat de c\u0103tre poli\u021bi\u0219ti.<\/p>\n\n\n\n<p>Totodat\u0103, conduc\u0103torul motocicletei a fost testat cu aparatul etilotest, care a indicat valoarea de 0,58 mg\/l alcool pur \u00een aerul expirat, motiv pentru care a fost transportat la spital, pentru recoltarea probelor biologice de s\u00e2nge, \u00een vederea stabilirii alcoolemiei\u201d, a anun\u0163at Poli\u0163ia Giurgiu.<\/p>\n\n\n\n<p>Conform sursei citate, a fost \u00eentocmit un dosar penal, \u00een care se efectueaz\u0103 cercet\u0103ri sub aspectul s\u0103v\u00e2r\u0219irii infrac\u021biunilor de amenin\u021bare, conducerea unui vehicul f\u0103r\u0103 a poseda permis de conducere \u0219i conducerea unui vehicul sub influen\u021ba b\u0103uturilor alcoolice.<\/p>\n\n\n\n<p>\u201cLa data de 26 septembrie a.c., pe baza probatoriului administrat, sub coordonarea procurorului de caz din cadrul Parchetului de pe l\u00e2ng\u0103 Judec\u0103toria Bolintin-Vale, t\u00e2n\u0103rul b\u0103nuit de s\u0103v\u00e2r\u0219irea infrac\u021biunilor, a fost re\u021binut, pentru 24 de ore.<\/p>\n\n\n\n<p>La aceea\u0219i dat\u0103, unitatea de parchet competent\u0103 a dispus, fa\u021b\u0103 de acesta, m\u0103sura controlului judiciar, pentru 60 de zile\u201d, au mai anun\u0163at oamenii legii giurgiuveni.<\/p>\n\n\n\n<p>Foto cu scop ilustrativ, surs\u0103: Cuv\u00e2ntul Libert\u0103\u0163ii<\/p>\n","protected":false},"excerpt":{"rendered":"<p>O t\u00e2n\u0103r\u0103 de 25 de ani din Cartojani a sunat la Poli\u0163ie, dup\u0103 ce fostul iubit ar fi amenin\u0163at-o cu un pistol. S-a \u00eent\u00e2mplat pe 25 septembrie iar oamenii legii anun\u0163\u0103 c\u0103 t\u00e2n\u0103rul, \u00een v\u00e2rst\u0103 de 27 de ani, din Roata de Jos, a fost pus sub control judiciar pentru 60 de zile. \u201cDin primele [&hellip;]<\/p>\n","protected":false},"author":1,"featured_media":92585,"comment_status":"open","ping_status":"open","sticky":false,"template":"","format":"standard","meta":{"slim_seo":{"title":"Un t\u00e2n\u0103r de 27 de ani din Roata de Jos, pus sub control judiciar, dup\u0103 ce \u015fi-ar fi amenin\u0163at fosta iubit\u0103 cu un pistol - GIURGIU NET","description":"O t\u00e2n\u0103r\u0103 de 25 de ani din Cartojani a sunat la Poli\u0163ie, dup\u0103 ce fostul iubit ar fi amenin\u0163at-o cu un pistol. S-a \u00eent\u00e2mplat pe 25 septembrie iar oamenii legii an"},"footnotes":""},"categories":[18,26],"tags":[],"class_list":{"0":"post-92584","1":"post","2":"type-post","3":"status-publish","4":"format-standard","5":"has-post-thumbnail","7":"category-actual","8":"category-soc"},"_links":{"self":[{"href":"https:\/\/giurgiu-net.ro\/index.php\/wp-json\/wp\/v2\/posts\/92584","targetHints":{"allow":["GET"]}}],"collection":[{"href":"https:\/\/giurgiu-net.ro\/index.php\/wp-json\/wp\/v2\/posts"}],"about":[{"href":"https:\/\/giurgiu-net.ro\/index.php\/wp-json\/wp\/v2\/types\/post"}],"author":[{"embeddable":true,"href":"https:\/\/giurgiu-net.ro\/index.php\/wp-json\/wp\/v2\/users\/1"}],"replies":[{"embeddable":true,"href":"https:\/\/giurgiu-net.ro\/index.php\/wp-json\/wp\/v2\/comments?post=92584"}],"version-history":[{"count":0,"href":"https:\/\/giurgiu-net.ro\/index.php\/wp-json\/wp\/v2\/posts\/92584\/revisions"}],"wp:featuredmedia":[{"embeddable":true,"href":"https:\/\/giurgiu-net.ro\/index.php\/wp-json\/wp\/v2\/media\/92585"}],"wp:attachment":[{"href":"https:\/\/giurgiu-net.ro\/index.php\/wp-json\/wp\/v2\/media?parent=92584"}],"wp:term":[{"taxonomy":"category","embeddable":true,"href":"https:\/\/giurgiu-net.ro\/index.php\/wp-json\/wp\/v2\/categories?post=92584"},{"taxonomy":"post_tag","embeddable":true,"href":"https:\/\/giurgiu-net.ro\/index.php\/wp-json\/wp\/v2\/tags?post=92584"}],"curies":[{"name":"wp","href":"https:\/\/api.w.org\/{rel}","templated":true}]}}