{"id":92574,"date":"2025-09-26T12:06:40","date_gmt":"2025-09-26T09:06:40","guid":{"rendered":"https:\/\/giurgiu-net.ro\/?p=92574"},"modified":"2025-09-26T12:06:41","modified_gmt":"2025-09-26T09:06:41","slug":"deputatul-marian-mina-despre-usr-noroc-ca-sunt-oameni-mari-cu-voi-in-coalitie-la-guvernare-care-sa-asigure-functionarea-tarii-ca-sa-n-ajungem-sa-traim-doar-cu-apa-si-prezervative","status":"publish","type":"post","link":"https:\/\/giurgiu-net.ro\/index.php\/2025\/09\/26\/deputatul-marian-mina-despre-usr-noroc-ca-sunt-oameni-mari-cu-voi-in-coalitie-la-guvernare-care-sa-asigure-functionarea-tarii-ca-sa-n-ajungem-sa-traim-doar-cu-apa-si-prezervative\/","title":{"rendered":"Deputatul Marian Mina, despre USR: &#8222;Noroc c\u0103 sunt oameni mari cu voi \u00een coali\u0163ie, la guvernare, care s\u0103 asigure func\u0163ionarea \u0163\u0103rii, ca s\u0103 n-ajungem s\u0103 tr\u0103im doar cu ap\u0103 \u015fi prezervative!&#8221;"},"content":{"rendered":"\n<p>&#8222;Prezervativul, apa \u015fi dubla m\u0103sur\u0103 a b\u0103ie\u0163ilor necalifica\u0163i din USR<\/p>\n\n\n\n<p>Cei mai vehemen\u0163i opozan\u0163i c\u00e2nd a venit vorba despre men\u0163inerea unui pre\u0163 sc\u0103zut la alimentele de baz\u0103 au fost demagogii de la USR care s-au trezit, acum, c\u0103 vor ni\u015fte aplauze de la popula\u0163ie. Dup\u0103 ce au cerut sc\u0103derea TVA DOAR la prezervative, le-a venit ideea s\u0103 propun\u0103 \u015fi plafonarea pre\u0163ului la ap\u0103 \u00een g\u0103ri \u015fi aeroporturi. Foarte frumos, suntem de acord, dar un pic de ru\u015fine nu v\u0103 este \u015fi vou\u0103?<\/p>\n\n\n\n<p>A\u0163i ar\u0103tat cu degetul c\u0103tre m\u0103sura PSD privind men\u0163inerea plafon\u0103rii adaosului la alimentele de baz\u0103 \u015fi a\u0163i \u0163ipat c\u0103 e una de \u201etip comunist, c\u0103 distorsioneaz\u0103 pia\u021ba \u0219i afecteaz\u0103 libera concuren\u021b\u0103\u201d. Ideea cu apa din g\u0103ri \u015fi aeroporturi, \u00eens\u0103, ce s\u0103 vezi, e una de \u201etip european\u201d \u015fi merit\u0103 premiat\u0103.<\/p>\n\n\n\n<p>V\u0103 rog eu, mai be\u0163i ni\u015fte ap\u0103, b\u0103ie\u0163i, c\u0103 p\u0103re\u0163i deshidrata\u0163i \u015fi spune\u0163i \u015fi face\u0163i numai prostii!<\/p>\n\n\n\n<p>Demagogie, dubl\u0103 m\u0103sur\u0103 \u015fi o minte mult prea odihnit\u0103. C\u00e2nd e\u015fti la guvernare, USR-i\u015fti, trebuie s\u0103 te ba\u0163i pentru binele tuturor rom\u00e2nilor, nu doar pentru buzunarele prietenilor care \u015fi-a\u015fa au bani mul\u0163i.<\/p>\n\n\n\n<p>Noroc c\u0103 sunt oameni mari cu voi \u00een coali\u0163ie, la guvernare, care s\u0103 asigure func\u0163ionarea \u0163\u0103rii, ca s\u0103 n-ajungem s\u0103 tr\u0103im doar cu ap\u0103 \u015fi prezervative&#8221; -pre\u015fedinte PSD Giurgiu, deputat Marian Mina.<\/p>\n","protected":false},"excerpt":{"rendered":"<p>&#8222;Prezervativul, apa \u015fi dubla m\u0103sur\u0103 a b\u0103ie\u0163ilor necalifica\u0163i din USR Cei mai vehemen\u0163i opozan\u0163i c\u00e2nd a venit vorba despre men\u0163inerea unui pre\u0163 sc\u0103zut la alimentele de baz\u0103 au fost demagogii de la USR care s-au trezit, acum, c\u0103 vor ni\u015fte aplauze de la popula\u0163ie. Dup\u0103 ce au cerut sc\u0103derea TVA DOAR la prezervative, le-a venit [&hellip;]<\/p>\n","protected":false},"author":1,"featured_media":88331,"comment_status":"open","ping_status":"open","sticky":false,"template":"","format":"standard","meta":{"slim_seo":{"title":"Deputatul Marian Mina, despre USR: \"Noroc c\u0103 sunt oameni mari cu voi \u00een coali\u0163ie, la guvernare, care s\u0103 asigure func\u0163ionarea \u0163\u0103rii, ca s\u0103 n-ajungem s\u0103 tr\u0103im doar cu ap\u0103 \u015fi prezervative!\" - GIURGIU NET","description":"\"Prezervativul, apa \u015fi dubla m\u0103sur\u0103 a b\u0103ie\u0163ilor necalifica\u0163i din USR Cei mai vehemen\u0163i opozan\u0163i c\u00e2nd a venit vorba despre men\u0163inerea unui pre\u0163 sc\u0103zut la aliment"},"footnotes":""},"categories":[18,19,25],"tags":[1626],"class_list":{"0":"post-92574","1":"post","2":"type-post","3":"status-publish","4":"format-standard","5":"has-post-thumbnail","7":"category-actual","8":"category-adm","9":"category-pol","10":"tag-marian-mina"},"_links":{"self":[{"href":"https:\/\/giurgiu-net.ro\/index.php\/wp-json\/wp\/v2\/posts\/92574","targetHints":{"allow":["GET"]}}],"collection":[{"href":"https:\/\/giurgiu-net.ro\/index.php\/wp-json\/wp\/v2\/posts"}],"about":[{"href":"https:\/\/giurgiu-net.ro\/index.php\/wp-json\/wp\/v2\/types\/post"}],"author":[{"embeddable":true,"href":"https:\/\/giurgiu-net.ro\/index.php\/wp-json\/wp\/v2\/users\/1"}],"replies":[{"embeddable":true,"href":"https:\/\/giurgiu-net.ro\/index.php\/wp-json\/wp\/v2\/comments?post=92574"}],"version-history":[{"count":0,"href":"https:\/\/giurgiu-net.ro\/index.php\/wp-json\/wp\/v2\/posts\/92574\/revisions"}],"wp:featuredmedia":[{"embeddable":true,"href":"https:\/\/giurgiu-net.ro\/index.php\/wp-json\/wp\/v2\/media\/88331"}],"wp:attachment":[{"href":"https:\/\/giurgiu-net.ro\/index.php\/wp-json\/wp\/v2\/media?parent=92574"}],"wp:term":[{"taxonomy":"category","embeddable":true,"href":"https:\/\/giurgiu-net.ro\/index.php\/wp-json\/wp\/v2\/categories?post=92574"},{"taxonomy":"post_tag","embeddable":true,"href":"https:\/\/giurgiu-net.ro\/index.php\/wp-json\/wp\/v2\/tags?post=92574"}],"curies":[{"name":"wp","href":"https:\/\/api.w.org\/{rel}","templated":true}]}}