{"id":92565,"date":"2025-09-26T09:42:42","date_gmt":"2025-09-26T06:42:42","guid":{"rendered":"https:\/\/giurgiu-net.ro\/?p=92565"},"modified":"2025-09-26T09:42:43","modified_gmt":"2025-09-26T06:42:43","slug":"giurgiu-doi-tineri-de-23-de-ani-si-doua-fete-de-15-respectiv-16-ani-au-ajuns-la-spital-in-urma-unui-accident-rutier","status":"publish","type":"post","link":"https:\/\/giurgiu-net.ro\/index.php\/2025\/09\/26\/giurgiu-doi-tineri-de-23-de-ani-si-doua-fete-de-15-respectiv-16-ani-au-ajuns-la-spital-in-urma-unui-accident-rutier\/","title":{"rendered":"GIURGIU: Doi tineri de 23 de ani \u015fi dou\u0103 fete de 15, respectiv 16 ani au ajuns la spital, \u00een urma unui accident rutier"},"content":{"rendered":"\n<p>Cinci persoane au avut nevoie de \u00eengrijiri medicale \u00een urma unui accident rutier ce s-a produs, azi-noapte, \u00een localitatea Br\u0103ni\u0219tari. \u00cen eveniment a fost implicat un singur autoturism.<\/p>\n\n\n\n<p>La fa\u021ba locului s-au deplasat pompierii din cadrul Punctului de Lucru C\u0103lug\u0103reni \u0219i Sta\u021biei Coliba\u0219i, cu o autospecial\u0103 de stingere, o ambulan\u021b\u0103 SMURD \u0219i patru din cadrul Serviciului Jude\u021bean de Ambulan\u021b\u0103.<\/p>\n\n\n\n<p>Pompierii au g\u0103sit autoturismul r\u0103sturnat pe partea carosabil\u0103.<\/p>\n\n\n\n<figure class=\"wp-block-gallery has-nested-images columns-2 is-cropped wp-block-gallery-1 is-layout-flex wp-block-gallery-is-layout-flex\">\n<figure class=\"wp-block-image size-large\"><img loading=\"lazy\" decoding=\"async\" width=\"768\" height=\"1024\" data-id=\"92566\" src=\"https:\/\/giurgiu-net.ro\/wp-content\/uploads\/2025\/09\/418054fa-c70a-4591-99c8-9dba104bc015.jpg\" alt=\"418054fa c70a 4591 99c8 9dba104bc015\" class=\"wp-image-92566\" srcset=\"https:\/\/giurgiu-net.ro\/wp-content\/uploads\/2025\/09\/418054fa-c70a-4591-99c8-9dba104bc015.jpg 768w, https:\/\/giurgiu-net.ro\/wp-content\/uploads\/2025\/09\/418054fa-c70a-4591-99c8-9dba104bc015-225x300.jpg 225w, https:\/\/giurgiu-net.ro\/wp-content\/uploads\/2025\/09\/418054fa-c70a-4591-99c8-9dba104bc015-696x928.jpg 696w\" sizes=\"auto, (max-width: 768px) 100vw, 768px\" \/><\/figure>\n\n\n\n<figure class=\"wp-block-image size-large\"><img loading=\"lazy\" decoding=\"async\" width=\"768\" height=\"1024\" data-id=\"92567\" src=\"https:\/\/giurgiu-net.ro\/wp-content\/uploads\/2025\/09\/b7e76ff2-a3d1-40a4-8aa2-2eef88e5c94a.jpg\" alt=\"B7e76ff2 a3d1 40a4 8aa2 2eef88e5c94a\" class=\"wp-image-92567\" srcset=\"https:\/\/giurgiu-net.ro\/wp-content\/uploads\/2025\/09\/b7e76ff2-a3d1-40a4-8aa2-2eef88e5c94a.jpg 768w, https:\/\/giurgiu-net.ro\/wp-content\/uploads\/2025\/09\/b7e76ff2-a3d1-40a4-8aa2-2eef88e5c94a-225x300.jpg 225w, https:\/\/giurgiu-net.ro\/wp-content\/uploads\/2025\/09\/b7e76ff2-a3d1-40a4-8aa2-2eef88e5c94a-696x928.jpg 696w\" sizes=\"auto, (max-width: 768px) 100vw, 768px\" \/><\/figure>\n\n\n\n<figure class=\"wp-block-image size-large\"><img loading=\"lazy\" decoding=\"async\" width=\"768\" height=\"1024\" data-id=\"92568\" src=\"https:\/\/giurgiu-net.ro\/wp-content\/uploads\/2025\/09\/b20d721d-9fb7-4f3a-928c-312e7b539e52.jpg\" alt=\"B20d721d 9fb7 4f3a 928c 312e7b539e52\" class=\"wp-image-92568\" srcset=\"https:\/\/giurgiu-net.ro\/wp-content\/uploads\/2025\/09\/b20d721d-9fb7-4f3a-928c-312e7b539e52.jpg 768w, https:\/\/giurgiu-net.ro\/wp-content\/uploads\/2025\/09\/b20d721d-9fb7-4f3a-928c-312e7b539e52-225x300.jpg 225w, https:\/\/giurgiu-net.ro\/wp-content\/uploads\/2025\/09\/b20d721d-9fb7-4f3a-928c-312e7b539e52-696x928.jpg 696w\" sizes=\"auto, (max-width: 768px) 100vw, 768px\" \/><\/figure>\n<\/figure>\n\n\n\n<p>Echipajele medicale au preluat persoanele r\u0103nite &#8211; doi b\u0103rba\u021bi \u00een v\u00e2rst\u0103 de 23 de ani \u0219i trei adolescente de 15 \u0219i 16 ani \u0219i le-au transportat la spitale din capital\u0103.<\/p>\n\n\n\n<p>Pompierii au asigurat m\u0103surile de prevenire a incendiilor, iar cazul a r\u0103mas \u00een aten\u021bia Poli\u021biei pentru cercet\u0103ri.<\/p>\n\n\n\n<p>Comunicat \u015fi foto: ISU Giurgiu<\/p>\n","protected":false},"excerpt":{"rendered":"<p>Cinci persoane au avut nevoie de \u00eengrijiri medicale \u00een urma unui accident rutier ce s-a produs, azi-noapte, \u00een localitatea Br\u0103ni\u0219tari. \u00cen eveniment a fost implicat un singur autoturism. La fa\u021ba locului s-au deplasat pompierii din cadrul Punctului de Lucru C\u0103lug\u0103reni \u0219i Sta\u021biei Coliba\u0219i, cu o autospecial\u0103 de stingere, o ambulan\u021b\u0103 SMURD \u0219i patru din cadrul [&hellip;]<\/p>\n","protected":false},"author":1,"featured_media":92568,"comment_status":"open","ping_status":"open","sticky":false,"template":"","format":"standard","meta":{"slim_seo":{"title":"GIURGIU: Doi tineri de 23 de ani \u015fi dou\u0103 fete de 15, respectiv 16 ani au ajuns la spital, \u00een urma unui accident rutier - GIURGIU NET","description":"Cinci persoane au avut nevoie de \u00eengrijiri medicale \u00een urma unui accident rutier ce s-a produs, azi-noapte, \u00een localitatea Br\u0103ni\u0219tari. \u00cen eveniment a fost impli"},"footnotes":""},"categories":[18,26],"tags":[1452],"class_list":{"0":"post-92565","1":"post","2":"type-post","3":"status-publish","4":"format-standard","5":"has-post-thumbnail","7":"category-actual","8":"category-soc","9":"tag-isu-giurgiu"},"_links":{"self":[{"href":"https:\/\/giurgiu-net.ro\/index.php\/wp-json\/wp\/v2\/posts\/92565","targetHints":{"allow":["GET"]}}],"collection":[{"href":"https:\/\/giurgiu-net.ro\/index.php\/wp-json\/wp\/v2\/posts"}],"about":[{"href":"https:\/\/giurgiu-net.ro\/index.php\/wp-json\/wp\/v2\/types\/post"}],"author":[{"embeddable":true,"href":"https:\/\/giurgiu-net.ro\/index.php\/wp-json\/wp\/v2\/users\/1"}],"replies":[{"embeddable":true,"href":"https:\/\/giurgiu-net.ro\/index.php\/wp-json\/wp\/v2\/comments?post=92565"}],"version-history":[{"count":0,"href":"https:\/\/giurgiu-net.ro\/index.php\/wp-json\/wp\/v2\/posts\/92565\/revisions"}],"wp:featuredmedia":[{"embeddable":true,"href":"https:\/\/giurgiu-net.ro\/index.php\/wp-json\/wp\/v2\/media\/92568"}],"wp:attachment":[{"href":"https:\/\/giurgiu-net.ro\/index.php\/wp-json\/wp\/v2\/media?parent=92565"}],"wp:term":[{"taxonomy":"category","embeddable":true,"href":"https:\/\/giurgiu-net.ro\/index.php\/wp-json\/wp\/v2\/categories?post=92565"},{"taxonomy":"post_tag","embeddable":true,"href":"https:\/\/giurgiu-net.ro\/index.php\/wp-json\/wp\/v2\/tags?post=92565"}],"curies":[{"name":"wp","href":"https:\/\/api.w.org\/{rel}","templated":true}]}}