{"id":92561,"date":"2025-09-24T10:11:18","date_gmt":"2025-09-24T07:11:18","guid":{"rendered":"https:\/\/giurgiu-net.ro\/?p=92561"},"modified":"2025-09-24T10:11:19","modified_gmt":"2025-09-24T07:11:19","slug":"deputat-marian-mina-prelungirea-plafonarii-adaosului-comercial-la-alimentele-de-baza-nu-este-un-moft-ci-vine-ca-o-gura-de-aer-pentru-milioane-de-familii","status":"publish","type":"post","link":"https:\/\/giurgiu-net.ro\/index.php\/2025\/09\/24\/deputat-marian-mina-prelungirea-plafonarii-adaosului-comercial-la-alimentele-de-baza-nu-este-un-moft-ci-vine-ca-o-gura-de-aer-pentru-milioane-de-familii\/","title":{"rendered":"Deputat Marian Mina: &#8222;Prelungirea plafon\u0103rii adaosului comercial la alimentele de baz\u0103 nu este un moft, ci vine ca o gur\u0103 de aer pentru milioane de familii&#8221;"},"content":{"rendered":"\n<p>&#8222;Ast\u0103zi, am ar\u0103tat, din nou, c\u0103 #PSD NU CEDEAZ\u0102 \u015fi alege s\u0103 protejeze OAMENII, nu cifrele de pe h\u00e2rtie.<br>\u00cen aceste vremuri, c\u00e2nd pre\u0163urile cresc de la o zi la alta, trebuie s\u0103 protej\u0103m puterea de cump\u0103rare a celor cu venituri mici \u0219i medii.<br>Prelungirea plafon\u0103rii adaosului comercial la alimentele de baz\u0103 nu este un moft, ci vine ca o gur\u0103 de aer pentru milioane de familii.<br>Astfel, rom\u00e2nii vor avea, \u00een continuare, acces la 17 alimente de baz\u0103 la pre\u021buri mai mici.<br>Oare cum pot dormi noaptea aceia care au g\u0103sit tot felul de motive pentru a nu mai prelungi plafonarea? Chiar nu conteaz\u0103 pentru ei c\u0103 oprirea acestei m\u0103suri ar fi \u00eensemnat aruncarea a peste un milion de rom\u00e2ni \u00een risc de s\u0103r\u0103cie?!<br>PSD demonstreaz\u0103, din nou, c\u0103 pune pe primul loc via\u021ba rom\u00e2nilor, siguran\u021ba copiilor, a p\u0103rin\u021bilor lor \u0219i lini\u0219tea bunicilor.<br>Asta \u00eenseamn\u0103 s\u0103 guvernezi pentru rom\u00e2ni, nu s\u0103 faci \u201ceconomie\u201d doar pe spatele celor pentru care fiecare ban conteaz\u0103!&#8221; &#8211; pre\u015fedinte PSD Giurgiu, deputat Marian Mina.<\/p>\n","protected":false},"excerpt":{"rendered":"<p>&#8222;Ast\u0103zi, am ar\u0103tat, din nou, c\u0103 #PSD NU CEDEAZ\u0102 \u015fi alege s\u0103 protejeze OAMENII, nu cifrele de pe h\u00e2rtie.\u00cen aceste vremuri, c\u00e2nd pre\u0163urile cresc de la o zi la alta, trebuie s\u0103 protej\u0103m puterea de cump\u0103rare a celor cu venituri mici \u0219i medii.Prelungirea plafon\u0103rii adaosului comercial la alimentele de baz\u0103 nu este un moft, ci [&hellip;]<\/p>\n","protected":false},"author":1,"featured_media":92562,"comment_status":"open","ping_status":"open","sticky":false,"template":"","format":"standard","meta":{"slim_seo":{"title":"Deputat Marian Mina: \"Prelungirea plafon\u0103rii adaosului comercial la alimentele de baz\u0103 nu este un moft, ci vine ca o gur\u0103 de aer pentru milioane de familii\" - GIURGIU NET","description":"\"Ast\u0103zi, am ar\u0103tat, din nou, c\u0103 #PSD NU CEDEAZ\u0102 \u015fi alege s\u0103 protejeze OAMENII, nu cifrele de pe h\u00e2rtie. \u00cen aceste vremuri, c\u00e2nd pre\u0163urile cresc de la o zi la al"},"footnotes":""},"categories":[18,19,25,26],"tags":[1626],"class_list":{"0":"post-92561","1":"post","2":"type-post","3":"status-publish","4":"format-standard","5":"has-post-thumbnail","7":"category-actual","8":"category-adm","9":"category-pol","10":"category-soc","11":"tag-marian-mina"},"_links":{"self":[{"href":"https:\/\/giurgiu-net.ro\/index.php\/wp-json\/wp\/v2\/posts\/92561","targetHints":{"allow":["GET"]}}],"collection":[{"href":"https:\/\/giurgiu-net.ro\/index.php\/wp-json\/wp\/v2\/posts"}],"about":[{"href":"https:\/\/giurgiu-net.ro\/index.php\/wp-json\/wp\/v2\/types\/post"}],"author":[{"embeddable":true,"href":"https:\/\/giurgiu-net.ro\/index.php\/wp-json\/wp\/v2\/users\/1"}],"replies":[{"embeddable":true,"href":"https:\/\/giurgiu-net.ro\/index.php\/wp-json\/wp\/v2\/comments?post=92561"}],"version-history":[{"count":0,"href":"https:\/\/giurgiu-net.ro\/index.php\/wp-json\/wp\/v2\/posts\/92561\/revisions"}],"wp:featuredmedia":[{"embeddable":true,"href":"https:\/\/giurgiu-net.ro\/index.php\/wp-json\/wp\/v2\/media\/92562"}],"wp:attachment":[{"href":"https:\/\/giurgiu-net.ro\/index.php\/wp-json\/wp\/v2\/media?parent=92561"}],"wp:term":[{"taxonomy":"category","embeddable":true,"href":"https:\/\/giurgiu-net.ro\/index.php\/wp-json\/wp\/v2\/categories?post=92561"},{"taxonomy":"post_tag","embeddable":true,"href":"https:\/\/giurgiu-net.ro\/index.php\/wp-json\/wp\/v2\/tags?post=92561"}],"curies":[{"name":"wp","href":"https:\/\/api.w.org\/{rel}","templated":true}]}}