{"id":92552,"date":"2025-09-23T15:41:48","date_gmt":"2025-09-23T12:41:48","guid":{"rendered":"https:\/\/giurgiu-net.ro\/?p=92552"},"modified":"2025-09-23T15:41:49","modified_gmt":"2025-09-23T12:41:49","slug":"deputat-marian-mina-educatia-copiilor-nostri-este-mai-mult-decat-o-prioritate-este-temelia-pentru-viitorul-romaniei","status":"publish","type":"post","link":"https:\/\/giurgiu-net.ro\/index.php\/2025\/09\/23\/deputat-marian-mina-educatia-copiilor-nostri-este-mai-mult-decat-o-prioritate-este-temelia-pentru-viitorul-romaniei\/","title":{"rendered":"Deputat Marian Mina: &#8222;Educa\u021bia copiilor no\u0219tri este mai mult dec\u00e2t o prioritate, este temelia pentru viitorul Rom\u00e2niei!&#8221;"},"content":{"rendered":"\n<p>&#8222;<strong>Educa\u021bia copiilor no\u0219tri este mai mult dec\u00e2t o prioritate, este temelia pentru viitorul Rom\u00e2niei!<\/strong> <strong>Nu are nimeni niciun drept s\u0103 sacrifice acest domeniu vital, doar pentru c\u0103 cineva se gr\u0103be\u015fte s\u0103 ia decizii f\u0103r\u0103 vreo analiz\u0103 profund\u0103 \u015fi f\u0103r\u0103 s\u0103 \u0163in\u0103 cont de impactul real pe care reformele f\u0103cute pe genunchi \u00eel au asupra oamenilor.<\/strong><\/p>\n\n\n\n<p>Am v\u0103zut ce se \u00eent\u00e2mpl\u0103 c\u00e2nd tai f\u0103r\u0103 s\u0103 m\u0103sori: haos \u015fi \u00een \u00eenv\u0103\u0163\u0103m\u00e2nt, la \u00eenceput de an \u015fcolar, cu mii de ore<strong> <\/strong>neacoperite, cu dasc\u0103li nedrept\u0103\u0163i\u0163i \u015fi cu elevi care pierd din r\u0103bdare, dar \u0219i din cunoa\u0219tere.<\/p>\n\n\n\n<p>Din p\u0103cate, am ajuns aici pentru c\u0103 astfel de decizii NU au fost discutate cu bun\u0103 credin\u021b\u0103 \u00een Coali\u021bie.<\/p>\n\n\n\n<p><strong>PSD ar fi propus solu\u021bii pentru evitarea haosului din prezent. V<\/strong>om repara, \u00eens\u0103, prin amendamente depuse \u00een Parlament, gre\u015felile ministrului PNL al Educa\u0163iei care nu a f\u0103cut altceva dec\u00e2t s\u0103 ia ni\u015fte decizii insuficient fundamentate, cu un efect deosebit de grav asupra \u00cenv\u0103\u0163\u0103m\u00e2ntului.<\/p>\n\n\n\n<p>#PSD sus\u0163ine:<\/p>\n\n\n\n<ul class=\"wp-block-list\">\n<li><strong>Revenirea la sistemul anterior de calcul al tarifului pentru plata cu ora pentru orele neacoperite de normele titularilor. Prin modific\u0103rile ministrului PNL, <\/strong>tarifele stabilite au sc\u0103zut de la circa 60-80 de lei\/or\u0103 (\u00een func\u021bie de gradul fiec\u0103rui profesor), la 22-30 de lei\/or\u0103. Ca atare, profesorii nu au mai fost interesa\u021bi s\u0103 preia ore \u00een plus fa\u021b\u0103 de norma lor didactic\u0103, iar multe ore din orarul elevilor au r\u0103mas neacoperite<\/li>\n<\/ul>\n\n\n\n<p><strong>Reintroducerea burselor pentru elevii care ocup\u0103 locurile I, II \u0219i III la olimpiadele interna\u021bionale \u0219i na\u021bionale &#8211; <\/strong>Orice sistem de educa\u021bie s\u0103n\u0103tos prevede recompensarea excelen\u021bei, pentru recunoa\u0219terea meritelor elevilor performan\u021bi.<\/p>\n\n\n\n<p>Le dator\u0103m profesorilor nu doar vorbe frumoase, spuse din c\u00e2nd \u00een c\u00e2nd, ci este nevoie de un ajutor real, prin m\u0103suri clare \u015fi care s\u0103 vin\u0103 \u00een sprijinul sistemului de educa\u0163ie rom\u00e2nesc.<\/p>\n\n\n\n<p>Le dator\u0103m elevilor nu doar \u00eencuraj\u0103ri, la deschiderea anului \u015fcolar, ci trebuie s\u0103 facem tot ceea ce \u0163ine de noi pentru ca ei s\u0103 mearg\u0103 la \u015fcoal\u0103, \u00een cele mai bune condi\u0163ii, ca s\u0103 \u00eenve\u0163e bine \u015fi s\u0103 ajung\u0103 oameni buni, oameni care vor conduce Rom\u00e2nia, la un moment dat, la toate nivelurile&#8221;- pre\u015fedinte PSD Giurgiu, deputat Marian Mina.<\/p>\n","protected":false},"excerpt":{"rendered":"<p>&#8222;Educa\u021bia copiilor no\u0219tri este mai mult dec\u00e2t o prioritate, este temelia pentru viitorul Rom\u00e2niei! Nu are nimeni niciun drept s\u0103 sacrifice acest domeniu vital, doar pentru c\u0103 cineva se gr\u0103be\u015fte s\u0103 ia decizii f\u0103r\u0103 vreo analiz\u0103 profund\u0103 \u015fi f\u0103r\u0103 s\u0103 \u0163in\u0103 cont de impactul real pe care reformele f\u0103cute pe genunchi \u00eel au asupra oamenilor. [&hellip;]<\/p>\n","protected":false},"author":1,"featured_media":92553,"comment_status":"open","ping_status":"open","sticky":false,"template":"","format":"standard","meta":{"slim_seo":{"title":"Deputat Marian Mina: \"Educa\u021bia copiilor no\u0219tri este mai mult dec\u00e2t o prioritate, este temelia pentru viitorul Rom\u00e2niei!\" - GIURGIU NET","description":"\" Educa\u021bia copiilor no\u0219tri este mai mult dec\u00e2t o prioritate, este temelia pentru viitorul Rom\u00e2niei! Nu are nimeni niciun drept s\u0103 sacrifice acest domeniu vital,"},"footnotes":""},"categories":[18,29,25,26],"tags":[1626],"class_list":{"0":"post-92552","1":"post","2":"type-post","3":"status-publish","4":"format-standard","5":"has-post-thumbnail","7":"category-actual","8":"category-educatie-si-cultura","9":"category-pol","10":"category-soc","11":"tag-marian-mina"},"_links":{"self":[{"href":"https:\/\/giurgiu-net.ro\/index.php\/wp-json\/wp\/v2\/posts\/92552","targetHints":{"allow":["GET"]}}],"collection":[{"href":"https:\/\/giurgiu-net.ro\/index.php\/wp-json\/wp\/v2\/posts"}],"about":[{"href":"https:\/\/giurgiu-net.ro\/index.php\/wp-json\/wp\/v2\/types\/post"}],"author":[{"embeddable":true,"href":"https:\/\/giurgiu-net.ro\/index.php\/wp-json\/wp\/v2\/users\/1"}],"replies":[{"embeddable":true,"href":"https:\/\/giurgiu-net.ro\/index.php\/wp-json\/wp\/v2\/comments?post=92552"}],"version-history":[{"count":0,"href":"https:\/\/giurgiu-net.ro\/index.php\/wp-json\/wp\/v2\/posts\/92552\/revisions"}],"wp:featuredmedia":[{"embeddable":true,"href":"https:\/\/giurgiu-net.ro\/index.php\/wp-json\/wp\/v2\/media\/92553"}],"wp:attachment":[{"href":"https:\/\/giurgiu-net.ro\/index.php\/wp-json\/wp\/v2\/media?parent=92552"}],"wp:term":[{"taxonomy":"category","embeddable":true,"href":"https:\/\/giurgiu-net.ro\/index.php\/wp-json\/wp\/v2\/categories?post=92552"},{"taxonomy":"post_tag","embeddable":true,"href":"https:\/\/giurgiu-net.ro\/index.php\/wp-json\/wp\/v2\/tags?post=92552"}],"curies":[{"name":"wp","href":"https:\/\/api.w.org\/{rel}","templated":true}]}}