{"id":92441,"date":"2025-09-07T10:43:39","date_gmt":"2025-09-07T07:43:39","guid":{"rendered":"https:\/\/giurgiu-net.ro\/?p=92441"},"modified":"2025-09-07T11:30:24","modified_gmt":"2025-09-07T08:30:24","slug":"deputat-marian-mina-cer-primariei-giurgiu-sa-i-demita-de-indata-pe-toti-cei-care-de-2-ani-au-facut-din-adapostul-public-un-lagar-de-exterminare-si-subprefectul-de-giurgiu-dragos-udvuleanu-a","status":"publish","type":"post","link":"https:\/\/giurgiu-net.ro\/index.php\/2025\/09\/07\/deputat-marian-mina-cer-primariei-giurgiu-sa-i-demita-de-indata-pe-toti-cei-care-de-2-ani-au-facut-din-adapostul-public-un-lagar-de-exterminare-si-subprefectul-de-giurgiu-dragos-udvuleanu-a\/","title":{"rendered":"Deputat Marian Mina: &#8222;Cer Prim\u0103riei Giurgiu s\u0103-i demit\u0103 de \u00ceNDAT\u0102 pe to\u0163i cei care, \u00een ultimele luni, au f\u0103cut din Ad\u0103postul Public un lag\u0103r de exterminare!&#8221;. \u015ei subprefectul de Giurgiu, Drago\u015f Udvuleanu, anun\u0163\u0103 c\u0103 va depune pl\u00e2ngere"},"content":{"rendered":"\n<p>Ieri, pe Facebook, au ap\u0103rut filmule\u0163e \u015fi fotografii de la Ad\u0103postul Public al c\u00e2inilor f\u0103r\u0103 st\u0103p\u00e2n din Giurgiu, care prezint\u0103 cum mai multe animale sunt b\u0103tute de c\u0103tre un angajat, dar \u015fi starea deplorabil\u0103 a unora dintre c\u00e2inii de acolo. Giurgiuvenii au luat imediat atitudine. Iat\u0103 ce a scris pe pagina sa de Facebook, <strong>deputatul Marian Mina<\/strong>: <\/p>\n\n\n\n<p>&#8222;<em>Bestia cu chip de om care a schingiuit c\u00e2inii de la Ad\u0103postul Public din Giurgiu trebuie s\u0103 fie PEDEPSIT\u0102! M\u0103 al\u0103tur tuturor giurgiuvenilor care au fost ORIPILA\u0162I de imaginile care circul\u0103 acum pe re\u0163elele de socializare \u015fi le cer autorit\u0103\u0163ilor cu atribu\u0163ii \u00een domeniu s\u0103 ia URGENT m\u0103suri \u00eempotriva agresorului \u015fi a tuturor celor care au permis ca a\u015fa ceva s\u0103 se \u00eent\u00e2mple! De asemenea, cer Prim\u0103riei Giurgiu s\u0103-i demit\u0103 de \u00ceNDAT\u0102 pe to\u0163i cei care, \u00een ultimele luni, au f\u0103cut din Ad\u0103postul Public un lag\u0103r de exterminare!<\/em><\/p>\n\n\n\n<p><em>\u015etiu c\u0103 v\u0103 vine greu s\u0103-i da\u0163i afar\u0103, pentru c\u0103 unii sunt prietenii administratorului public al municipiului, dar to\u0163i \u015fi-au dovedit INCOMPETEN\u0162A \u015fi nep\u0103sarea, prin ne\u00eendeplinirea responsabilit\u0103\u0163ilor date de func\u0163iile pl\u0103tite din banii giurgiuvenilor. To\u0163i cei responsabili trebuie s\u0103 pl\u0103teasc\u0103. I-a\u015f cere DEMISIA \u015fi primarului Anghelescu, dar \u015ftiu c\u0103 o s\u0103 ne \u201eamenin\u0163e\u201d el cu plecarea, \u00eenainte s\u0103 apuc s\u0103 fac asta. M\u0103car dac\u0103 s-ar \u0163ine de cuv\u00e2nt, o dat\u0103 \u00een via\u0163\u0103<\/em>&#8222;.<\/p>\n\n\n\n<p>La r\u00e2ndul s\u0103u, <strong>subprefectul de Giurgiu, Drago\u015f Udvuleanu,<\/strong> a declarat c\u0103 va depune pl\u00e2ngere, \u00een acest caz: &#8222;<em>Voi depune pl\u00e2ngere \u00eempotriva celor care comit crime, abuzuri \u0219i maltratarea animalelor din ad\u0103postul public Giurgiu. Ceea ce se \u00eent\u00e2mpl\u0103 acolo este o barbarie revolt\u0103toare, o pat\u0103 de ru\u0219ine pentru \u00eentreaga comunitate. Vorbim despre cruzime, nep\u0103sare \u0219i batjocorirea unor fiin\u021be nevinovate \u2013 fapte care sunt nu doar imorale, ci \u0219i infrac\u021biuni prev\u0103zute de lege. Cer ca toate institu\u021biile abilitate s\u0103 verifice \u0219i s\u0103 controleze aceste aspecte semnalate \u00een spa\u021biul public pe re\u021belele de socializare. Nu mai este loc de mu\u0219amaliz\u0103ri sau de explica\u021bii ieftine. Aici este nevoie de adev\u0103r, de ac\u021biune \u0219i de sanc\u021biuni reale. Nu putem \u00eenchide ochii \u0219i s\u0103 ne prefacem c\u0103 nu vedem. T\u0103cerea \u0219i nep\u0103sarea ne fac complici. Eu refuz s\u0103 fiu complice. Voi merge p\u00e2n\u0103 la cap\u0103t pentru ca aceste atrocit\u0103\u021bi s\u0103 \u00eenceteze. \u0218i spun asta nu din ur\u0103, ci din iubire. Sunt un mare iubitor de oameni \u0219i de animale, de tot ceea ce \u00eenseamn\u0103 via\u021ba. Tocmai de aceea nu pot \u0219i nu voi accepta ca via\u021ba s\u0103 fie batjocorit\u0103 \u0219i c\u0103lcat\u0103 \u00een picioare. Adev\u0103rata iubire de via\u021b\u0103 nu \u00eenseamn\u0103 s\u0103 \u00eenchizi ochii la r\u0103u, ci s\u0103-l confrun\u021bi. \u0218i exact asta voi face&#8221;<\/em><\/p>\n","protected":false},"excerpt":{"rendered":"<p>Ieri, pe Facebook, au ap\u0103rut filmule\u0163e \u015fi fotografii de la Ad\u0103postul Public al c\u00e2inilor f\u0103r\u0103 st\u0103p\u00e2n din Giurgiu, care prezint\u0103 cum mai multe animale sunt b\u0103tute de c\u0103tre un angajat, dar \u015fi starea deplorabil\u0103 a unora dintre c\u00e2inii de acolo. Giurgiuvenii au luat imediat atitudine. Iat\u0103 ce a scris pe pagina sa de Facebook, deputatul [&hellip;]<\/p>\n","protected":false},"author":1,"featured_media":92442,"comment_status":"open","ping_status":"open","sticky":false,"template":"","format":"standard","meta":{"slim_seo":{"title":"Deputat Marian Mina: \"Cer Prim\u0103riei Giurgiu s\u0103-i demit\u0103 de \u00ceNDAT\u0102 pe to\u0163i cei care, \u00een ultimele luni, au f\u0103cut din Ad\u0103postul Public un lag\u0103r de exterminare!\". \u015ei subprefectul de Giurgiu, Drago\u015f Udvuleanu, anun\u0163\u0103 c\u0103 va depune pl\u00e2ngere - GIURGIU NET","description":"Ieri, pe Facebook, au ap\u0103rut filmule\u0163e \u015fi fotografii de la Ad\u0103postul Public al c\u00e2inilor f\u0103r\u0103 st\u0103p\u00e2n din Giurgiu, care prezint\u0103 cum mai multe animale sunt b\u0103tute"},"footnotes":""},"categories":[18,19,26],"tags":[965,1626],"class_list":{"0":"post-92441","1":"post","2":"type-post","3":"status-publish","4":"format-standard","5":"has-post-thumbnail","7":"category-actual","8":"category-adm","9":"category-soc","10":"tag-dragos-udvuleanu","11":"tag-marian-mina"},"_links":{"self":[{"href":"https:\/\/giurgiu-net.ro\/index.php\/wp-json\/wp\/v2\/posts\/92441","targetHints":{"allow":["GET"]}}],"collection":[{"href":"https:\/\/giurgiu-net.ro\/index.php\/wp-json\/wp\/v2\/posts"}],"about":[{"href":"https:\/\/giurgiu-net.ro\/index.php\/wp-json\/wp\/v2\/types\/post"}],"author":[{"embeddable":true,"href":"https:\/\/giurgiu-net.ro\/index.php\/wp-json\/wp\/v2\/users\/1"}],"replies":[{"embeddable":true,"href":"https:\/\/giurgiu-net.ro\/index.php\/wp-json\/wp\/v2\/comments?post=92441"}],"version-history":[{"count":0,"href":"https:\/\/giurgiu-net.ro\/index.php\/wp-json\/wp\/v2\/posts\/92441\/revisions"}],"wp:featuredmedia":[{"embeddable":true,"href":"https:\/\/giurgiu-net.ro\/index.php\/wp-json\/wp\/v2\/media\/92442"}],"wp:attachment":[{"href":"https:\/\/giurgiu-net.ro\/index.php\/wp-json\/wp\/v2\/media?parent=92441"}],"wp:term":[{"taxonomy":"category","embeddable":true,"href":"https:\/\/giurgiu-net.ro\/index.php\/wp-json\/wp\/v2\/categories?post=92441"},{"taxonomy":"post_tag","embeddable":true,"href":"https:\/\/giurgiu-net.ro\/index.php\/wp-json\/wp\/v2\/tags?post=92441"}],"curies":[{"name":"wp","href":"https:\/\/api.w.org\/{rel}","templated":true}]}}