{"id":92435,"date":"2025-09-06T16:53:17","date_gmt":"2025-09-06T13:53:17","guid":{"rendered":"https:\/\/giurgiu-net.ro\/?p=92435"},"modified":"2025-09-07T10:45:58","modified_gmt":"2025-09-07T07:45:58","slug":"bajbaieli-aruncatul-pisicii-moarte-in-ograda-vecinului-si-mult-tupeu-asa-raspund-autoritatile-giurgiuvene-pnl-cand-sunt-intrebate-de-angajari-in-plina-austeritate","status":"publish","type":"post","link":"https:\/\/giurgiu-net.ro\/index.php\/2025\/09\/06\/bajbaieli-aruncatul-pisicii-moarte-in-ograda-vecinului-si-mult-tupeu-asa-raspund-autoritatile-giurgiuvene-pnl-cand-sunt-intrebate-de-angajari-in-plina-austeritate\/","title":{"rendered":"B\u00e2jb\u00e2ieli, aruncatul pisicii moarte \u00een ograda vecinului \u015fi mult TUPEU. A\u015fa r\u0103spund autorit\u0103\u0163ile giurgiuvene PNL, c\u00e2nd sunt \u00eentrebate de angaj\u0103ri \u00een plin\u0103 austeritate"},"content":{"rendered":"\n<p class=\"has-text-align-center\"><strong>Ce te-ntreb eu, ce-mi r\u0103spunzi matale&#8230; Cam a\u015fa cu reprezentan\u0163ii Consiliului Jude\u0163ean, cei ai Prim\u0103riei, respectiv ai Prefecturii Giurgiu, dup\u0103 ce deputatul Marian Mina(pre\u015fedinte PSD Giurgiu) a f\u0103cut, recent, dezv\u0103luiri despre angaj\u0103ri \u015fi major\u0103ri de salarii la cele trei institu\u0163ii, fix acum \u00een AUSTERITATE.<\/strong><\/p>\n\n\n\n<p>Marian Mina a postat dou\u0103 mesaje, pe pagina sa de Facebook, pe care le pute\u0163i citi sau reciti <a href=\"https:\/\/www.facebook.com\/photo\/?fbid=24437002799290366&amp;set=a.940264122724231\" target=\"_blank\" rel=\"noopener\" title=\"\">AICI<\/a> \u015fi <a href=\"https:\/\/www.facebook.com\/photo?fbid=24446750238315622&amp;set=a.940264122724231\" target=\"_blank\" rel=\"noopener\" title=\"\">AICI<\/a>.<\/p>\n\n\n\n<p>Haide\u0163i s\u0103 vedem \u015fi ce i-au r\u0103spuns \u015fefii de la cele trei institu\u0163ii, acuza\u0163i c\u0103 \u015fi-ar angaja, pe repede \u00eenainte \u015fi pe band\u0103 rulant\u0103, rude, prieteni, rude ale prietenilor, activul de partid- spune Marian Mina.<\/p>\n\n\n\n<p><strong>Pe \u015feful de la CJ Giurgiu, Toma Petcu<\/strong>, deputatul social-democrat l-a \u00eentrebat dac\u0103 este adev\u0103rat c\u0103 se preg\u0103tesc angaj\u0103ri la serviciul juridic. N-a zis o clip\u0103 c\u0103 doamna \u015fi domnul de la ghi\u015feul unic de eficien\u0163\u0103 energetic\u0103 ar fi fost angaja\u0163i recent, ci doar c\u0103 s-au \u201etrezit\u201d, bie\u0163ii, cu un spor de 50%. Asta, de\u015fi cel pu\u0163in unul dintre ei, potrivit lui Mina, ar trece pe la job maximum o zi pe s\u0103pt\u0103m\u00e2n\u0103.<\/p>\n\n\n\n<p>Toma Petcu face ce \u015ftie mai bine, o d\u0103 pe partea carosabil\u0103. \u00cen loc s\u0103 r\u0103spund\u0103 pe subiect, se apuc\u0103 s\u0103 scrie, pe pagina sa de Facebook, despre cum era la CJ acum 200 de ani&#8230; C\u0103 n-au fost proiecte europene(<strong><em>cea mai mare \u015fi m\u00e2r\u015fav\u0103 minciun\u0103 &#8211; \u015fi vom reveni pe subiect<\/em><\/strong>), c\u0103 s-au f\u0103cut nu \u015ftim c\u00e2te angaj\u0103ri (p\u0103i, da, s-or fi f\u0103cut, dar nu era nicio criz\u0103 economic\u0103 pe atunci), c\u0103 n-a angajat dec\u00e2t pe cei doi despre care zicea \u015fi Mina \u015fi \u00eenc\u0103 vreo 4 prin transfer.<\/p>\n\n\n\n<figure class=\"wp-block-gallery has-nested-images columns-default is-cropped wp-block-gallery-1 is-layout-flex wp-block-gallery-is-layout-flex\">\n<figure class=\"wp-block-image size-large\"><img loading=\"lazy\" decoding=\"async\" width=\"762\" height=\"635\" data-id=\"92437\" src=\"https:\/\/giurgiu-net.ro\/wp-content\/uploads\/2025\/09\/toma-1.jpg\" alt=\"Toma 1\" class=\"wp-image-92437\" srcset=\"https:\/\/giurgiu-net.ro\/wp-content\/uploads\/2025\/09\/toma-1.jpg 762w, https:\/\/giurgiu-net.ro\/wp-content\/uploads\/2025\/09\/toma-1-300x250.jpg 300w, https:\/\/giurgiu-net.ro\/wp-content\/uploads\/2025\/09\/toma-1-696x580.jpg 696w\" sizes=\"auto, (max-width: 762px) 100vw, 762px\" \/><\/figure>\n<\/figure>\n\n\n\n<p>Bine, domnule Petcu, OK, s\u0103 zicem c\u0103 nici la juridic nu face\u0163i mi\u015fcarea, <strong>dar cum r\u0103m\u00e2ne cu Judserv? C\u0103 v\u0103 da\u0163i de ceasul mor\u0163ii s-o face\u0163i din Cenu\u015f\u0103reasa \u2013 Z\u00e2n\u0103. Dac\u0103 va trece proiectul \u015fi la municipiu, cu cine face\u0163i m\u00e2ncare, cu domnii specializa\u0163i \u00een de\u015feuri<\/strong>? Hai c\u0103 \u00een\u0163elege\u0163i unde batem, nu? <\/p>\n\n\n\n<p><em>Ca s\u0103 asigura\u0163i cateringul peste tot unde dori\u0163i, cu Judserv, c\u00e2\u0163i oameni ve\u0163i angaja? \u00centrebarea asta v\u0103 convine?<\/em><\/p>\n\n\n\n<p><strong>Trecem mai departe, la r\u0103spunsul ginga\u015f al Prim\u0103riei Giurgiu.<\/strong> Marian Mina a prezentat o situa\u0163ie halucinant\u0103 cu privire la GSL. Deputatul a scris c\u0103, de\u015fi societatea ar fi \u00een pragul falimentului, s-ar g\u0103si b\u0103nu\u0163i pentru noi angaja\u0163i. Vreo 16, se pare, \u00een ultima vreme, mul\u0163i prin&#8230; cimitire. Ca s\u0103 le fie bine, s\u0103 nu fie r\u0103u PNL-ului, evident.<\/p>\n\n\n\n<figure class=\"wp-block-image size-full\"><img loading=\"lazy\" decoding=\"async\" width=\"769\" height=\"686\" src=\"https:\/\/giurgiu-net.ro\/wp-content\/uploads\/2025\/09\/primarie.jpg\" alt=\"Primarie\" class=\"wp-image-92438\" srcset=\"https:\/\/giurgiu-net.ro\/wp-content\/uploads\/2025\/09\/primarie.jpg 769w, https:\/\/giurgiu-net.ro\/wp-content\/uploads\/2025\/09\/primarie-300x268.jpg 300w, https:\/\/giurgiu-net.ro\/wp-content\/uploads\/2025\/09\/primarie-696x621.jpg 696w\" sizes=\"auto, (max-width: 769px) 100vw, 769px\" \/><\/figure>\n\n\n\n<p>Prim\u0103ria zice c\u0103 nu sunt 16, dar nici nu precizeaz\u0103 c\u00e2\u0163i sunt. \u015ei mai zice, pe Facebook, c\u0103 a venit deja un consilier PSD s\u0103 \u00eentrebe. Ce at\u00e2ta insisten\u0163\u0103, ia c\u0103 v\u0103 ia mama dracu\u2019 dac\u0103 nu v\u0103 potoli\u0163i cu \u00eentreb\u0103rile astea \ud83e\udd23<\/p>\n\n\n\n<p>Chiar a\u015fa, domnule primar Anghelescu, Marian Mina a \u00eentrebat clar, scurt \u015fi la obiect: <em>\u201ec\u00e2\u0163i angaja\u0163i sunt, c\u00e2te angaj\u0103ri au fost f\u0103cute \u00een ultimele 2 luni, impactul financiar \u015fi pierderile societ\u0103\u0163ii!\u201d<\/em>. Nu e mai simplu s\u0103 r\u0103spunde\u0163i la asta? N-aveam preten\u0163ii, oricum.<\/p>\n\n\n\n<p><strong>Cel mai sincer dintre to\u0163i, fra\u0163ilor, prefectul Ghimpe\u0163eanu<\/strong>. Omu\u2019 recunoa\u015fte c\u0103 face angaj\u0103ri, c\u0103, deh, are deficit. De personal&#8230; \u015eti\u0163i ce r\u0103u s\u0103 ai deficit? Da, \u015fi fostul prefect(PSD) \u015ftia, dar tot a func\u0163ionat Prefectura \u015fi \u00een situa\u0163ia respectiv\u0103. Bine, acum, ca s\u0103 fim dr\u0103gu\u0163i, cel mai probabil domnul PNL-ist Ghimpe\u0163eanu nu \u015ftia \u015fi el cum s-o complimenteze pe doamna St\u0103nculescu pentru performan\u0163\u0103.<\/p>\n\n\n\n<figure class=\"wp-block-image size-large\"><img loading=\"lazy\" decoding=\"async\" width=\"529\" height=\"1024\" src=\"https:\/\/giurgiu-net.ro\/wp-content\/uploads\/2025\/09\/25ac5b89-9394-45db-ba2f-90b9cbe11f27-529x1024.jpeg\" alt=\"25ac5b89 9394 45db ba2f 90b9cbe11f27\" class=\"wp-image-92436\" srcset=\"https:\/\/giurgiu-net.ro\/wp-content\/uploads\/2025\/09\/25ac5b89-9394-45db-ba2f-90b9cbe11f27-529x1024.jpeg 529w, https:\/\/giurgiu-net.ro\/wp-content\/uploads\/2025\/09\/25ac5b89-9394-45db-ba2f-90b9cbe11f27-155x300.jpeg 155w, https:\/\/giurgiu-net.ro\/wp-content\/uploads\/2025\/09\/25ac5b89-9394-45db-ba2f-90b9cbe11f27-696x1347.jpeg 696w, https:\/\/giurgiu-net.ro\/wp-content\/uploads\/2025\/09\/25ac5b89-9394-45db-ba2f-90b9cbe11f27.jpeg 702w\" sizes=\"auto, (max-width: 529px) 100vw, 529px\" \/><\/figure>\n\n\n\n<p>Gata, a reu\u015fit.<\/p>\n\n\n\n<p>Numai c\u0103, domnule prefect, pe Bolojan nu-l intereseaz\u0103 dac\u0103 ave\u0163i deficit sau nu. E valabil \u015fi pentru d\u2019nii. Toma \u015fi Anghelescu. \u015eefu Bolojan \u015ftie sau&#8230; \u00eel sfida\u0163i?<\/p>\n\n\n\n<p><strong>Oricum, cea mai bun\u0103 \u00eentrebare r\u0103m\u00e2ne asta: C\u00e2nd ve\u0163i face restructur\u0103ri, pe cine ve\u0163i trimite acas\u0103? &#8222;Pe cei care muncesc de o via\u0163\u0103 \u00een institu\u0163ia la a c\u0103rei conducere sunte\u0163i trec\u0103tor sau pe cei proasp\u0103t \u00eensc\u0103una\u0163i, adu\u015fi pe linie de partid?<\/strong>&#8222;.<\/p>\n","protected":false},"excerpt":{"rendered":"<p>Ce te-ntreb eu, ce-mi r\u0103spunzi matale&#8230; Cam a\u015fa cu reprezentan\u0163ii Consiliului Jude\u0163ean, cei ai Prim\u0103riei, respectiv ai Prefecturii Giurgiu, dup\u0103 ce deputatul Marian Mina(pre\u015fedinte PSD Giurgiu) a f\u0103cut, recent, dezv\u0103luiri despre angaj\u0103ri \u015fi major\u0103ri de salarii la cele trei institu\u0163ii, fix acum \u00een AUSTERITATE. Marian Mina a postat dou\u0103 mesaje, pe pagina sa de Facebook, [&hellip;]<\/p>\n","protected":false},"author":1,"featured_media":92436,"comment_status":"open","ping_status":"open","sticky":false,"template":"","format":"standard","meta":{"slim_seo":{"title":"B\u00e2jb\u00e2ieli, aruncatul pisicii moarte \u00een ograda vecinului \u015fi mult TUPEU. A\u015fa r\u0103spund autorit\u0103\u0163ile giurgiuvene PNL, c\u00e2nd sunt \u00eentrebate de angaj\u0103ri \u00een plin\u0103 austeritate - GIURGIU NET","description":"Ce te-ntreb eu, ce-mi r\u0103spunzi matale... Cam a\u015fa cu reprezentan\u0163ii Consiliului Jude\u0163ean, cei ai Prim\u0103riei, respectiv ai Prefecturii Giurgiu, dup\u0103 ce deputatul M"},"footnotes":""},"categories":[18,20,23,25],"tags":[1626,2027],"class_list":{"0":"post-92435","1":"post","2":"type-post","3":"status-publish","4":"format-standard","5":"has-post-thumbnail","7":"category-actual","8":"category-edit","9":"category-pam","10":"category-pol","11":"tag-marian-mina","12":"tag-pnl-giurgiu"},"_links":{"self":[{"href":"https:\/\/giurgiu-net.ro\/index.php\/wp-json\/wp\/v2\/posts\/92435","targetHints":{"allow":["GET"]}}],"collection":[{"href":"https:\/\/giurgiu-net.ro\/index.php\/wp-json\/wp\/v2\/posts"}],"about":[{"href":"https:\/\/giurgiu-net.ro\/index.php\/wp-json\/wp\/v2\/types\/post"}],"author":[{"embeddable":true,"href":"https:\/\/giurgiu-net.ro\/index.php\/wp-json\/wp\/v2\/users\/1"}],"replies":[{"embeddable":true,"href":"https:\/\/giurgiu-net.ro\/index.php\/wp-json\/wp\/v2\/comments?post=92435"}],"version-history":[{"count":0,"href":"https:\/\/giurgiu-net.ro\/index.php\/wp-json\/wp\/v2\/posts\/92435\/revisions"}],"wp:featuredmedia":[{"embeddable":true,"href":"https:\/\/giurgiu-net.ro\/index.php\/wp-json\/wp\/v2\/media\/92436"}],"wp:attachment":[{"href":"https:\/\/giurgiu-net.ro\/index.php\/wp-json\/wp\/v2\/media?parent=92435"}],"wp:term":[{"taxonomy":"category","embeddable":true,"href":"https:\/\/giurgiu-net.ro\/index.php\/wp-json\/wp\/v2\/categories?post=92435"},{"taxonomy":"post_tag","embeddable":true,"href":"https:\/\/giurgiu-net.ro\/index.php\/wp-json\/wp\/v2\/tags?post=92435"}],"curies":[{"name":"wp","href":"https:\/\/api.w.org\/{rel}","templated":true}]}}