{"id":92391,"date":"2025-09-05T10:15:17","date_gmt":"2025-09-05T07:15:17","guid":{"rendered":"https:\/\/giurgiu-net.ro\/?p=92391"},"modified":"2025-09-05T10:15:18","modified_gmt":"2025-09-05T07:15:18","slug":"galerie-foto-tinerii-social-democrati-giurgiuveni-strang-randurile-alegeri-la-liga-elevilor-social-democrati-citeste-aici-ce-s-a-intamplat-la-sedinta-de-ieri","status":"publish","type":"post","link":"https:\/\/giurgiu-net.ro\/index.php\/2025\/09\/05\/galerie-foto-tinerii-social-democrati-giurgiuveni-strang-randurile-alegeri-la-liga-elevilor-social-democrati-citeste-aici-ce-s-a-intamplat-la-sedinta-de-ieri\/","title":{"rendered":"GALERIE FOTO: Tinerii social-democra\u0163i giurgiuveni str\u00e2ng r\u00e2ndurile. Alegeri, la Liga Elevilor Social-Democra\u0163i. CITE\u015eTE AICI ce s-a \u00eent\u00e2mplat la \u015fedin\u0163a de ieri!"},"content":{"rendered":"\n<p>Zeci de tineri social-democra\u0163i din Giurgiu, dar \u015fi din jude\u0163e vecine, al\u0103turi de invita\u0163ii lor, au participat joi, 4 septembrie, la \u015fedin\u0163a de constituire \u015fi de alegeri a Ligii Elevilor Social-Democra\u0163i(LESD) Giurgiu.<\/p>\n\n\n\n<p class=\"has-text-align-center\"><em>Le-au fost al\u0103turi pre\u015fedintele PSD Giurgiu, deputat Marian Mina, pre\u015fedintele PSD municipal, Marius Leafu, pre\u015fedintele OPSD Giurgiu, Dan Cristescu, secretarul general al PSD Giurgiu, Gogu Mo\u0163an, pre\u015fedintele TSD Giurgiu, subprefect Drago\u015f Udvuleanu, pre\u015fedintele TSD municipal, consilier local Eduard Ingeaua, fostul lider al LESD Giurgiu, Vlad Buzea, dar \u015fi al\u0163i consilieri locali \u015fi jude\u0163eni giurgiuveni.<\/em><\/p>\n\n\n\n<figure class=\"wp-block-gallery has-nested-images columns-2 is-cropped wp-block-gallery-1 is-layout-flex wp-block-gallery-is-layout-flex\">\n<figure class=\"wp-block-image size-large\"><img loading=\"lazy\" decoding=\"async\" width=\"800\" height=\"546\" data-id=\"92392\" src=\"https:\/\/giurgiu-net.ro\/wp-content\/uploads\/2025\/09\/DSC04320.jpg\" alt=\"Dsc04320\" class=\"wp-image-92392\" srcset=\"https:\/\/giurgiu-net.ro\/wp-content\/uploads\/2025\/09\/DSC04320.jpg 800w, https:\/\/giurgiu-net.ro\/wp-content\/uploads\/2025\/09\/DSC04320-300x205.jpg 300w, https:\/\/giurgiu-net.ro\/wp-content\/uploads\/2025\/09\/DSC04320-768x524.jpg 768w, https:\/\/giurgiu-net.ro\/wp-content\/uploads\/2025\/09\/DSC04320-218x150.jpg 218w, https:\/\/giurgiu-net.ro\/wp-content\/uploads\/2025\/09\/DSC04320-696x475.jpg 696w\" sizes=\"auto, (max-width: 800px) 100vw, 800px\" \/><\/figure>\n\n\n\n<figure class=\"wp-block-image size-large\"><img loading=\"lazy\" decoding=\"async\" width=\"800\" height=\"534\" data-id=\"92393\" src=\"https:\/\/giurgiu-net.ro\/wp-content\/uploads\/2025\/09\/DSC04322.jpg\" alt=\"Dsc04322\" class=\"wp-image-92393\" srcset=\"https:\/\/giurgiu-net.ro\/wp-content\/uploads\/2025\/09\/DSC04322.jpg 800w, https:\/\/giurgiu-net.ro\/wp-content\/uploads\/2025\/09\/DSC04322-300x200.jpg 300w, https:\/\/giurgiu-net.ro\/wp-content\/uploads\/2025\/09\/DSC04322-768x513.jpg 768w, https:\/\/giurgiu-net.ro\/wp-content\/uploads\/2025\/09\/DSC04322-696x465.jpg 696w\" sizes=\"auto, (max-width: 800px) 100vw, 800px\" \/><\/figure>\n\n\n\n<figure class=\"wp-block-image size-large\"><img loading=\"lazy\" decoding=\"async\" width=\"800\" height=\"575\" data-id=\"92397\" src=\"https:\/\/giurgiu-net.ro\/wp-content\/uploads\/2025\/09\/DSC04323.jpg\" alt=\"Dsc04323\" class=\"wp-image-92397\" srcset=\"https:\/\/giurgiu-net.ro\/wp-content\/uploads\/2025\/09\/DSC04323.jpg 800w, https:\/\/giurgiu-net.ro\/wp-content\/uploads\/2025\/09\/DSC04323-300x216.jpg 300w, https:\/\/giurgiu-net.ro\/wp-content\/uploads\/2025\/09\/DSC04323-768x552.jpg 768w, https:\/\/giurgiu-net.ro\/wp-content\/uploads\/2025\/09\/DSC04323-696x500.jpg 696w\" sizes=\"auto, (max-width: 800px) 100vw, 800px\" \/><\/figure>\n\n\n\n<figure class=\"wp-block-image size-large\"><img loading=\"lazy\" decoding=\"async\" width=\"800\" height=\"733\" data-id=\"92403\" src=\"https:\/\/giurgiu-net.ro\/wp-content\/uploads\/2025\/09\/DSC04324.jpg\" alt=\"Dsc04324\" class=\"wp-image-92403\" srcset=\"https:\/\/giurgiu-net.ro\/wp-content\/uploads\/2025\/09\/DSC04324.jpg 800w, https:\/\/giurgiu-net.ro\/wp-content\/uploads\/2025\/09\/DSC04324-300x275.jpg 300w, https:\/\/giurgiu-net.ro\/wp-content\/uploads\/2025\/09\/DSC04324-768x704.jpg 768w, https:\/\/giurgiu-net.ro\/wp-content\/uploads\/2025\/09\/DSC04324-696x638.jpg 696w\" sizes=\"auto, (max-width: 800px) 100vw, 800px\" \/><\/figure>\n\n\n\n<figure class=\"wp-block-image size-large\"><img loading=\"lazy\" decoding=\"async\" width=\"800\" height=\"463\" data-id=\"92401\" src=\"https:\/\/giurgiu-net.ro\/wp-content\/uploads\/2025\/09\/DSC04327.jpg\" alt=\"Dsc04327\" class=\"wp-image-92401\" srcset=\"https:\/\/giurgiu-net.ro\/wp-content\/uploads\/2025\/09\/DSC04327.jpg 800w, https:\/\/giurgiu-net.ro\/wp-content\/uploads\/2025\/09\/DSC04327-300x174.jpg 300w, https:\/\/giurgiu-net.ro\/wp-content\/uploads\/2025\/09\/DSC04327-768x444.jpg 768w, https:\/\/giurgiu-net.ro\/wp-content\/uploads\/2025\/09\/DSC04327-696x403.jpg 696w\" sizes=\"auto, (max-width: 800px) 100vw, 800px\" \/><\/figure>\n\n\n\n<figure class=\"wp-block-image size-large\"><img loading=\"lazy\" decoding=\"async\" width=\"800\" height=\"534\" data-id=\"92394\" src=\"https:\/\/giurgiu-net.ro\/wp-content\/uploads\/2025\/09\/DSC04328.jpg\" alt=\"Dsc04328\" class=\"wp-image-92394\" srcset=\"https:\/\/giurgiu-net.ro\/wp-content\/uploads\/2025\/09\/DSC04328.jpg 800w, https:\/\/giurgiu-net.ro\/wp-content\/uploads\/2025\/09\/DSC04328-300x200.jpg 300w, https:\/\/giurgiu-net.ro\/wp-content\/uploads\/2025\/09\/DSC04328-768x513.jpg 768w, https:\/\/giurgiu-net.ro\/wp-content\/uploads\/2025\/09\/DSC04328-696x465.jpg 696w\" sizes=\"auto, (max-width: 800px) 100vw, 800px\" \/><\/figure>\n\n\n\n<figure class=\"wp-block-image size-large\"><img loading=\"lazy\" decoding=\"async\" width=\"800\" height=\"534\" data-id=\"92396\" src=\"https:\/\/giurgiu-net.ro\/wp-content\/uploads\/2025\/09\/DSC04330.jpg\" alt=\"Dsc04330\" class=\"wp-image-92396\" srcset=\"https:\/\/giurgiu-net.ro\/wp-content\/uploads\/2025\/09\/DSC04330.jpg 800w, https:\/\/giurgiu-net.ro\/wp-content\/uploads\/2025\/09\/DSC04330-300x200.jpg 300w, https:\/\/giurgiu-net.ro\/wp-content\/uploads\/2025\/09\/DSC04330-768x513.jpg 768w, https:\/\/giurgiu-net.ro\/wp-content\/uploads\/2025\/09\/DSC04330-696x465.jpg 696w\" sizes=\"auto, (max-width: 800px) 100vw, 800px\" \/><\/figure>\n\n\n\n<figure class=\"wp-block-image size-large\"><img loading=\"lazy\" decoding=\"async\" width=\"800\" height=\"534\" data-id=\"92406\" src=\"https:\/\/giurgiu-net.ro\/wp-content\/uploads\/2025\/09\/DSC04333.jpg\" alt=\"Dsc04333\" class=\"wp-image-92406\" srcset=\"https:\/\/giurgiu-net.ro\/wp-content\/uploads\/2025\/09\/DSC04333.jpg 800w, https:\/\/giurgiu-net.ro\/wp-content\/uploads\/2025\/09\/DSC04333-300x200.jpg 300w, https:\/\/giurgiu-net.ro\/wp-content\/uploads\/2025\/09\/DSC04333-768x513.jpg 768w, https:\/\/giurgiu-net.ro\/wp-content\/uploads\/2025\/09\/DSC04333-696x465.jpg 696w\" sizes=\"auto, (max-width: 800px) 100vw, 800px\" \/><\/figure>\n\n\n\n<figure class=\"wp-block-image size-large\"><img loading=\"lazy\" decoding=\"async\" width=\"800\" height=\"708\" data-id=\"92395\" src=\"https:\/\/giurgiu-net.ro\/wp-content\/uploads\/2025\/09\/DSC04335.jpg\" alt=\"Dsc04335\" class=\"wp-image-92395\" srcset=\"https:\/\/giurgiu-net.ro\/wp-content\/uploads\/2025\/09\/DSC04335.jpg 800w, https:\/\/giurgiu-net.ro\/wp-content\/uploads\/2025\/09\/DSC04335-300x266.jpg 300w, https:\/\/giurgiu-net.ro\/wp-content\/uploads\/2025\/09\/DSC04335-768x680.jpg 768w, https:\/\/giurgiu-net.ro\/wp-content\/uploads\/2025\/09\/DSC04335-696x616.jpg 696w\" sizes=\"auto, (max-width: 800px) 100vw, 800px\" \/><\/figure>\n\n\n\n<figure class=\"wp-block-image size-large\"><img loading=\"lazy\" decoding=\"async\" width=\"747\" height=\"800\" data-id=\"92416\" src=\"https:\/\/giurgiu-net.ro\/wp-content\/uploads\/2025\/09\/DSC04340.jpg\" alt=\"Dsc04340\" class=\"wp-image-92416\" srcset=\"https:\/\/giurgiu-net.ro\/wp-content\/uploads\/2025\/09\/DSC04340.jpg 747w, https:\/\/giurgiu-net.ro\/wp-content\/uploads\/2025\/09\/DSC04340-280x300.jpg 280w, https:\/\/giurgiu-net.ro\/wp-content\/uploads\/2025\/09\/DSC04340-696x745.jpg 696w\" sizes=\"auto, (max-width: 747px) 100vw, 747px\" \/><\/figure>\n\n\n\n<figure class=\"wp-block-image size-large\"><img loading=\"lazy\" decoding=\"async\" width=\"800\" height=\"694\" data-id=\"92400\" src=\"https:\/\/giurgiu-net.ro\/wp-content\/uploads\/2025\/09\/DSC04341.jpg\" alt=\"Dsc04341\" class=\"wp-image-92400\" srcset=\"https:\/\/giurgiu-net.ro\/wp-content\/uploads\/2025\/09\/DSC04341.jpg 800w, https:\/\/giurgiu-net.ro\/wp-content\/uploads\/2025\/09\/DSC04341-300x260.jpg 300w, https:\/\/giurgiu-net.ro\/wp-content\/uploads\/2025\/09\/DSC04341-768x666.jpg 768w, https:\/\/giurgiu-net.ro\/wp-content\/uploads\/2025\/09\/DSC04341-696x604.jpg 696w\" sizes=\"auto, (max-width: 800px) 100vw, 800px\" \/><\/figure>\n\n\n\n<figure class=\"wp-block-image size-large\"><img loading=\"lazy\" decoding=\"async\" width=\"800\" height=\"534\" data-id=\"92407\" src=\"https:\/\/giurgiu-net.ro\/wp-content\/uploads\/2025\/09\/DSC04352.jpg\" alt=\"Dsc04352\" class=\"wp-image-92407\" srcset=\"https:\/\/giurgiu-net.ro\/wp-content\/uploads\/2025\/09\/DSC04352.jpg 800w, https:\/\/giurgiu-net.ro\/wp-content\/uploads\/2025\/09\/DSC04352-300x200.jpg 300w, https:\/\/giurgiu-net.ro\/wp-content\/uploads\/2025\/09\/DSC04352-768x513.jpg 768w, https:\/\/giurgiu-net.ro\/wp-content\/uploads\/2025\/09\/DSC04352-696x465.jpg 696w\" sizes=\"auto, (max-width: 800px) 100vw, 800px\" \/><\/figure>\n\n\n\n<figure class=\"wp-block-image size-large\"><img loading=\"lazy\" decoding=\"async\" width=\"800\" height=\"605\" data-id=\"92426\" src=\"https:\/\/giurgiu-net.ro\/wp-content\/uploads\/2025\/09\/DSC04353.jpg\" alt=\"Dsc04353\" class=\"wp-image-92426\" srcset=\"https:\/\/giurgiu-net.ro\/wp-content\/uploads\/2025\/09\/DSC04353.jpg 800w, https:\/\/giurgiu-net.ro\/wp-content\/uploads\/2025\/09\/DSC04353-300x227.jpg 300w, https:\/\/giurgiu-net.ro\/wp-content\/uploads\/2025\/09\/DSC04353-768x581.jpg 768w, https:\/\/giurgiu-net.ro\/wp-content\/uploads\/2025\/09\/DSC04353-696x526.jpg 696w\" sizes=\"auto, (max-width: 800px) 100vw, 800px\" \/><\/figure>\n\n\n\n<figure class=\"wp-block-image size-large\"><img loading=\"lazy\" decoding=\"async\" width=\"800\" height=\"534\" data-id=\"92399\" src=\"https:\/\/giurgiu-net.ro\/wp-content\/uploads\/2025\/09\/DSC04372.jpg\" alt=\"Dsc04372\" class=\"wp-image-92399\" srcset=\"https:\/\/giurgiu-net.ro\/wp-content\/uploads\/2025\/09\/DSC04372.jpg 800w, https:\/\/giurgiu-net.ro\/wp-content\/uploads\/2025\/09\/DSC04372-300x200.jpg 300w, https:\/\/giurgiu-net.ro\/wp-content\/uploads\/2025\/09\/DSC04372-768x513.jpg 768w, https:\/\/giurgiu-net.ro\/wp-content\/uploads\/2025\/09\/DSC04372-696x465.jpg 696w\" sizes=\"auto, (max-width: 800px) 100vw, 800px\" \/><\/figure>\n\n\n\n<figure class=\"wp-block-image size-large\"><img loading=\"lazy\" decoding=\"async\" width=\"800\" height=\"534\" data-id=\"92398\" src=\"https:\/\/giurgiu-net.ro\/wp-content\/uploads\/2025\/09\/DSC04379.jpg\" alt=\"Dsc04379\" class=\"wp-image-92398\" srcset=\"https:\/\/giurgiu-net.ro\/wp-content\/uploads\/2025\/09\/DSC04379.jpg 800w, https:\/\/giurgiu-net.ro\/wp-content\/uploads\/2025\/09\/DSC04379-300x200.jpg 300w, https:\/\/giurgiu-net.ro\/wp-content\/uploads\/2025\/09\/DSC04379-768x513.jpg 768w, https:\/\/giurgiu-net.ro\/wp-content\/uploads\/2025\/09\/DSC04379-696x465.jpg 696w\" sizes=\"auto, (max-width: 800px) 100vw, 800px\" \/><\/figure>\n\n\n\n<figure class=\"wp-block-image size-large\"><img loading=\"lazy\" decoding=\"async\" width=\"800\" height=\"534\" data-id=\"92412\" src=\"https:\/\/giurgiu-net.ro\/wp-content\/uploads\/2025\/09\/DSC04381.jpg\" alt=\"Dsc04381\" class=\"wp-image-92412\" srcset=\"https:\/\/giurgiu-net.ro\/wp-content\/uploads\/2025\/09\/DSC04381.jpg 800w, https:\/\/giurgiu-net.ro\/wp-content\/uploads\/2025\/09\/DSC04381-300x200.jpg 300w, https:\/\/giurgiu-net.ro\/wp-content\/uploads\/2025\/09\/DSC04381-768x513.jpg 768w, https:\/\/giurgiu-net.ro\/wp-content\/uploads\/2025\/09\/DSC04381-696x465.jpg 696w\" sizes=\"auto, (max-width: 800px) 100vw, 800px\" \/><\/figure>\n\n\n\n<figure class=\"wp-block-image size-large\"><img loading=\"lazy\" decoding=\"async\" width=\"800\" height=\"733\" data-id=\"92420\" src=\"https:\/\/giurgiu-net.ro\/wp-content\/uploads\/2025\/09\/DSC04390.jpg\" alt=\"Dsc04390\" class=\"wp-image-92420\" srcset=\"https:\/\/giurgiu-net.ro\/wp-content\/uploads\/2025\/09\/DSC04390.jpg 800w, https:\/\/giurgiu-net.ro\/wp-content\/uploads\/2025\/09\/DSC04390-300x275.jpg 300w, https:\/\/giurgiu-net.ro\/wp-content\/uploads\/2025\/09\/DSC04390-768x704.jpg 768w, https:\/\/giurgiu-net.ro\/wp-content\/uploads\/2025\/09\/DSC04390-696x638.jpg 696w\" sizes=\"auto, (max-width: 800px) 100vw, 800px\" \/><\/figure>\n\n\n\n<figure class=\"wp-block-image size-large\"><img loading=\"lazy\" decoding=\"async\" width=\"800\" height=\"534\" data-id=\"92409\" src=\"https:\/\/giurgiu-net.ro\/wp-content\/uploads\/2025\/09\/DSC04391.jpg\" alt=\"Dsc04391\" class=\"wp-image-92409\" srcset=\"https:\/\/giurgiu-net.ro\/wp-content\/uploads\/2025\/09\/DSC04391.jpg 800w, https:\/\/giurgiu-net.ro\/wp-content\/uploads\/2025\/09\/DSC04391-300x200.jpg 300w, https:\/\/giurgiu-net.ro\/wp-content\/uploads\/2025\/09\/DSC04391-768x513.jpg 768w, https:\/\/giurgiu-net.ro\/wp-content\/uploads\/2025\/09\/DSC04391-696x465.jpg 696w\" sizes=\"auto, (max-width: 800px) 100vw, 800px\" \/><\/figure>\n\n\n\n<figure class=\"wp-block-image size-large\"><img loading=\"lazy\" decoding=\"async\" width=\"800\" height=\"534\" data-id=\"92415\" src=\"https:\/\/giurgiu-net.ro\/wp-content\/uploads\/2025\/09\/DSC04393.jpg\" alt=\"Dsc04393\" class=\"wp-image-92415\" srcset=\"https:\/\/giurgiu-net.ro\/wp-content\/uploads\/2025\/09\/DSC04393.jpg 800w, https:\/\/giurgiu-net.ro\/wp-content\/uploads\/2025\/09\/DSC04393-300x200.jpg 300w, https:\/\/giurgiu-net.ro\/wp-content\/uploads\/2025\/09\/DSC04393-768x513.jpg 768w, https:\/\/giurgiu-net.ro\/wp-content\/uploads\/2025\/09\/DSC04393-696x465.jpg 696w\" sizes=\"auto, (max-width: 800px) 100vw, 800px\" \/><\/figure>\n\n\n\n<figure class=\"wp-block-image size-large\"><img loading=\"lazy\" decoding=\"async\" width=\"800\" height=\"534\" data-id=\"92405\" src=\"https:\/\/giurgiu-net.ro\/wp-content\/uploads\/2025\/09\/DSC04394.jpg\" alt=\"Dsc04394\" class=\"wp-image-92405\" srcset=\"https:\/\/giurgiu-net.ro\/wp-content\/uploads\/2025\/09\/DSC04394.jpg 800w, https:\/\/giurgiu-net.ro\/wp-content\/uploads\/2025\/09\/DSC04394-300x200.jpg 300w, https:\/\/giurgiu-net.ro\/wp-content\/uploads\/2025\/09\/DSC04394-768x513.jpg 768w, https:\/\/giurgiu-net.ro\/wp-content\/uploads\/2025\/09\/DSC04394-696x465.jpg 696w\" sizes=\"auto, (max-width: 800px) 100vw, 800px\" \/><\/figure>\n\n\n\n<figure class=\"wp-block-image size-large\"><img loading=\"lazy\" decoding=\"async\" width=\"800\" height=\"534\" data-id=\"92423\" src=\"https:\/\/giurgiu-net.ro\/wp-content\/uploads\/2025\/09\/DSC04397.jpg\" alt=\"Dsc04397\" class=\"wp-image-92423\" srcset=\"https:\/\/giurgiu-net.ro\/wp-content\/uploads\/2025\/09\/DSC04397.jpg 800w, https:\/\/giurgiu-net.ro\/wp-content\/uploads\/2025\/09\/DSC04397-300x200.jpg 300w, https:\/\/giurgiu-net.ro\/wp-content\/uploads\/2025\/09\/DSC04397-768x513.jpg 768w, https:\/\/giurgiu-net.ro\/wp-content\/uploads\/2025\/09\/DSC04397-696x465.jpg 696w\" sizes=\"auto, (max-width: 800px) 100vw, 800px\" \/><\/figure>\n\n\n\n<figure class=\"wp-block-image size-large\"><img loading=\"lazy\" decoding=\"async\" width=\"800\" height=\"534\" data-id=\"92413\" src=\"https:\/\/giurgiu-net.ro\/wp-content\/uploads\/2025\/09\/DSC04402.jpg\" alt=\"Dsc04402\" class=\"wp-image-92413\" srcset=\"https:\/\/giurgiu-net.ro\/wp-content\/uploads\/2025\/09\/DSC04402.jpg 800w, https:\/\/giurgiu-net.ro\/wp-content\/uploads\/2025\/09\/DSC04402-300x200.jpg 300w, https:\/\/giurgiu-net.ro\/wp-content\/uploads\/2025\/09\/DSC04402-768x513.jpg 768w, https:\/\/giurgiu-net.ro\/wp-content\/uploads\/2025\/09\/DSC04402-696x465.jpg 696w\" sizes=\"auto, (max-width: 800px) 100vw, 800px\" \/><\/figure>\n\n\n\n<figure class=\"wp-block-image size-large\"><img loading=\"lazy\" decoding=\"async\" width=\"800\" height=\"534\" data-id=\"92402\" src=\"https:\/\/giurgiu-net.ro\/wp-content\/uploads\/2025\/09\/DSC04404.jpg\" alt=\"Dsc04404\" class=\"wp-image-92402\" srcset=\"https:\/\/giurgiu-net.ro\/wp-content\/uploads\/2025\/09\/DSC04404.jpg 800w, https:\/\/giurgiu-net.ro\/wp-content\/uploads\/2025\/09\/DSC04404-300x200.jpg 300w, https:\/\/giurgiu-net.ro\/wp-content\/uploads\/2025\/09\/DSC04404-768x513.jpg 768w, https:\/\/giurgiu-net.ro\/wp-content\/uploads\/2025\/09\/DSC04404-696x465.jpg 696w\" sizes=\"auto, (max-width: 800px) 100vw, 800px\" \/><\/figure>\n\n\n\n<figure class=\"wp-block-image size-large\"><img loading=\"lazy\" decoding=\"async\" width=\"743\" height=\"800\" data-id=\"92418\" src=\"https:\/\/giurgiu-net.ro\/wp-content\/uploads\/2025\/09\/DSC04408.jpg\" alt=\"Dsc04408\" class=\"wp-image-92418\" srcset=\"https:\/\/giurgiu-net.ro\/wp-content\/uploads\/2025\/09\/DSC04408.jpg 743w, https:\/\/giurgiu-net.ro\/wp-content\/uploads\/2025\/09\/DSC04408-279x300.jpg 279w, https:\/\/giurgiu-net.ro\/wp-content\/uploads\/2025\/09\/DSC04408-696x749.jpg 696w\" sizes=\"auto, (max-width: 743px) 100vw, 743px\" \/><\/figure>\n\n\n\n<figure class=\"wp-block-image size-large\"><img loading=\"lazy\" decoding=\"async\" width=\"800\" height=\"610\" data-id=\"92404\" src=\"https:\/\/giurgiu-net.ro\/wp-content\/uploads\/2025\/09\/DSC04411.jpg\" alt=\"Dsc04411\" class=\"wp-image-92404\" srcset=\"https:\/\/giurgiu-net.ro\/wp-content\/uploads\/2025\/09\/DSC04411.jpg 800w, https:\/\/giurgiu-net.ro\/wp-content\/uploads\/2025\/09\/DSC04411-300x229.jpg 300w, https:\/\/giurgiu-net.ro\/wp-content\/uploads\/2025\/09\/DSC04411-768x586.jpg 768w, https:\/\/giurgiu-net.ro\/wp-content\/uploads\/2025\/09\/DSC04411-696x531.jpg 696w\" sizes=\"auto, (max-width: 800px) 100vw, 800px\" \/><\/figure>\n\n\n\n<figure class=\"wp-block-image size-large\"><img loading=\"lazy\" decoding=\"async\" width=\"800\" height=\"534\" data-id=\"92417\" src=\"https:\/\/giurgiu-net.ro\/wp-content\/uploads\/2025\/09\/DSC04420.jpg\" alt=\"Dsc04420\" class=\"wp-image-92417\" srcset=\"https:\/\/giurgiu-net.ro\/wp-content\/uploads\/2025\/09\/DSC04420.jpg 800w, https:\/\/giurgiu-net.ro\/wp-content\/uploads\/2025\/09\/DSC04420-300x200.jpg 300w, https:\/\/giurgiu-net.ro\/wp-content\/uploads\/2025\/09\/DSC04420-768x513.jpg 768w, https:\/\/giurgiu-net.ro\/wp-content\/uploads\/2025\/09\/DSC04420-696x465.jpg 696w\" sizes=\"auto, (max-width: 800px) 100vw, 800px\" \/><\/figure>\n\n\n\n<figure class=\"wp-block-image size-large\"><img loading=\"lazy\" decoding=\"async\" width=\"800\" height=\"534\" data-id=\"92411\" src=\"https:\/\/giurgiu-net.ro\/wp-content\/uploads\/2025\/09\/DSC04421.jpg\" alt=\"Dsc04421\" class=\"wp-image-92411\" srcset=\"https:\/\/giurgiu-net.ro\/wp-content\/uploads\/2025\/09\/DSC04421.jpg 800w, https:\/\/giurgiu-net.ro\/wp-content\/uploads\/2025\/09\/DSC04421-300x200.jpg 300w, https:\/\/giurgiu-net.ro\/wp-content\/uploads\/2025\/09\/DSC04421-768x513.jpg 768w, https:\/\/giurgiu-net.ro\/wp-content\/uploads\/2025\/09\/DSC04421-696x465.jpg 696w\" sizes=\"auto, (max-width: 800px) 100vw, 800px\" \/><\/figure>\n\n\n\n<figure class=\"wp-block-image size-large\"><img loading=\"lazy\" decoding=\"async\" width=\"800\" height=\"534\" data-id=\"92408\" src=\"https:\/\/giurgiu-net.ro\/wp-content\/uploads\/2025\/09\/DSC04424.jpg\" alt=\"Dsc04424\" class=\"wp-image-92408\" srcset=\"https:\/\/giurgiu-net.ro\/wp-content\/uploads\/2025\/09\/DSC04424.jpg 800w, https:\/\/giurgiu-net.ro\/wp-content\/uploads\/2025\/09\/DSC04424-300x200.jpg 300w, https:\/\/giurgiu-net.ro\/wp-content\/uploads\/2025\/09\/DSC04424-768x513.jpg 768w, https:\/\/giurgiu-net.ro\/wp-content\/uploads\/2025\/09\/DSC04424-696x465.jpg 696w\" sizes=\"auto, (max-width: 800px) 100vw, 800px\" \/><\/figure>\n\n\n\n<figure class=\"wp-block-image size-large\"><img loading=\"lazy\" decoding=\"async\" width=\"800\" height=\"534\" data-id=\"92414\" src=\"https:\/\/giurgiu-net.ro\/wp-content\/uploads\/2025\/09\/DSC04429.jpg\" alt=\"Dsc04429\" class=\"wp-image-92414\" srcset=\"https:\/\/giurgiu-net.ro\/wp-content\/uploads\/2025\/09\/DSC04429.jpg 800w, https:\/\/giurgiu-net.ro\/wp-content\/uploads\/2025\/09\/DSC04429-300x200.jpg 300w, https:\/\/giurgiu-net.ro\/wp-content\/uploads\/2025\/09\/DSC04429-768x513.jpg 768w, https:\/\/giurgiu-net.ro\/wp-content\/uploads\/2025\/09\/DSC04429-696x465.jpg 696w\" sizes=\"auto, (max-width: 800px) 100vw, 800px\" \/><\/figure>\n\n\n\n<figure class=\"wp-block-image size-large\"><img loading=\"lazy\" decoding=\"async\" width=\"800\" height=\"534\" data-id=\"92427\" src=\"https:\/\/giurgiu-net.ro\/wp-content\/uploads\/2025\/09\/DSC04430.jpg\" alt=\"Dsc04430\" class=\"wp-image-92427\" srcset=\"https:\/\/giurgiu-net.ro\/wp-content\/uploads\/2025\/09\/DSC04430.jpg 800w, https:\/\/giurgiu-net.ro\/wp-content\/uploads\/2025\/09\/DSC04430-300x200.jpg 300w, https:\/\/giurgiu-net.ro\/wp-content\/uploads\/2025\/09\/DSC04430-768x513.jpg 768w, https:\/\/giurgiu-net.ro\/wp-content\/uploads\/2025\/09\/DSC04430-696x465.jpg 696w\" sizes=\"auto, (max-width: 800px) 100vw, 800px\" \/><\/figure>\n\n\n\n<figure class=\"wp-block-image size-large\"><img loading=\"lazy\" decoding=\"async\" width=\"800\" height=\"534\" data-id=\"92410\" src=\"https:\/\/giurgiu-net.ro\/wp-content\/uploads\/2025\/09\/DSC04431.jpg\" alt=\"Dsc04431\" class=\"wp-image-92410\" srcset=\"https:\/\/giurgiu-net.ro\/wp-content\/uploads\/2025\/09\/DSC04431.jpg 800w, https:\/\/giurgiu-net.ro\/wp-content\/uploads\/2025\/09\/DSC04431-300x200.jpg 300w, https:\/\/giurgiu-net.ro\/wp-content\/uploads\/2025\/09\/DSC04431-768x513.jpg 768w, https:\/\/giurgiu-net.ro\/wp-content\/uploads\/2025\/09\/DSC04431-696x465.jpg 696w\" sizes=\"auto, (max-width: 800px) 100vw, 800px\" \/><\/figure>\n\n\n\n<figure class=\"wp-block-image size-large\"><img loading=\"lazy\" decoding=\"async\" width=\"800\" height=\"534\" data-id=\"92421\" src=\"https:\/\/giurgiu-net.ro\/wp-content\/uploads\/2025\/09\/DSC04432.jpg\" alt=\"Dsc04432\" class=\"wp-image-92421\" srcset=\"https:\/\/giurgiu-net.ro\/wp-content\/uploads\/2025\/09\/DSC04432.jpg 800w, https:\/\/giurgiu-net.ro\/wp-content\/uploads\/2025\/09\/DSC04432-300x200.jpg 300w, https:\/\/giurgiu-net.ro\/wp-content\/uploads\/2025\/09\/DSC04432-768x513.jpg 768w, https:\/\/giurgiu-net.ro\/wp-content\/uploads\/2025\/09\/DSC04432-696x465.jpg 696w\" sizes=\"auto, (max-width: 800px) 100vw, 800px\" \/><\/figure>\n\n\n\n<figure class=\"wp-block-image size-large\"><img loading=\"lazy\" decoding=\"async\" width=\"800\" height=\"534\" data-id=\"92419\" src=\"https:\/\/giurgiu-net.ro\/wp-content\/uploads\/2025\/09\/DSC04433.jpg\" alt=\"Dsc04433\" class=\"wp-image-92419\" srcset=\"https:\/\/giurgiu-net.ro\/wp-content\/uploads\/2025\/09\/DSC04433.jpg 800w, https:\/\/giurgiu-net.ro\/wp-content\/uploads\/2025\/09\/DSC04433-300x200.jpg 300w, https:\/\/giurgiu-net.ro\/wp-content\/uploads\/2025\/09\/DSC04433-768x513.jpg 768w, https:\/\/giurgiu-net.ro\/wp-content\/uploads\/2025\/09\/DSC04433-696x465.jpg 696w\" sizes=\"auto, (max-width: 800px) 100vw, 800px\" \/><\/figure>\n\n\n\n<figure class=\"wp-block-image size-large\"><img loading=\"lazy\" decoding=\"async\" width=\"800\" height=\"534\" data-id=\"92425\" src=\"https:\/\/giurgiu-net.ro\/wp-content\/uploads\/2025\/09\/DSC04437.jpg\" alt=\"Dsc04437\" class=\"wp-image-92425\" srcset=\"https:\/\/giurgiu-net.ro\/wp-content\/uploads\/2025\/09\/DSC04437.jpg 800w, https:\/\/giurgiu-net.ro\/wp-content\/uploads\/2025\/09\/DSC04437-300x200.jpg 300w, https:\/\/giurgiu-net.ro\/wp-content\/uploads\/2025\/09\/DSC04437-768x513.jpg 768w, https:\/\/giurgiu-net.ro\/wp-content\/uploads\/2025\/09\/DSC04437-696x465.jpg 696w\" sizes=\"auto, (max-width: 800px) 100vw, 800px\" \/><\/figure>\n\n\n\n<figure class=\"wp-block-image size-large\"><img loading=\"lazy\" decoding=\"async\" width=\"800\" height=\"499\" data-id=\"92422\" src=\"https:\/\/giurgiu-net.ro\/wp-content\/uploads\/2025\/09\/DSC04470.jpg\" alt=\"Dsc04470\" class=\"wp-image-92422\" srcset=\"https:\/\/giurgiu-net.ro\/wp-content\/uploads\/2025\/09\/DSC04470.jpg 800w, https:\/\/giurgiu-net.ro\/wp-content\/uploads\/2025\/09\/DSC04470-300x187.jpg 300w, https:\/\/giurgiu-net.ro\/wp-content\/uploads\/2025\/09\/DSC04470-768x479.jpg 768w, https:\/\/giurgiu-net.ro\/wp-content\/uploads\/2025\/09\/DSC04470-696x434.jpg 696w\" sizes=\"auto, (max-width: 800px) 100vw, 800px\" \/><\/figure>\n\n\n\n<figure class=\"wp-block-image size-large\"><img loading=\"lazy\" decoding=\"async\" width=\"800\" height=\"333\" data-id=\"92424\" src=\"https:\/\/giurgiu-net.ro\/wp-content\/uploads\/2025\/09\/DSC04472.jpg\" alt=\"Dsc04472\" class=\"wp-image-92424\" srcset=\"https:\/\/giurgiu-net.ro\/wp-content\/uploads\/2025\/09\/DSC04472.jpg 800w, https:\/\/giurgiu-net.ro\/wp-content\/uploads\/2025\/09\/DSC04472-300x125.jpg 300w, https:\/\/giurgiu-net.ro\/wp-content\/uploads\/2025\/09\/DSC04472-768x320.jpg 768w, https:\/\/giurgiu-net.ro\/wp-content\/uploads\/2025\/09\/DSC04472-696x290.jpg 696w\" sizes=\"auto, (max-width: 800px) 100vw, 800px\" \/><\/figure>\n\n\n\n<figure class=\"wp-block-image size-large\"><img loading=\"lazy\" decoding=\"async\" width=\"800\" height=\"534\" data-id=\"92428\" src=\"https:\/\/giurgiu-net.ro\/wp-content\/uploads\/2025\/09\/DSC04473.jpg\" alt=\"Dsc04473\" class=\"wp-image-92428\" srcset=\"https:\/\/giurgiu-net.ro\/wp-content\/uploads\/2025\/09\/DSC04473.jpg 800w, https:\/\/giurgiu-net.ro\/wp-content\/uploads\/2025\/09\/DSC04473-300x200.jpg 300w, https:\/\/giurgiu-net.ro\/wp-content\/uploads\/2025\/09\/DSC04473-768x513.jpg 768w, https:\/\/giurgiu-net.ro\/wp-content\/uploads\/2025\/09\/DSC04473-696x465.jpg 696w\" sizes=\"auto, (max-width: 800px) 100vw, 800px\" \/><\/figure>\n<\/figure>\n\n\n\n<p>De asemenea, al\u0103turi de LESD Giurgiu au fost \u015fi: Victor Vlad &#8211; coordonator interimar LESD Rom\u00e2nia, Darius Nicholas &#8211; Pre\u0219edinte LESD Prahova, Fabian Bunea- Coordonator LESD Ploie\u0219ti, Robert Florea &#8211; Presedinte LESD Bucure\u0219ti, Rare\u0219 Radu &#8211; Pre\u0219edinte LESD Sector 2, Paul Radu &#8211; Pre\u0219edinte LESD Sector 3, Mihai T\u0103n\u0103sescu &#8211; Pre\u0219edinte LESD Sector 6, Dan Bungiu &#8211; Pre\u0219edinte LESD Olt.<\/p>\n\n\n\n<p>Tinerii de la LESD Giurgiu \u015fi-au ales echipa de conducere: <strong>Yanis Mih\u0103escu &#8211; Pre\u0219edinte, Ionut Dima, Andrei Nichifor &#8211; vicepre\u015fedinti, Mih\u0103i\u021b\u0103 Meauc\u0103 &#8211; Secretar general.<\/strong><\/p>\n\n\n\n<p><strong>Yanis Mih\u0103escu &#8211; pre\u015fedinte LESD Giurgiu:<\/strong> <\/p>\n\n\n\n<figure class=\"wp-block-image size-full\"><img loading=\"lazy\" decoding=\"async\" width=\"800\" height=\"534\" src=\"https:\/\/giurgiu-net.ro\/wp-content\/uploads\/2025\/09\/DSC04442.jpg\" alt=\"Dsc04442\" class=\"wp-image-92429\" srcset=\"https:\/\/giurgiu-net.ro\/wp-content\/uploads\/2025\/09\/DSC04442.jpg 800w, https:\/\/giurgiu-net.ro\/wp-content\/uploads\/2025\/09\/DSC04442-300x200.jpg 300w, https:\/\/giurgiu-net.ro\/wp-content\/uploads\/2025\/09\/DSC04442-768x513.jpg 768w, https:\/\/giurgiu-net.ro\/wp-content\/uploads\/2025\/09\/DSC04442-696x465.jpg 696w\" sizes=\"auto, (max-width: 800px) 100vw, 800px\" \/><\/figure>\n\n\n\n<p><em>&#8222;V\u0103 mul\u021bumesc tuturor pentru \u00eencrederea acordat\u0103. Le mul\u021bumesc \u0219i colegilor din \u021bar\u0103 care au venit s\u0103 ne sus\u021bin\u0103 \u00een acest moment important pentru echipa noastr\u0103. Mul\u021bumesc echipei PSD Giurgiu. Mul\u021bumesc domnului pre\u0219edinte Marian Mina pentru sus\u021binere! Este o responsabilitate pe care o primesc cu seriozitate. Sunt recunosc\u0103tor pentru sprijinul vostru \u0219i pentru energia pe care o aduce\u021bi \u00een jurul nostru. Cred c\u0103 doar \u00eempreun\u0103 putem construi lucruri bune pentru genera\u021bia noastr\u0103. \u00cemi doresc s\u0103 fim mai aproape de elevi, s\u0103 organiz\u0103m activit\u0103\u021bi prin care s\u0103 \u00eei implic\u0103m \u0219i s\u0103 \u00eei ascult\u0103m. Voi da tot ce pot pentru a nu dezam\u0103gi! Mul\u021bumesc tuturor pentru sprijin \u0219i \u00eencredere!\u201d<\/em><\/p>\n\n\n\n<p><strong>Pre\u015fedintele PSD Giurgiu, deputat Marian Mina<\/strong>: <\/p>\n\n\n\n<figure class=\"wp-block-image size-full\"><img loading=\"lazy\" decoding=\"async\" width=\"800\" height=\"534\" src=\"https:\/\/giurgiu-net.ro\/wp-content\/uploads\/2025\/09\/DSC04336.jpg\" alt=\"Dsc04336\" class=\"wp-image-92430\" srcset=\"https:\/\/giurgiu-net.ro\/wp-content\/uploads\/2025\/09\/DSC04336.jpg 800w, https:\/\/giurgiu-net.ro\/wp-content\/uploads\/2025\/09\/DSC04336-300x200.jpg 300w, https:\/\/giurgiu-net.ro\/wp-content\/uploads\/2025\/09\/DSC04336-768x513.jpg 768w, https:\/\/giurgiu-net.ro\/wp-content\/uploads\/2025\/09\/DSC04336-696x465.jpg 696w\" sizes=\"auto, (max-width: 800px) 100vw, 800px\" \/><\/figure>\n\n\n\n<p><em>\u201eV\u0103 felicit pentru curajul \u0219i ini\u021biativa de a v\u0103 implica, de a v\u0103 face auzit\u0103 vocea \u0219i de a ar\u0103ta c\u0103 tinerii sunt o for\u021b\u0103 real\u0103 \u00een societatea noastr\u0103. \u0218tiu c\u0103 v\u00e2rsta voastr\u0103 este v\u00e2rsta \u00eentreb\u0103rilor, a energiilor mari \u0219i a visurilor frumoase. Poate uneori sim\u021bi\u021bi c\u0103 lumea \u201edecide peste capul vostru\u201d, c\u0103 sunte\u021bi pu\u0219i s\u0103 a\u0219tepta\u021bi p\u00e2n\u0103 ve\u021bi deveni adul\u021bi pentru a fi lua\u021bi \u00een serios. Eu cred \u00eens\u0103 c\u0103 tinerii trebuie asculta\u021bi acum. Pentru c\u0103 voi vede\u021bi lucrurile cu prospe\u021bime, cu sinceritate \u0219i cu dorin\u021ba de schimbare. Social-democra\u021bia nu \u00eenseamn\u0103 doar politic\u0103, ci mai ales valori: solidaritate, respect pentru fiecare om, \u0219anse egale pentru to\u021bi. Sunt principii care, dac\u0103 le tr\u0103im zi de zi, ne pot face comunit\u0103\u021bile mai drepte \u0219i mai unite. \u0218i voi, prin aceast\u0103 lig\u0103, ave\u021bi \u0219ansa s\u0103 le pune\u021bi \u00een practic\u0103, \u00een felul vostru, prin proiecte, idei \u0219i ini\u021biative care s\u0103 fac\u0103 diferen\u021ba pentru colegii \u0219i prietenii vo\u0219tri. Ca pre\u0219edinte al PSD Giurgiu, v\u0103 asigur c\u0103 ve\u021bi avea sprijinul nostru. Dar aceast\u0103 lig\u0103 trebuie s\u0103 fie \u00een primul r\u00e2nd a voastr\u0103 \u2013 un loc unde s\u0103 \u00eenv\u0103\u021ba\u021bi s\u0103 lucra\u021bi \u00een echip\u0103, s\u0103 dezbate\u021bi liber, s\u0103 v\u0103 asuma\u021bi responsabilit\u0103\u021bi \u0219i s\u0103 transforma\u021bi energia tinere\u021bii \u00een solu\u021bii concrete. V\u0103 mul\u021bumesc \u0219i v\u0103 felicit \u00eenc\u0103 o dat\u0103 pentru acest pas important. Cred \u00een voi \u0219i \u00een energia voastr\u0103, \u0219i sunt convins c\u0103 Liga Elevilor Social-Democra\u021bi din Giurgiu va deveni un exemplu pentru toat\u0103 \u021bara\u201d<\/em><\/p>\n\n\n\n<p><strong>Pre\u015fedinte TSD Giurgiu, subprefect Drago\u015f Udvuleanu:<\/strong> <\/p>\n\n\n\n<figure class=\"wp-block-image size-full\"><img loading=\"lazy\" decoding=\"async\" width=\"800\" height=\"534\" src=\"https:\/\/giurgiu-net.ro\/wp-content\/uploads\/2025\/09\/DSC04372-1.jpg\" alt=\"Dsc04372\" class=\"wp-image-92431\" srcset=\"https:\/\/giurgiu-net.ro\/wp-content\/uploads\/2025\/09\/DSC04372-1.jpg 800w, https:\/\/giurgiu-net.ro\/wp-content\/uploads\/2025\/09\/DSC04372-1-300x200.jpg 300w, https:\/\/giurgiu-net.ro\/wp-content\/uploads\/2025\/09\/DSC04372-1-768x513.jpg 768w, https:\/\/giurgiu-net.ro\/wp-content\/uploads\/2025\/09\/DSC04372-1-696x465.jpg 696w\" sizes=\"auto, (max-width: 800px) 100vw, 800px\" \/><\/figure>\n\n\n\n<p>\u201e<em>Ast\u0103zi, la constituirea Ligii Elevilor Social Democra\u021bi Giurgiu, m-am \u00eentors, simbolic, \u00een timp. M-am rev\u0103zut pe mine, adolescentul de acum aproape 15 ani, plin de entuziasm \u0219i de \u00eentreb\u0103ri, dar hot\u0103r\u00e2t s\u0103 \u00ee\u0219i g\u0103seasc\u0103 o voce. Totul a \u00eenceput \u00een Consiliul \u0218colar al Elevilor, o experien\u021b\u0103 care m-a \u00eenv\u0103\u021bat ce \u00eenseamn\u0103 responsabilitatea, solidaritatea \u0219i puterea de a schimba lucrurile chiar \u0219i de pe b\u0103ncile \u0219colii. Apoi a urmat Liga Studen\u021bilor Social Democra\u021bi, primul contact real cu politica, prima dat\u0103 c\u00e2nd am \u00een\u021beles c\u0103 a fi t\u00e2n\u0103r nu \u00eenseamn\u0103 s\u0103 stai deoparte \u0219i s\u0103 a\u0219tep\u021bi, ci s\u0103 te implici, s\u0103 lup\u021bi, s\u0103 \u00ee\u021bi asumi. Mai t\u00e2rziu am ajuns \u00een fruntea TSD Giurgiu, pe care ast\u0103zi am onoarea s\u0103 \u00eel conduc. \u0218i, de\u0219i anii au adus cu ei provoc\u0103ri, momente de cump\u0103n\u0103 \u0219i decizii grele, niciodat\u0103 nu am \u00eencetat s\u0103 cred \u00een ceea ce m-a adus aici: credin\u021ba \u00een PSD \u0219i \u00een social-democra\u021bie ca for\u021b\u0103 real\u0103 a binelui, ca instrument de echitate \u0219i solidaritate. Ast\u0103zi, privind c\u0103tre voi, cei din noua Lig\u0103 a Elevilor Social Democra\u021bi, am sim\u021bit aceea\u0219i emo\u021bie pe care o aveam la \u00eenceput de drum. Voi sunte\u021bi dovada c\u0103 speran\u021ba nu se pierde \u0219i c\u0103 exist\u0103 o genera\u021bie preg\u0103tit\u0103 s\u0103 duc\u0103 mai departe aceast\u0103 lupt\u0103. Voi sunte\u021bi vocea genera\u021biei voastre. Nu l\u0103sa\u021bi pe al\u021bii s\u0103 decid\u0103 \u00een locul vostru. Felicit\u0103ri, Yanis Mihaiescu, pentru alegerea ca pre\u0219edinte al LESD Giurgiu! Ai al\u0103turi o echip\u0103 care poate demonstra c\u0103 politica, atunci c\u00e2nd este f\u0103cut\u0103 cu responsabilitate \u0219i curaj, nu este murdar\u0103. Politica este un drum. Este un instrument. Este puterea de a influen\u021ba \u00een bine via\u021ba comunit\u0103\u021bii \u0219i a oamenilor\u201d<\/em>.<\/p>\n\n\n\n<p><strong>Eduard Ingeaua- pre\u015fedinte TSD municipal: <\/strong><\/p>\n\n\n\n<figure class=\"wp-block-image size-full\"><img loading=\"lazy\" decoding=\"async\" width=\"800\" height=\"534\" src=\"https:\/\/giurgiu-net.ro\/wp-content\/uploads\/2025\/09\/DSC04397-1.jpg\" alt=\"Dsc04397\" class=\"wp-image-92432\" srcset=\"https:\/\/giurgiu-net.ro\/wp-content\/uploads\/2025\/09\/DSC04397-1.jpg 800w, https:\/\/giurgiu-net.ro\/wp-content\/uploads\/2025\/09\/DSC04397-1-300x200.jpg 300w, https:\/\/giurgiu-net.ro\/wp-content\/uploads\/2025\/09\/DSC04397-1-768x513.jpg 768w, https:\/\/giurgiu-net.ro\/wp-content\/uploads\/2025\/09\/DSC04397-1-696x465.jpg 696w\" sizes=\"auto, (max-width: 800px) 100vw, 800px\" \/><\/figure>\n\n\n\n<p>&#8222;<em>Ast\u0103zi am participat la alegerea pre\u0219edintelui Ligii Elevilor Social Democra\u021bi Giurgiu, Yanis Mih\u0103ilescu. \u00cei urez mult succes \u0219i sunt sigur c\u0103, \u00eempreun\u0103 cu echipa sa, va reu\u0219i s\u0103 fac\u0103 auzit\u0103 vocea tinerilor din Giurgiu. Cred c\u0103 este foarte important ca fiecare dintre voi s\u0103 prind\u0103 curaj \u0219i s\u0103 se implice \u00een via\u021ba comunit\u0103\u021bii. Doar a\u0219a ideile voastre pot ajunge s\u0103 se transforme \u00een proiecte reale, care s\u0103 aduc\u0103 schimb\u0103ri vizibile pentru to\u021bi. Eu sunt al\u0103turi de voi \u0219i v\u0103 \u00eencurajez s\u0103 lucra\u021bi \u00eempreun\u0103, s\u0103 veni\u021bi cu ini\u021biative \u0219i s\u0103 demonstra\u021bi c\u0103 implicarea voastr\u0103 conteaz\u0103. Echipa \u0219i energia voastr\u0103 sunt cheia pentru a construi un viitor mai bun!<\/em>&#8222;.<\/p>\n\n\n\n<p>Mai multe FOTO de la eveniment, <a href=\"https:\/\/www.facebook.com\/media\/set\/?vanity=100063563770981&amp;set=a.1390100126452100\" target=\"_blank\" rel=\"noopener\" title=\"\">AICI<\/a><\/p>\n","protected":false},"excerpt":{"rendered":"<p>Zeci de tineri social-democra\u0163i din Giurgiu, dar \u015fi din jude\u0163e vecine, al\u0103turi de invita\u0163ii lor, au participat joi, 4 septembrie, la \u015fedin\u0163a de constituire \u015fi de alegeri a Ligii Elevilor Social-Democra\u0163i(LESD) Giurgiu. Le-au fost al\u0103turi pre\u015fedintele PSD Giurgiu, deputat Marian Mina, pre\u015fedintele PSD municipal, Marius Leafu, pre\u015fedintele OPSD Giurgiu, Dan Cristescu, secretarul general al PSD [&hellip;]<\/p>\n","protected":false},"author":1,"featured_media":92424,"comment_status":"open","ping_status":"open","sticky":false,"template":"","format":"standard","meta":{"slim_seo":{"title":"GALERIE FOTO: Tinerii social-democra\u0163i giurgiuveni str\u00e2ng r\u00e2ndurile. Alegeri, la Liga Elevilor Social-Democra\u0163i. CITE\u015eTE AICI ce s-a \u00eent\u00e2mplat la \u015fedin\u0163a de ieri! - GIURGIU NET","description":"Zeci de tineri social-democra\u0163i din Giurgiu, dar \u015fi din jude\u0163e vecine, al\u0103turi de invita\u0163ii lor, au participat joi, 4 septembrie, la \u015fedin\u0163a de constituire \u015fi d"},"footnotes":""},"categories":[18,29,25,26],"tags":[1529,1626,2976],"class_list":{"0":"post-92391","1":"post","2":"type-post","3":"status-publish","4":"format-standard","5":"has-post-thumbnail","7":"category-actual","8":"category-educatie-si-cultura","9":"category-pol","10":"category-soc","11":"tag-lesd-giurgiu","12":"tag-marian-mina","13":"tag-yanis-mihaescu"},"_links":{"self":[{"href":"https:\/\/giurgiu-net.ro\/index.php\/wp-json\/wp\/v2\/posts\/92391","targetHints":{"allow":["GET"]}}],"collection":[{"href":"https:\/\/giurgiu-net.ro\/index.php\/wp-json\/wp\/v2\/posts"}],"about":[{"href":"https:\/\/giurgiu-net.ro\/index.php\/wp-json\/wp\/v2\/types\/post"}],"author":[{"embeddable":true,"href":"https:\/\/giurgiu-net.ro\/index.php\/wp-json\/wp\/v2\/users\/1"}],"replies":[{"embeddable":true,"href":"https:\/\/giurgiu-net.ro\/index.php\/wp-json\/wp\/v2\/comments?post=92391"}],"version-history":[{"count":0,"href":"https:\/\/giurgiu-net.ro\/index.php\/wp-json\/wp\/v2\/posts\/92391\/revisions"}],"wp:featuredmedia":[{"embeddable":true,"href":"https:\/\/giurgiu-net.ro\/index.php\/wp-json\/wp\/v2\/media\/92424"}],"wp:attachment":[{"href":"https:\/\/giurgiu-net.ro\/index.php\/wp-json\/wp\/v2\/media?parent=92391"}],"wp:term":[{"taxonomy":"category","embeddable":true,"href":"https:\/\/giurgiu-net.ro\/index.php\/wp-json\/wp\/v2\/categories?post=92391"},{"taxonomy":"post_tag","embeddable":true,"href":"https:\/\/giurgiu-net.ro\/index.php\/wp-json\/wp\/v2\/tags?post=92391"}],"curies":[{"name":"wp","href":"https:\/\/api.w.org\/{rel}","templated":true}]}}