{"id":92263,"date":"2025-08-18T09:31:28","date_gmt":"2025-08-18T06:31:28","guid":{"rendered":"https:\/\/giurgiu-net.ro\/?p=92263"},"modified":"2025-08-18T09:35:19","modified_gmt":"2025-08-18T06:35:19","slug":"un-barbat-din-sigureni-a-murit-in-incendiul-care-i-a-cuprins-casa","status":"publish","type":"post","link":"https:\/\/giurgiu-net.ro\/index.php\/2025\/08\/18\/un-barbat-din-sigureni-a-murit-in-incendiul-care-i-a-cuprins-casa\/","title":{"rendered":"Un b\u0103rbat din Sigureni a murit \u00een incendiul care i-a cuprins casa"},"content":{"rendered":"\n<p>Un b\u0103rbat, \u00een v\u00e2rst\u0103 de 65 de ani, \u0219i-a pierdut via\u021ba \u00eentr-un incendiu violent care a izbucnit \u00een gospod\u0103ria sa. So\u021bia acestuia a reu\u0219it s\u0103 ias\u0103 la timp din cas\u0103. Tragedia a avut loc azi-noapte, \u00een localitatea Singureni.<\/p>\n\n\n\n<p>La fa\u021ba locului s-au deplasat pompierii din cadrul Sec\u021biei Mih\u0103ile\u0219ti, Punctului de Lucru C\u0103lug\u0103reni \u0219i Deta\u0219amentului Giurgiu, cu trei autospeciale de stingere, o autospecial\u0103 pentru interven\u021bie \u0219i salvare de la \u00een\u0103l\u021bime, o cistern\u0103 \u0219i o ambulan\u021b\u0103 SAJ.<\/p>\n\n\n\n<p>Pompierii au constatat faptul c\u0103 ardeau generalizat dou\u0103 case aflate \u00een aceea\u0219i curte \u0219i anexe.<\/p>\n\n\n\n<p>C\u00e2nd au reu\u0219it s\u0103 p\u0103trund\u0103 \u00een locuin\u021b\u0103, pompierii l-au g\u0103sit pe proprietar \u00een dormitor, \u00eens\u0103 din nefericire acesta nu a mai putut fi salvat.<\/p>\n\n\n\n<p>Au ars dou\u0103 locuin\u021be aflate \u00een aceea\u0219i curte, bunurile din interior, anexe \u00een care se aflau animale, p\u0103s\u0103ri \u0219i alte bunuri. Au fost salvate casele vecine.<\/p>\n\n\n\n<p>Cauza probabil\u0103 de producere a incendiului a fost scurtcircuitul.<\/p>\n\n\n\n<p>Pentru a preveni incendiile provocate de instala\u021biile electrice, este important s\u0103 respecta\u021bi urm\u0103toarele m\u0103suri:<\/p>\n\n\n\n<ul class=\"wp-block-list\">\n<li>Nu utiliza\u021bi cabluri sau conductori electrici deteriora\u021bi. Un cablu neizolat corespunz\u0103tor poate provoca scurtcircuite \u0219i incendii. \u00cenlocui\u021bi imediat orice cablu defect cu unul nou, montat de personal autorizat.<\/li>\n\n\n\n<li>Nu folosi\u021bi prize sau \u00eentrerup\u0103toare sl\u0103bite sau improvizate. Dac\u0103 observa\u021bi sc\u00e2ntei, miros de ars sau prize care se mi\u0219c\u0103, apela\u021bi la un electrician autorizat pentru remediere.<\/li>\n\n\n\n<li>Evita\u021bi suprasolicitarea circuitelor electrice prin conectarea mai multor aparate de mare putere \u00een aceea\u0219i priz\u0103 (de exemplu: calorifer electric + cuptor + boiler).<\/li>\n\n\n\n<li>Nu l\u0103sa\u021bi aparatele electrice nesupravegheate atunci c\u00e2nd sunt \u00een func\u021biune (fier de c\u0103lcat, re\u0219ou, aeroterm\u0103 etc.) \u0219i scoate\u021bi-le din priz\u0103 c\u00e2nd nu le folosi\u021bi.<\/li>\n\n\n\n<li>Nu face\u021bi improviza\u021bii la instala\u021bia electric\u0103. Repara\u021biile trebuie efectuate doar de personal calificat.<\/li>\n\n\n\n<li>Verifica\u021bi periodic instala\u021bia electric\u0103 din locuin\u021b\u0103 \u0219i gospod\u0103rie, mai ales dac\u0103 aceasta este veche sau prezint\u0103 semne de uzur\u0103. <\/li>\n<\/ul>\n\n\n\n<p>Comunicat \u015fi foto: ISU Giurgiu<\/p>\n","protected":false},"excerpt":{"rendered":"<p>Un b\u0103rbat, \u00een v\u00e2rst\u0103 de 65 de ani, \u0219i-a pierdut via\u021ba \u00eentr-un incendiu violent care a izbucnit \u00een gospod\u0103ria sa. So\u021bia acestuia a reu\u0219it s\u0103 ias\u0103 la timp din cas\u0103. Tragedia a avut loc azi-noapte, \u00een localitatea Singureni. La fa\u021ba locului s-au deplasat pompierii din cadrul Sec\u021biei Mih\u0103ile\u0219ti, Punctului de Lucru C\u0103lug\u0103reni \u0219i Deta\u0219amentului Giurgiu, [&hellip;]<\/p>\n","protected":false},"author":1,"featured_media":92264,"comment_status":"open","ping_status":"open","sticky":false,"template":"","format":"standard","meta":{"slim_seo":{"title":"Un b\u0103rbat din Sigureni a murit \u00een incendiul care i-a cuprins casa - GIURGIU NET","description":"Un b\u0103rbat, \u00een v\u00e2rst\u0103 de 65 de ani, \u0219i-a pierdut via\u021ba \u00eentr-un incendiu violent care a izbucnit \u00een gospod\u0103ria sa. So\u021bia acestuia a reu\u0219it s\u0103 ias\u0103 la timp din cas"},"footnotes":""},"categories":[18,26,1],"tags":[1452],"class_list":{"0":"post-92263","1":"post","2":"type-post","3":"status-publish","4":"format-standard","5":"has-post-thumbnail","7":"category-actual","8":"category-soc","9":"category-uncategorized","10":"tag-isu-giurgiu"},"_links":{"self":[{"href":"https:\/\/giurgiu-net.ro\/index.php\/wp-json\/wp\/v2\/posts\/92263","targetHints":{"allow":["GET"]}}],"collection":[{"href":"https:\/\/giurgiu-net.ro\/index.php\/wp-json\/wp\/v2\/posts"}],"about":[{"href":"https:\/\/giurgiu-net.ro\/index.php\/wp-json\/wp\/v2\/types\/post"}],"author":[{"embeddable":true,"href":"https:\/\/giurgiu-net.ro\/index.php\/wp-json\/wp\/v2\/users\/1"}],"replies":[{"embeddable":true,"href":"https:\/\/giurgiu-net.ro\/index.php\/wp-json\/wp\/v2\/comments?post=92263"}],"version-history":[{"count":0,"href":"https:\/\/giurgiu-net.ro\/index.php\/wp-json\/wp\/v2\/posts\/92263\/revisions"}],"wp:featuredmedia":[{"embeddable":true,"href":"https:\/\/giurgiu-net.ro\/index.php\/wp-json\/wp\/v2\/media\/92264"}],"wp:attachment":[{"href":"https:\/\/giurgiu-net.ro\/index.php\/wp-json\/wp\/v2\/media?parent=92263"}],"wp:term":[{"taxonomy":"category","embeddable":true,"href":"https:\/\/giurgiu-net.ro\/index.php\/wp-json\/wp\/v2\/categories?post=92263"},{"taxonomy":"post_tag","embeddable":true,"href":"https:\/\/giurgiu-net.ro\/index.php\/wp-json\/wp\/v2\/tags?post=92263"}],"curies":[{"name":"wp","href":"https:\/\/api.w.org\/{rel}","templated":true}]}}